{"id":76462,"date":"2018-03-09T23:21:51","date_gmt":"2018-03-09T23:21:51","guid":{"rendered":"https:\/\/www.deberes.net\/tesis\/sin-categoria\/estudio-magnetotelurico-de-la-zona-de-llucmajor-mallorca-avances-en-el-proceso-de-datos-y-modelo-3d\/"},"modified":"2018-03-09T23:21:51","modified_gmt":"2018-03-09T23:21:51","slug":"estudio-magnetotelurico-de-la-zona-de-llucmajor-mallorca-avances-en-el-proceso-de-datos-y-modelo-3d","status":"publish","type":"post","link":"https:\/\/www.deberes.net\/tesis\/barcelona\/estudio-magnetotelurico-de-la-zona-de-llucmajor-mallorca-avances-en-el-proceso-de-datos-y-modelo-3d\/","title":{"rendered":"Estudio magnetotel\u00farico de la zona de llucmajor (mallorca). avances en el proceso de datos y modelo 3d"},"content":{"rendered":"<h2>Tesis doctoral de <strong> Claudia Arango Galvan <\/strong><\/h2>\n<p>Al sur de la ciudad de llucmajor (mallorca) aparecen unas evidencias de termalismo local, manifestado como una temperatura an\u00f3malamente alta del agua extra\u00edda en algunos pozos. El m\u00e9todo audiomagnetotel\u00farico (amt) ha demostrado ser una t\u00e9cnica adecuada y de creciente inter\u00e9s para realizar estudios geol\u00f3gicos someros y hidrogeol\u00f3gicos (p.Ej. Hautot et al., 2002) y sobre todo en problemas geot\u00e9rmicos. Su empleo se ha incrementado en los \u00faltimos quince a\u00f1os como consecuencia de la mejora de la instrumentaci\u00f3n y del procesado. sin embargo esta t\u00e9cnica presenta una dificultad inherente a las prospecciones mangetotel\u00faricas de car\u00e1cter somero: la se\u00f1al natural empleada como fuente muestra un m\u00ednimo alrededor de las altas frecuencias. esta tesis se centra en dos aspectos del m\u00e9todo audiomagnetotel\u00farico: uno metodol\u00f3gico donde se propone un nuevo esquema de procesado que responda a la problem\u00e1tica de la banda muerta y otro aplicado, para obtener la estructura geoel\u00e9ctrica 3d correspondiente a la zona de llucmajor (majorca).     el primer objetivo es el desarrollo un algoritmo de proceso de datos magnetotel\u00faricos basado en la transformada ondicular (transformada wavelet). La t\u00e9cnica se basa en la capacidad de esta transformada para descomponer la se\u00f1al en sus contribuciones tanto en el dominio espectral como en el temporal, lo que facilita la detecci\u00f3n de aquellos segmentos temporales en los cuales la se\u00f1al presenta una mayor amplitud. Finalmente, para evaluar la efectividad del m\u00e9todo, se establece una comparaci\u00f3n con el esquema b\u00e1sico de estimaci\u00f3n del tensor de impedancias.     el objetivo aplicado corresponde a la elaboraci\u00f3n de un modelo geoel\u00e9ctrico tridimensional de una zona al sur de la ciudad de llucmajor para caracterizar el acu\u00edfero que presenta la anomal\u00eda geot\u00e9rmica. En la construcci\u00f3n del modelo se han empleado como respuestas magnetotel\u00faricas las curvas de resistividad aparente y fase del determinante del tensor de im<\/p>\n<p>&nbsp;<\/p>\n<h3>Datos acad\u00e9micos de la tesis doctoral \u00ab<strong>Estudio magnetotel\u00farico de la zona de llucmajor (mallorca). avances en el proceso de datos y modelo 3d<\/strong>\u00ab<\/h3>\n<ul>\n<li><strong>T\u00edtulo de la tesis:<\/strong>\u00a0 Estudio magnetotel\u00farico de la zona de llucmajor (mallorca). avances en el proceso de datos y modelo 3d <\/li>\n<li><strong>Autor:<\/strong>\u00a0 Claudia Arango Galvan <\/li>\n<li><strong>Universidad:<\/strong>\u00a0 Barcelona<\/li>\n<li><strong>Fecha de lectura de la tesis:<\/strong>\u00a0 30\/09\/2005<\/li>\n<\/ul>\n<p>&nbsp;<\/p>\n<h3>Direcci\u00f3n y tribunal<\/h3>\n<ul>\n<li><strong>Director de la tesis<\/strong>\n<ul>\n<li>Alejandro Marcuello Pascual<\/li>\n<\/ul>\n<\/li>\n<li><strong>Tribunal<\/strong>\n<ul>\n<li>Presidente del tribunal: Luis gonzaga Pujades beneit <\/li>\n<li>bernadi Gelabert ferrer (vocal)<\/li>\n<li>pilar Queralt capdevila (vocal)<\/li>\n<li>xavier Garcia Martinez (vocal)<\/li>\n<\/ul>\n<\/li>\n<\/ul>\n<p>&nbsp;<\/p>\n","protected":false},"excerpt":{"rendered":"<p>Tesis doctoral de Claudia Arango Galvan Al sur de la ciudad de llucmajor (mallorca) aparecen unas evidencias de termalismo local, [&hellip;]<\/p>\n","protected":false},"author":1,"featured_media":0,"comment_status":"open","ping_status":"open","sticky":false,"template":"","format":"standard","meta":{"site-sidebar-layout":"default","site-content-layout":"","ast-site-content-layout":"","site-content-style":"default","site-sidebar-style":"default","ast-global-header-display":"","ast-banner-title-visibility":"","ast-main-header-display":"","ast-hfb-above-header-display":"","ast-hfb-below-header-display":"","ast-hfb-mobile-header-display":"","site-post-title":"","ast-breadcrumbs-content":"","ast-featured-img":"","footer-sml-layout":"","theme-transparent-header-meta":"","adv-header-id-meta":"","stick-header-meta":"","header-above-stick-meta":"","header-main-stick-meta":"","header-below-stick-meta":"","astra-migrate-meta-layouts":"default","ast-page-background-enabled":"default","ast-page-background-meta":{"desktop":{"background-color":"var(--ast-global-color-4)","background-image":"","background-repeat":"repeat","background-position":"center center","background-size":"auto","background-attachment":"scroll","background-type":"","background-media":"","overlay-type":"","overlay-color":"","overlay-gradient":""},"tablet":{"background-color":"","background-image":"","background-repeat":"repeat","background-position":"center center","background-size":"auto","background-attachment":"scroll","background-type":"","background-media":"","overlay-type":"","overlay-color":"","overlay-gradient":""},"mobile":{"background-color":"","background-image":"","background-repeat":"repeat","background-position":"center center","background-size":"auto","background-attachment":"scroll","background-type":"","background-media":"","overlay-type":"","overlay-color":"","overlay-gradient":""}},"ast-content-background-meta":{"desktop":{"background-color":"var(--ast-global-color-5)","background-image":"","background-repeat":"repeat","background-position":"center center","background-size":"auto","background-attachment":"scroll","background-type":"","background-media":"","overlay-type":"","overlay-color":"","overlay-gradient":""},"tablet":{"background-color":"var(--ast-global-color-5)","background-image":"","background-repeat":"repeat","background-position":"center center","background-size":"auto","background-attachment":"scroll","background-type":"","background-media":"","overlay-type":"","overlay-color":"","overlay-gradient":""},"mobile":{"background-color":"var(--ast-global-color-5)","background-image":"","background-repeat":"repeat","background-position":"center center","background-size":"auto","background-attachment":"scroll","background-type":"","background-media":"","overlay-type":"","overlay-color":"","overlay-gradient":""}},"footnotes":""},"categories":[951,1033],"tags":[164962,164963,164961,46807,118659,164964],"class_list":["post-76462","post","type-post","status-publish","format-standard","hentry","category-barcelona","category-geofisica","tag-alejandro-marcuello-pascual","tag-bernadi-gelabert-ferrer","tag-claudia-arango-galvan","tag-luis-gonzaga-pujades-beneit","tag-pilar-queralt-capdevila","tag-xavier-garcia-Martinez"],"_links":{"self":[{"href":"https:\/\/www.deberes.net\/tesis\/wp-json\/wp\/v2\/posts\/76462","targetHints":{"allow":["GET"]}}],"collection":[{"href":"https:\/\/www.deberes.net\/tesis\/wp-json\/wp\/v2\/posts"}],"about":[{"href":"https:\/\/www.deberes.net\/tesis\/wp-json\/wp\/v2\/types\/post"}],"author":[{"embeddable":true,"href":"https:\/\/www.deberes.net\/tesis\/wp-json\/wp\/v2\/users\/1"}],"replies":[{"embeddable":true,"href":"https:\/\/www.deberes.net\/tesis\/wp-json\/wp\/v2\/comments?post=76462"}],"version-history":[{"count":0,"href":"https:\/\/www.deberes.net\/tesis\/wp-json\/wp\/v2\/posts\/76462\/revisions"}],"wp:attachment":[{"href":"https:\/\/www.deberes.net\/tesis\/wp-json\/wp\/v2\/media?parent=76462"}],"wp:term":[{"taxonomy":"category","embeddable":true,"href":"https:\/\/www.deberes.net\/tesis\/wp-json\/wp\/v2\/categories?post=76462"},{"taxonomy":"post_tag","embeddable":true,"href":"https:\/\/www.deberes.net\/tesis\/wp-json\/wp\/v2\/tags?post=76462"}],"curies":[{"name":"wp","href":"https:\/\/api.w.org\/{rel}","templated":true}]}}