{"id":76474,"date":"2018-03-09T23:21:51","date_gmt":"2018-03-09T23:21:51","guid":{"rendered":"https:\/\/www.deberes.net\/tesis\/sin-categoria\/formacion-profesional-orientacion-e-insercion-laboral-del-alumnado-de-los-ciclos-formativos-de-grado-medio\/"},"modified":"2018-03-09T23:21:51","modified_gmt":"2018-03-09T23:21:51","slug":"formacion-profesional-orientacion-e-insercion-laboral-del-alumnado-de-los-ciclos-formativos-de-grado-medio","status":"publish","type":"post","link":"https:\/\/www.deberes.net\/tesis\/pedagogia\/formacion-profesional-orientacion-e-insercion-laboral-del-alumnado-de-los-ciclos-formativos-de-grado-medio\/","title":{"rendered":"Formaci\u00f3n profesional, orientaci\u00f3n e inserci\u00f3n laboral del alumnado de los ciclos formativos de grado medio"},"content":{"rendered":"<h2>Tesis doctoral de <strong> Germ\u00e1n Gil Rodr\u00edguez <\/strong><\/h2>\n<p>La tesis constituye una reflexi\u00f3n sobre los marcos factores que intervienen en el proceso de inserci\u00f3n laboral (el trabajo, la educaci\u00f3n, la orientaci\u00f3n laboral y los j\u00f3venes) que se complementan con el trabajo emp\u00edrico: el seguimiento realizado a los j\u00f3venes de dos centros educativos de la misma comarca geogr\u00e1fica pero con caracter\u00edsticas diferentes: p\u00fablico\/privado, ciudad y pueblo.  desde una perspectiva hist\u00f3rica ha sido analizada la funci\u00f3n social que el trabajo ha tenido y los cambios que se han producido desde la crisis econ\u00f3mica de 1973. El desempleo, escaso, es analizado como una consecuencia estructural del propio sistema mientras que el mercado de trabajo en espa\u00f1a ha sido analizado en el marco de la econom\u00eda globalizada que presenta una se\u00f1as de identidad propias como la flexibilidad, la temporalidad, la precarizaci\u00f3n y una fuerte siniestralidad.  el an\u00e1lisis de la formaci\u00f3n profesional en espa\u00f1a ha sido realizado desde la perspectiva del proceso de democratizaci\u00f3n pol\u00edtica e integraci\u00f3n de espa\u00f1a en las instituciones internacionales y el proceso de implantaci\u00f3n de la formaci\u00f3n profesional espec\u00edfica en la comunidad Valenciana incidiendo en las contradicciones que ser producen entre la concepci\u00f3n teor\u00eda y el modelo de implantaci\u00f3n de la misma.  tambi\u00e9n han sido objeto de an\u00e1lisis los j\u00f3venes, sus caracter\u00edsticas y las dificultades laborales para construir su futuro aut\u00f3nomo as\u00ed como la orientaci\u00f3n acad\u00e9mica ay profesional que se realiza en los centros educativos, las estructuras de apoyo a la orientaci\u00f3n y los servicios de orientaci\u00f3n p\u00fablicos.  el seguimiento se ha realizado a los j\u00f3venes matriculados en los ciclos formativos de grado medio en los cursos acad\u00e9micos (1998\/1999 al 2000\/2001). un seguimiento personalizado durante el proceso de permanencia en el centro educativo y el primer a\u00f1o de la inserci\u00f3n laboral constituye una de las aportaciones significativas de la tesis. P<\/p>\n<p>&nbsp;<\/p>\n<h3>Datos acad\u00e9micos de la tesis doctoral \u00ab<strong>Formaci\u00f3n profesional, orientaci\u00f3n e inserci\u00f3n laboral del alumnado de los ciclos formativos de grado medio<\/strong>\u00ab<\/h3>\n<ul>\n<li><strong>T\u00edtulo de la tesis:<\/strong>\u00a0 Formaci\u00f3n profesional, orientaci\u00f3n e inserci\u00f3n laboral del alumnado de los ciclos formativos de grado medio <\/li>\n<li><strong>Autor:<\/strong>\u00a0 Germ\u00e1n Gil Rodr\u00edguez <\/li>\n<li><strong>Universidad:<\/strong>\u00a0 Universitat de val\u00e9ncia (estudi general)<\/li>\n<li><strong>Fecha de lectura de la tesis:<\/strong>\u00a0 30\/09\/2005<\/li>\n<\/ul>\n<p>&nbsp;<\/p>\n<h3>Direcci\u00f3n y tribunal<\/h3>\n<ul>\n<li><strong>Director de la tesis<\/strong>\n<ul>\n<li>Fernando Marhuenda Fluixa<\/li>\n<\/ul>\n<\/li>\n<li><strong>Tribunal<\/strong>\n<ul>\n<li>Presidente del tribunal: jose Gimeno sacristan <\/li>\n<li>Manuel Mart\u00edn serrano (vocal)<\/li>\n<li>olivia Velarde hermida (vocal)<\/li>\n<li>Jes\u00fas Hern\u00e1ndez aristu (vocal)<\/li>\n<\/ul>\n<\/li>\n<\/ul>\n<p>&nbsp;<\/p>\n","protected":false},"excerpt":{"rendered":"<p>Tesis doctoral de Germ\u00e1n Gil Rodr\u00edguez La tesis constituye una reflexi\u00f3n sobre los marcos factores que intervienen en el proceso [&hellip;]<\/p>\n","protected":false},"author":1,"featured_media":0,"comment_status":"open","ping_status":"open","sticky":false,"template":"","format":"standard","meta":{"site-sidebar-layout":"default","site-content-layout":"","ast-site-content-layout":"","site-content-style":"default","site-sidebar-style":"default","ast-global-header-display":"","ast-banner-title-visibility":"","ast-main-header-display":"","ast-hfb-above-header-display":"","ast-hfb-below-header-display":"","ast-hfb-mobile-header-display":"","site-post-title":"","ast-breadcrumbs-content":"","ast-featured-img":"","footer-sml-layout":"","theme-transparent-header-meta":"","adv-header-id-meta":"","stick-header-meta":"","header-above-stick-meta":"","header-main-stick-meta":"","header-below-stick-meta":"","astra-migrate-meta-layouts":"default","ast-page-background-enabled":"default","ast-page-background-meta":{"desktop":{"background-color":"var(--ast-global-color-4)","background-image":"","background-repeat":"repeat","background-position":"center center","background-size":"auto","background-attachment":"scroll","background-type":"","background-media":"","overlay-type":"","overlay-color":"","overlay-gradient":""},"tablet":{"background-color":"","background-image":"","background-repeat":"repeat","background-position":"center center","background-size":"auto","background-attachment":"scroll","background-type":"","background-media":"","overlay-type":"","overlay-color":"","overlay-gradient":""},"mobile":{"background-color":"","background-image":"","background-repeat":"repeat","background-position":"center center","background-size":"auto","background-attachment":"scroll","background-type":"","background-media":"","overlay-type":"","overlay-color":"","overlay-gradient":""}},"ast-content-background-meta":{"desktop":{"background-color":"var(--ast-global-color-5)","background-image":"","background-repeat":"repeat","background-position":"center center","background-size":"auto","background-attachment":"scroll","background-type":"","background-media":"","overlay-type":"","overlay-color":"","overlay-gradient":""},"tablet":{"background-color":"var(--ast-global-color-5)","background-image":"","background-repeat":"repeat","background-position":"center center","background-size":"auto","background-attachment":"scroll","background-type":"","background-media":"","overlay-type":"","overlay-color":"","overlay-gradient":""},"mobile":{"background-color":"var(--ast-global-color-5)","background-image":"","background-repeat":"repeat","background-position":"center center","background-size":"auto","background-attachment":"scroll","background-type":"","background-media":"","overlay-type":"","overlay-color":"","overlay-gradient":""}},"footnotes":""},"categories":[1183,7611,1184,1141],"tags":[60829,164987,48580,7484,4922,48583],"class_list":["post-76474","post","type-post","status-publish","format-standard","hentry","category-formacion-profesional","category-organizacion-y-direccion-de-las-instituciones-educativas","category-organizacion-y-planificacion-de-la-educacion","category-pedagogia","tag-fernando-marhuenda-fluixa","tag-german-gil-rodriguez","tag-jesus-hernandez-aristu","tag-jose-gimeno-sacristan","tag-manuel-martin-serrano","tag-olivia-velarde-hermida"],"_links":{"self":[{"href":"https:\/\/www.deberes.net\/tesis\/wp-json\/wp\/v2\/posts\/76474","targetHints":{"allow":["GET"]}}],"collection":[{"href":"https:\/\/www.deberes.net\/tesis\/wp-json\/wp\/v2\/posts"}],"about":[{"href":"https:\/\/www.deberes.net\/tesis\/wp-json\/wp\/v2\/types\/post"}],"author":[{"embeddable":true,"href":"https:\/\/www.deberes.net\/tesis\/wp-json\/wp\/v2\/users\/1"}],"replies":[{"embeddable":true,"href":"https:\/\/www.deberes.net\/tesis\/wp-json\/wp\/v2\/comments?post=76474"}],"version-history":[{"count":0,"href":"https:\/\/www.deberes.net\/tesis\/wp-json\/wp\/v2\/posts\/76474\/revisions"}],"wp:attachment":[{"href":"https:\/\/www.deberes.net\/tesis\/wp-json\/wp\/v2\/media?parent=76474"}],"wp:term":[{"taxonomy":"category","embeddable":true,"href":"https:\/\/www.deberes.net\/tesis\/wp-json\/wp\/v2\/categories?post=76474"},{"taxonomy":"post_tag","embeddable":true,"href":"https:\/\/www.deberes.net\/tesis\/wp-json\/wp\/v2\/tags?post=76474"}],"curies":[{"name":"wp","href":"https:\/\/api.w.org\/{rel}","templated":true}]}}