{"id":76477,"date":"2018-03-09T23:21:51","date_gmt":"2018-03-09T23:21:51","guid":{"rendered":"https:\/\/www.deberes.net\/tesis\/sin-categoria\/la-integracion-de-la-actividad-administrativa-en-la-union-europea\/"},"modified":"2018-03-09T23:21:51","modified_gmt":"2018-03-09T23:21:51","slug":"la-integracion-de-la-actividad-administrativa-en-la-union-europea","status":"publish","type":"post","link":"https:\/\/www.deberes.net\/tesis\/ciencias-juridicas-y-derecho\/la-integracion-de-la-actividad-administrativa-en-la-union-europea\/","title":{"rendered":"La integraci\u00f3n de la actividad administrativa en la union europea"},"content":{"rendered":"<h2>Tesis doctoral de <strong>  Vives Arlandis Mar\u00eda  Eugenia <\/strong><\/h2>\n<p>El objeto de esta investigaci\u00f3n se centra en la actividad administrativa que conlleva la ejecuci\u00f3n del derecho comunitario.  la investigaci\u00f3n realizada parte del vigente sistema de ejecuci\u00f3n administrativa comunitaria. Se expone el contexto del que partimos en toda su diversidad. se analizan los distintos aspectos que conforman la estructura jur\u00eddica de los sistemas administrativos de todos los estados miembros de la uni\u00f3n europea y de lo que podemos considerar hoy como \u00absistema administrativo de la uni\u00f3n europea\u00bb.  de este modo, bas\u00e1ndonos en la estructura juridico-administrativa vigente, en la pr\u00e1ctica y experiencia acumuladas y en aras a garantizar principios tan esenciales como los de seguridad jur\u00eddica y uniforme aplicaci\u00f3n de las normas, sobre los que se sustenta y legitima la estructura comunitaria, se propone un replanteamiento global del sistema administrativo comunitario, que implicar\u00eda:  &#8211; un reconocimiento normativo de la administraci\u00f3n comunitaria y  &#8211; la incorporaci\u00f3n de una norma procedimental administrativa comunitaria de car\u00e1cter b\u00e1sico, que sea comun a todas las estructuras que actuen en ejercicio de competencias comunitarias y que contribuya al logro de una mayor homogeneidad e integraci\u00f3n de la ejecuci\u00f3n administrativa del derecho comunitario en los veinticinco estados miembros.<\/p>\n<p>&nbsp;<\/p>\n<h3>Datos acad\u00e9micos de la tesis doctoral \u00ab<strong>La integraci\u00f3n de la actividad administrativa en la union europea<\/strong>\u00ab<\/h3>\n<ul>\n<li><strong>T\u00edtulo de la tesis:<\/strong>\u00a0 La integraci\u00f3n de la actividad administrativa en la union europea <\/li>\n<li><strong>Autor:<\/strong>\u00a0  Vives Arlandis Mar\u00eda  Eugenia <\/li>\n<li><strong>Universidad:<\/strong>\u00a0 Universitat de val\u00e9ncia (estudi general)<\/li>\n<li><strong>Fecha de lectura de la tesis:<\/strong>\u00a0 30\/09\/2005<\/li>\n<\/ul>\n<p>&nbsp;<\/p>\n<h3>Direcci\u00f3n y tribunal<\/h3>\n<ul>\n<li><strong>Director de la tesis<\/strong>\n<ul>\n<li> Climent Barbera Juan  Ubaldo<\/li>\n<\/ul>\n<\/li>\n<li><strong>Tribunal<\/strong>\n<ul>\n<li>Presidente del tribunal: rafael G\u00f3mez-ferrer morant <\/li>\n<li>german Valencia martin (vocal)<\/li>\n<li>Jorge Cardona llorens (vocal)<\/li>\n<li>gabriel Domenech pascual (vocal)<\/li>\n<\/ul>\n<\/li>\n<\/ul>\n<p>&nbsp;<\/p>\n","protected":false},"excerpt":{"rendered":"<p>Tesis doctoral de Vives Arlandis Mar\u00eda Eugenia El objeto de esta investigaci\u00f3n se centra en la actividad administrativa que conlleva [&hellip;]<\/p>\n","protected":false},"author":1,"featured_media":0,"comment_status":"open","ping_status":"open","sticky":false,"template":"","format":"standard","meta":{"site-sidebar-layout":"default","site-content-layout":"","ast-site-content-layout":"","site-content-style":"default","site-sidebar-style":"default","ast-global-header-display":"","ast-banner-title-visibility":"","ast-main-header-display":"","ast-hfb-above-header-display":"","ast-hfb-below-header-display":"","ast-hfb-mobile-header-display":"","site-post-title":"","ast-breadcrumbs-content":"","ast-featured-img":"","footer-sml-layout":"","theme-transparent-header-meta":"","adv-header-id-meta":"","stick-header-meta":"","header-above-stick-meta":"","header-main-stick-meta":"","header-below-stick-meta":"","astra-migrate-meta-layouts":"default","ast-page-background-enabled":"default","ast-page-background-meta":{"desktop":{"background-color":"var(--ast-global-color-4)","background-image":"","background-repeat":"repeat","background-position":"center center","background-size":"auto","background-attachment":"scroll","background-type":"","background-media":"","overlay-type":"","overlay-color":"","overlay-gradient":""},"tablet":{"background-color":"","background-image":"","background-repeat":"repeat","background-position":"center center","background-size":"auto","background-attachment":"scroll","background-type":"","background-media":"","overlay-type":"","overlay-color":"","overlay-gradient":""},"mobile":{"background-color":"","background-image":"","background-repeat":"repeat","background-position":"center center","background-size":"auto","background-attachment":"scroll","background-type":"","background-media":"","overlay-type":"","overlay-color":"","overlay-gradient":""}},"ast-content-background-meta":{"desktop":{"background-color":"var(--ast-global-color-5)","background-image":"","background-repeat":"repeat","background-position":"center center","background-size":"auto","background-attachment":"scroll","background-type":"","background-media":"","overlay-type":"","overlay-color":"","overlay-gradient":""},"tablet":{"background-color":"var(--ast-global-color-5)","background-image":"","background-repeat":"repeat","background-position":"center center","background-size":"auto","background-attachment":"scroll","background-type":"","background-media":"","overlay-type":"","overlay-color":"","overlay-gradient":""},"mobile":{"background-color":"var(--ast-global-color-5)","background-image":"","background-repeat":"repeat","background-position":"center center","background-size":"auto","background-attachment":"scroll","background-type":"","background-media":"","overlay-type":"","overlay-color":"","overlay-gradient":""}},"footnotes":""},"categories":[612,1442,979],"tags":[26162,71248,66297,11448,3455,164993],"class_list":["post-76477","post","type-post","status-publish","format-standard","hentry","category-ciencias-juridicas-y-derecho","category-derecho-administrativo","category-derecho-y-legislacion-nacionales","tag-climent-barbera-juan-ubaldo","tag-gabriel-domenech-pascual","tag-german-valencia-martin","tag-jorge-cardona-llorens","tag-rafael-gomez-ferrer-morant","tag-vives-arlandis-maria-eugenia"],"_links":{"self":[{"href":"https:\/\/www.deberes.net\/tesis\/wp-json\/wp\/v2\/posts\/76477","targetHints":{"allow":["GET"]}}],"collection":[{"href":"https:\/\/www.deberes.net\/tesis\/wp-json\/wp\/v2\/posts"}],"about":[{"href":"https:\/\/www.deberes.net\/tesis\/wp-json\/wp\/v2\/types\/post"}],"author":[{"embeddable":true,"href":"https:\/\/www.deberes.net\/tesis\/wp-json\/wp\/v2\/users\/1"}],"replies":[{"embeddable":true,"href":"https:\/\/www.deberes.net\/tesis\/wp-json\/wp\/v2\/comments?post=76477"}],"version-history":[{"count":0,"href":"https:\/\/www.deberes.net\/tesis\/wp-json\/wp\/v2\/posts\/76477\/revisions"}],"wp:attachment":[{"href":"https:\/\/www.deberes.net\/tesis\/wp-json\/wp\/v2\/media?parent=76477"}],"wp:term":[{"taxonomy":"category","embeddable":true,"href":"https:\/\/www.deberes.net\/tesis\/wp-json\/wp\/v2\/categories?post=76477"},{"taxonomy":"post_tag","embeddable":true,"href":"https:\/\/www.deberes.net\/tesis\/wp-json\/wp\/v2\/tags?post=76477"}],"curies":[{"name":"wp","href":"https:\/\/api.w.org\/{rel}","templated":true}]}}