{"id":76491,"date":"2018-03-09T23:21:51","date_gmt":"2018-03-09T23:21:51","guid":{"rendered":"https:\/\/www.deberes.net\/tesis\/sin-categoria\/la-etica-ecologica-como-etica-aplicada-un-enfoque-desde-la-etica-discursiva\/"},"modified":"2018-03-09T23:21:51","modified_gmt":"2018-03-09T23:21:51","slug":"la-etica-ecologica-como-etica-aplicada-un-enfoque-desde-la-etica-discursiva","status":"publish","type":"post","link":"https:\/\/www.deberes.net\/tesis\/etica\/la-etica-ecologica-como-etica-aplicada-un-enfoque-desde-la-etica-discursiva\/","title":{"rendered":"La etica ecologica como etica aplicada. un enfoque desde la etica discursiva."},"content":{"rendered":"<h2>Tesis doctoral de <strong> Mar\u00eda  Carmen Ferrete Sarria <\/strong><\/h2>\n<p>La pretensi\u00f3n de esta tesis es presentar y justificar las coordenadas b\u00e1sicas de una \u00e9tica ecol\u00f3gica entendida como una \u00e9tica aplicada con pretensi\u00f3n universalista, posibilitada por el marco conceptual de una nueva \u00e9tica del discurso y con la incorporaci\u00f3n de la perspectiva de g\u00e9nero a la problem\u00e1tica ambiental. Para ello trata, primero, de mostrar la necesidad y posibilidad de una \u00e9tica ecol\u00f3gica capaz de enfrentarse a estos nuevos retos. Y la hip\u00f3tesis de trabajo es que es posible delimitar los rasgos b\u00e1sicos de una \u00e9tica ecol\u00f3gica dentro del marco conceptual de la \u00e9tica del discurso que pueda dar una justificaci\u00f3n racional de la responsabilidad humana hacia el medio ambiente, en general, y hacia otros seres no humanos. Para a continuaci\u00f3n, presentar y justificar racionalmente un concepto amplio de responsabilidad ecol\u00f3gica que pueda actuar a modo de horizonte en nuestras decisiones y actuaciones con repercusi\u00f3n en el medio ambiente. Un horizonte que se abre a la raz\u00f3n experiencial desde una mirada feminista, porque ha incorporado algunas de las aportaciones de las teor\u00edas ecofeministas que permiten interrogar la realidad ambiental en toda su complejidad, sin la necesidad de salir del paradigma dial\u00f3gico. La propuesta final de \u00e9tica ecol\u00f3gica entendida como una \u00e9tica aplicada consiste en un conjunto de supuestos b\u00e1sicos que constituyen el marco de aplicaci\u00f3n del principio de responsabilidad ecol\u00f3gica formulado.<\/p>\n<p>&nbsp;<\/p>\n<h3>Datos acad\u00e9micos de la tesis doctoral \u00ab<strong>La etica ecologica como etica aplicada. un enfoque desde la etica discursiva.<\/strong>\u00ab<\/h3>\n<ul>\n<li><strong>T\u00edtulo de la tesis:<\/strong>\u00a0 La etica ecologica como etica aplicada. un enfoque desde la etica discursiva. <\/li>\n<li><strong>Autor:<\/strong>\u00a0 Mar\u00eda  Carmen Ferrete Sarria <\/li>\n<li><strong>Universidad:<\/strong>\u00a0 Jaume i de castell\u00f3n<\/li>\n<li><strong>Fecha de lectura de la tesis:<\/strong>\u00a0 30\/09\/2005<\/li>\n<\/ul>\n<p>&nbsp;<\/p>\n<h3>Direcci\u00f3n y tribunal<\/h3>\n<ul>\n<li><strong>Director de la tesis<\/strong>\n<ul>\n<li>Domingo Garcia Marza<\/li>\n<\/ul>\n<\/li>\n<li><strong>Tribunal<\/strong>\n<ul>\n<li>Presidente del tribunal: adela Cortina orts <\/li>\n<li>salvador Cabedo manuel (vocal)<\/li>\n<li>Jos\u00e9 Mar\u00eda Garc\u00eda g\u00f3mez-heras (vocal)<\/li>\n<li>elsa Gonzalez esteban (vocal)<\/li>\n<\/ul>\n<\/li>\n<\/ul>\n<p>&nbsp;<\/p>\n","protected":false},"excerpt":{"rendered":"<p>Tesis doctoral de Mar\u00eda Carmen Ferrete Sarria La pretensi\u00f3n de esta tesis es presentar y justificar las coordenadas b\u00e1sicas de [&hellip;]<\/p>\n","protected":false},"author":1,"featured_media":0,"comment_status":"open","ping_status":"open","sticky":false,"template":"","format":"standard","meta":{"site-sidebar-layout":"default","site-content-layout":"","ast-site-content-layout":"","site-content-style":"default","site-sidebar-style":"default","ast-global-header-display":"","ast-banner-title-visibility":"","ast-main-header-display":"","ast-hfb-above-header-display":"","ast-hfb-below-header-display":"","ast-hfb-mobile-header-display":"","site-post-title":"","ast-breadcrumbs-content":"","ast-featured-img":"","footer-sml-layout":"","theme-transparent-header-meta":"","adv-header-id-meta":"","stick-header-meta":"","header-above-stick-meta":"","header-main-stick-meta":"","header-below-stick-meta":"","astra-migrate-meta-layouts":"default","ast-page-background-enabled":"default","ast-page-background-meta":{"desktop":{"background-color":"var(--ast-global-color-4)","background-image":"","background-repeat":"repeat","background-position":"center center","background-size":"auto","background-attachment":"scroll","background-type":"","background-media":"","overlay-type":"","overlay-color":"","overlay-gradient":""},"tablet":{"background-color":"","background-image":"","background-repeat":"repeat","background-position":"center center","background-size":"auto","background-attachment":"scroll","background-type":"","background-media":"","overlay-type":"","overlay-color":"","overlay-gradient":""},"mobile":{"background-color":"","background-image":"","background-repeat":"repeat","background-position":"center center","background-size":"auto","background-attachment":"scroll","background-type":"","background-media":"","overlay-type":"","overlay-color":"","overlay-gradient":""}},"ast-content-background-meta":{"desktop":{"background-color":"var(--ast-global-color-5)","background-image":"","background-repeat":"repeat","background-position":"center center","background-size":"auto","background-attachment":"scroll","background-type":"","background-media":"","overlay-type":"","overlay-color":"","overlay-gradient":""},"tablet":{"background-color":"var(--ast-global-color-5)","background-image":"","background-repeat":"repeat","background-position":"center center","background-size":"auto","background-attachment":"scroll","background-type":"","background-media":"","overlay-type":"","overlay-color":"","overlay-gradient":""},"mobile":{"background-color":"var(--ast-global-color-5)","background-image":"","background-repeat":"repeat","background-position":"center center","background-size":"auto","background-attachment":"scroll","background-type":"","background-media":"","overlay-type":"","overlay-color":"","overlay-gradient":""}},"footnotes":""},"categories":[8646,25866,17875,8647,17874,18725],"tags":[12012,48061,48060,18379,165018,32713],"class_list":["post-76491","post","type-post","status-publish","format-standard","hentry","category-etica","category-etica-clasica","category-etica-de-grupo","category-etica-de-individuos","category-etica-economica","category-jaume-i-de-castellon","tag-adela-cortina-orts","tag-domingo-garcia-marza","tag-elsa-gonzalez-esteban","tag-jose-maria-garcia-gomez-heras","tag-maria-carmen-ferrete-sarria","tag-salvador-cabedo-manuel"],"_links":{"self":[{"href":"https:\/\/www.deberes.net\/tesis\/wp-json\/wp\/v2\/posts\/76491","targetHints":{"allow":["GET"]}}],"collection":[{"href":"https:\/\/www.deberes.net\/tesis\/wp-json\/wp\/v2\/posts"}],"about":[{"href":"https:\/\/www.deberes.net\/tesis\/wp-json\/wp\/v2\/types\/post"}],"author":[{"embeddable":true,"href":"https:\/\/www.deberes.net\/tesis\/wp-json\/wp\/v2\/users\/1"}],"replies":[{"embeddable":true,"href":"https:\/\/www.deberes.net\/tesis\/wp-json\/wp\/v2\/comments?post=76491"}],"version-history":[{"count":0,"href":"https:\/\/www.deberes.net\/tesis\/wp-json\/wp\/v2\/posts\/76491\/revisions"}],"wp:attachment":[{"href":"https:\/\/www.deberes.net\/tesis\/wp-json\/wp\/v2\/media?parent=76491"}],"wp:term":[{"taxonomy":"category","embeddable":true,"href":"https:\/\/www.deberes.net\/tesis\/wp-json\/wp\/v2\/categories?post=76491"},{"taxonomy":"post_tag","embeddable":true,"href":"https:\/\/www.deberes.net\/tesis\/wp-json\/wp\/v2\/tags?post=76491"}],"curies":[{"name":"wp","href":"https:\/\/api.w.org\/{rel}","templated":true}]}}