{"id":76570,"date":"2005-06-10T00:00:00","date_gmt":"2005-06-10T00:00:00","guid":{"rendered":"https:\/\/www.deberes.net\/tesis\/sin-categoria\/medidas-cautelares-personales-en-el-proceso-penal-de-menores\/"},"modified":"2005-06-10T00:00:00","modified_gmt":"2005-06-10T00:00:00","slug":"medidas-cautelares-personales-en-el-proceso-penal-de-menores","status":"publish","type":"post","link":"https:\/\/www.deberes.net\/tesis\/barcelona\/medidas-cautelares-personales-en-el-proceso-penal-de-menores\/","title":{"rendered":"Medidas cautelares personales en el proceso penal de menores"},"content":{"rendered":"<h2>Tesis doctoral de <strong> Jos\u00e9 Portal Manrubia <\/strong><\/h2>\n<p>El presente trabajo tiene por objeto el estudio legislativo, doctrinal y jurisprudencial de las medidas cautelares personales previstas en la ley org\u00e1nica 5\/2000, de 12 de enero, de responsabilidad penal de los menores, as\u00ed como de su reglamento que viene desarrollado por el real decreto 1774\/2004, de 30 de julio. El trabajo pretende denunciar que la voluntad del legislador y de la jurisprudencia es llegar a convertir dichas medidas cautelares en aut\u00e9nticas medidas que podemos denominar de seguridad o de car\u00e1cter predelictual. Por ello, el trabajo intenta analizar las medidas cautelares que establece el legislador en la ley org\u00e1nica de responsabilidad penal de los menores a partir de la teor\u00eda general de las medidas cautelares y preservando la funci\u00f3n tradicional que deben tener las mismas, consistente en asegurar la eficacia del proceso. el trabajo profundiza en derecho comparado, en la convenci\u00f3n sobre los derechos del ni\u00f1o, aprobado por la asamblea general de las naciones unidas de 20 de noviembre de 1989, que es un tratado de aplicaci\u00f3n directa en nuestro pa\u00eds, as\u00ed como en las reglas de beijing, que no deja de ser un texto de referencia para conocer las particularidades que debe tener una legislaci\u00f3n espec\u00edfica de menores. Asimismo, he encontrado interesante analizar dos pa\u00edses como italia y alemania, cuya legislaci\u00f3n de menores tiene caracteres similares a nuestra actual legislaci\u00f3n, y un sistema totalmente distinto al nuestro como es el de inglaterra. la obra se divide en: un desarrollo de la situaci\u00f3n legal hasta la promulgaci\u00f3n de la actual ley y de su reglamento; los \u00e1mbitos objetivo y subjetivo de la aplicaci\u00f3n de las medidas cautelares personales; un inciso sobre los distintos principios del proceso penal (principio acusatorio, de contradicci\u00f3n, de igualdad, libre valoraci\u00f3n de la prueba y el de oralidad) y las particularidades que se observa en el espec\u00edfico proceso penal de menores (inter\u00e9s del menor, tuitivo, de resocializaci\u00f3n), as\u00ed como las incidencias que se advierten en sus medidas cautelares personales; la finalidad de las medidas cautelares personales y sus caracter\u00edsticas, que hacen que las mismas se distingan de las instituciones afines como la citaci\u00f3n, la detenci\u00f3n, la prueba anticipada y el internamiento terap\u00e9utico; los presupuestos que deben observarse para poder decretar las medidas cautelares personales; el procedimiento que viene previsto por el legislador para poder acordarlas, as\u00ed como su impugnaci\u00f3n con la posibilidad de interponer un recurso de reforma; las medidas cautelares personales que vienen previstas, consistentes en: las clases de internamiento cautelar, las medidas adoptables en la libertad vigilada y la convivencia con persona familia o grupo educativo; el alzamiento de la misma, y, por \u00faltimo, la reparaci\u00f3n que puede solicitarse en los casos en que se haya decretado injustamente una medida cautelar personal.<\/p>\n<p>&nbsp;<\/p>\n<h3>Datos acad\u00e9micos de la tesis doctoral \u00ab<strong>Medidas cautelares personales en el proceso penal de menores<\/strong>\u00ab<\/h3>\n<ul>\n<li><strong>T\u00edtulo de la tesis:<\/strong>\u00a0 Medidas cautelares personales en el proceso penal de menores <\/li>\n<li><strong>Autor:<\/strong>\u00a0 Jos\u00e9 Portal Manrubia <\/li>\n<li><strong>Universidad:<\/strong>\u00a0 Barcelona<\/li>\n<li><strong>Fecha de lectura de la tesis:<\/strong>\u00a0 06\/10\/2005<\/li>\n<\/ul>\n<p>&nbsp;<\/p>\n<h3>Direcci\u00f3n y tribunal<\/h3>\n<ul>\n<li><strong>Director de la tesis<\/strong>\n<ul>\n<li>Vicente Perez Daudi<\/li>\n<\/ul>\n<\/li>\n<li><strong>Tribunal<\/strong>\n<ul>\n<li>Presidente del tribunal: manuel Serra dominguez <\/li>\n<li>Jos\u00e9 de los santos Martin ostos (vocal)<\/li>\n<li>Francisco Ramos mendez (vocal)<\/li>\n<li>Manuel Cachon cadenas (vocal)<\/li>\n<\/ul>\n<\/li>\n<\/ul>\n<p>&nbsp;<\/p>\n","protected":false},"excerpt":{"rendered":"<p>Tesis doctoral de Jos\u00e9 Portal Manrubia El presente trabajo tiene por objeto el estudio legislativo, doctrinal y jurisprudencial de las [&hellip;]<\/p>\n","protected":false},"author":1,"featured_media":0,"comment_status":"open","ping_status":"open","sticky":false,"template":"","format":"standard","meta":{"site-sidebar-layout":"default","site-content-layout":"","ast-site-content-layout":"","site-content-style":"default","site-sidebar-style":"default","ast-global-header-display":"","ast-banner-title-visibility":"","ast-main-header-display":"","ast-hfb-above-header-display":"","ast-hfb-below-header-display":"","ast-hfb-mobile-header-display":"","site-post-title":"","ast-breadcrumbs-content":"","ast-featured-img":"","footer-sml-layout":"","theme-transparent-header-meta":"","adv-header-id-meta":"","stick-header-meta":"","header-above-stick-meta":"","header-main-stick-meta":"","header-below-stick-meta":"","astra-migrate-meta-layouts":"default","ast-page-background-enabled":"default","ast-page-background-meta":{"desktop":{"background-color":"var(--ast-global-color-4)","background-image":"","background-repeat":"repeat","background-position":"center center","background-size":"auto","background-attachment":"scroll","background-type":"","background-media":"","overlay-type":"","overlay-color":"","overlay-gradient":""},"tablet":{"background-color":"","background-image":"","background-repeat":"repeat","background-position":"center center","background-size":"auto","background-attachment":"scroll","background-type":"","background-media":"","overlay-type":"","overlay-color":"","overlay-gradient":""},"mobile":{"background-color":"","background-image":"","background-repeat":"repeat","background-position":"center center","background-size":"auto","background-attachment":"scroll","background-type":"","background-media":"","overlay-type":"","overlay-color":"","overlay-gradient":""}},"ast-content-background-meta":{"desktop":{"background-color":"var(--ast-global-color-5)","background-image":"","background-repeat":"repeat","background-position":"center center","background-size":"auto","background-attachment":"scroll","background-type":"","background-media":"","overlay-type":"","overlay-color":"","overlay-gradient":""},"tablet":{"background-color":"var(--ast-global-color-5)","background-image":"","background-repeat":"repeat","background-position":"center center","background-size":"auto","background-attachment":"scroll","background-type":"","background-media":"","overlay-type":"","overlay-color":"","overlay-gradient":""},"mobile":{"background-color":"var(--ast-global-color-5)","background-image":"","background-repeat":"repeat","background-position":"center center","background-size":"auto","background-attachment":"scroll","background-type":"","background-media":"","overlay-type":"","overlay-color":"","overlay-gradient":""}},"footnotes":""},"categories":[951,2826,3620],"tags":[9156,9158,165169,18715,38828,165170],"class_list":["post-76570","post","type-post","status-publish","format-standard","hentry","category-barcelona","category-derecho-mercantil","category-derecho-procesal","tag-francisco-ramos-mendez","tag-jose-de-los-santos-martin-ostos","tag-jose-portal-manrubia","tag-manuel-cachon-cadenas","tag-manuel-serra-dominguez","tag-vicente-perez-daudi"],"_links":{"self":[{"href":"https:\/\/www.deberes.net\/tesis\/wp-json\/wp\/v2\/posts\/76570","targetHints":{"allow":["GET"]}}],"collection":[{"href":"https:\/\/www.deberes.net\/tesis\/wp-json\/wp\/v2\/posts"}],"about":[{"href":"https:\/\/www.deberes.net\/tesis\/wp-json\/wp\/v2\/types\/post"}],"author":[{"embeddable":true,"href":"https:\/\/www.deberes.net\/tesis\/wp-json\/wp\/v2\/users\/1"}],"replies":[{"embeddable":true,"href":"https:\/\/www.deberes.net\/tesis\/wp-json\/wp\/v2\/comments?post=76570"}],"version-history":[{"count":0,"href":"https:\/\/www.deberes.net\/tesis\/wp-json\/wp\/v2\/posts\/76570\/revisions"}],"wp:attachment":[{"href":"https:\/\/www.deberes.net\/tesis\/wp-json\/wp\/v2\/media?parent=76570"}],"wp:term":[{"taxonomy":"category","embeddable":true,"href":"https:\/\/www.deberes.net\/tesis\/wp-json\/wp\/v2\/categories?post=76570"},{"taxonomy":"post_tag","embeddable":true,"href":"https:\/\/www.deberes.net\/tesis\/wp-json\/wp\/v2\/tags?post=76570"}],"curies":[{"name":"wp","href":"https:\/\/api.w.org\/{rel}","templated":true}]}}