{"id":76607,"date":"2005-07-10T00:00:00","date_gmt":"2005-07-10T00:00:00","guid":{"rendered":"https:\/\/www.deberes.net\/tesis\/sin-categoria\/relacion-entre-ciclo-economico-y-ciclo-pola%c2%adtico-analisis-teorico-y-aplicacion-a-la-economa%c2%ada-espanola\/"},"modified":"2005-07-10T00:00:00","modified_gmt":"2005-07-10T00:00:00","slug":"relacion-entre-ciclo-economico-y-ciclo-pola%c2%adtico-analisis-teorico-y-aplicacion-a-la-economa%c2%ada-espanola","status":"publish","type":"post","link":"https:\/\/www.deberes.net\/tesis\/ciencias-economicas\/relacion-entre-ciclo-economico-y-ciclo-pola%c2%adtico-analisis-teorico-y-aplicacion-a-la-economa%c2%ada-espanola\/","title":{"rendered":"Relaci\u00f3n entre ciclo econ\u00f3mico y ciclo pol\u00edtico. an\u00e1lisis te\u00f3rico y aplicaci\u00f3n a la econom\u00edaespa\u00f1ola."},"content":{"rendered":"<h2>Tesis doctoral de <strong>  Carlos Villamar\u00edn Pablo De <\/strong><\/h2>\n<p>La tesis se ocupa del an\u00e1lisis, te\u00f3rico y emp\u00edrico, de la relaci\u00f3n de interdependencia que en las sociedades capitalistas democr\u00e1ticas se establece entre la econom\u00eda y la pol\u00edtica, prestando especial atenci\u00f3n al fen\u00f3meno de los ciclos econ\u00f3micos de origen pol\u00edtico.  en la primera parte del trabajo, aunque se revisa en detalle el ciclo econ\u00f3mico de origen pol\u00edtico descrito por kalecki, la atenci\u00f3n preferente se dirige hacia los modelos de ciclos econ\u00f3micos de origen pol\u00edtico desarrollados dentro del an\u00e1lisis neocl\u00e1sico de la interdependencia pol\u00edtico-econ\u00f3mica, que explican c\u00f3mo un gobierno democr\u00e1tico que busca alcanzar sus propios objetivos e intereses puede generar fluctuaciones c\u00edclicas en la econom\u00eda. la revisi\u00f3n realizada abarca la literatura, tanto te\u00f3rica como emp\u00edrica, que se ha ocupado de este fen\u00f3meno, as\u00ed como diversas extensiones destacadas.  en la segunda parte del trabajo, se desarrolla un modelo que incorpora pautas de comportamiento de los agentes participantes en el juego pol\u00edtico proporcionadas por los modelos neoc1\u00e1sicosde interdependencia pol\u00edtico-econ\u00f3mica a una estructura econ\u00f3mica caracterizada mediante un desarrollo te\u00f3rico alejado de los planteamientos habituales dentro del an\u00e1lisis macroecon\u00f3mico convencional, como es el propuesto por goodwin. Adem\u00e1s de plantear y resolver formalmente dicho modelo, se ilustran algunos de sus principales conclusiones mediante simulaciones num\u00e9ricas, para cuya realizaci\u00f3n se recurre a datos de la econom\u00eda espa\u00f1ola. En t\u00e9rminos generales, se demuestra que la llegada al poder de formaciones pol\u00edticas con diferentes objetivos partidistas, plasmados en la orientaci\u00f3n de la pol\u00edtica fiscal en funci\u00f3n de la evoluci\u00f3n de las variables econ\u00f3micas que m\u00e1s preocupan a sus hipot\u00e9ticos seguidores, afecta de distinta manera a la estabilidad macroecon\u00f3mica de un sistema que genera fluctuaciones c\u00edclicas de forma end\u00f3gena. No obstante, la pres<\/p>\n<p>&nbsp;<\/p>\n<h3>Datos acad\u00e9micos de la tesis doctoral \u00ab<strong>Relaci\u00f3n entre ciclo econ\u00f3mico y ciclo pol\u00edtico. an\u00e1lisis te\u00f3rico y aplicaci\u00f3n a la econom\u00edaespa\u00f1ola.<\/strong>\u00ab<\/h3>\n<ul>\n<li><strong>T\u00edtulo de la tesis:<\/strong>\u00a0 Relaci\u00f3n entre ciclo econ\u00f3mico y ciclo pol\u00edtico. an\u00e1lisis te\u00f3rico y aplicaci\u00f3n a la econom\u00edaespa\u00f1ola. <\/li>\n<li><strong>Autor:<\/strong>\u00a0  Carlos Villamar\u00edn Pablo De <\/li>\n<li><strong>Universidad:<\/strong>\u00a0 Vigo<\/li>\n<li><strong>Fecha de lectura de la tesis:<\/strong>\u00a0 07\/10\/2005<\/li>\n<\/ul>\n<p>&nbsp;<\/p>\n<h3>Direcci\u00f3n y tribunal<\/h3>\n<ul>\n<li><strong>Director de la tesis<\/strong>\n<ul>\n<li>Jorge Falag\u00e1n Mota<\/li>\n<\/ul>\n<\/li>\n<li><strong>Tribunal<\/strong>\n<ul>\n<li>Presidente del tribunal: abel Caballero \u00e1lvarez <\/li>\n<li>Andr\u00e9s Fai\u00f1a med\u00edn (vocal)<\/li>\n<li> Outes ruso xos\u00e9 Luis (vocal)<\/li>\n<li> Jim\u00e9nez ridruejo ayuso zen\u00f3n (vocal)<\/li>\n<\/ul>\n<\/li>\n<\/ul>\n<p>&nbsp;<\/p>\n","protected":false},"excerpt":{"rendered":"<p>Tesis doctoral de Carlos Villamar\u00edn Pablo De La tesis se ocupa del an\u00e1lisis, te\u00f3rico y emp\u00edrico, de la relaci\u00f3n de [&hellip;]<\/p>\n","protected":false},"author":1,"featured_media":0,"comment_status":"open","ping_status":"open","sticky":false,"template":"","format":"standard","meta":{"site-sidebar-layout":"default","site-content-layout":"","ast-site-content-layout":"","site-content-style":"default","site-sidebar-style":"default","ast-global-header-display":"","ast-banner-title-visibility":"","ast-main-header-display":"","ast-hfb-above-header-display":"","ast-hfb-below-header-display":"","ast-hfb-mobile-header-display":"","site-post-title":"","ast-breadcrumbs-content":"","ast-featured-img":"","footer-sml-layout":"","theme-transparent-header-meta":"","adv-header-id-meta":"","stick-header-meta":"","header-above-stick-meta":"","header-main-stick-meta":"","header-below-stick-meta":"","astra-migrate-meta-layouts":"default","ast-page-background-enabled":"default","ast-page-background-meta":{"desktop":{"background-color":"var(--ast-global-color-4)","background-image":"","background-repeat":"repeat","background-position":"center center","background-size":"auto","background-attachment":"scroll","background-type":"","background-media":"","overlay-type":"","overlay-color":"","overlay-gradient":""},"tablet":{"background-color":"","background-image":"","background-repeat":"repeat","background-position":"center center","background-size":"auto","background-attachment":"scroll","background-type":"","background-media":"","overlay-type":"","overlay-color":"","overlay-gradient":""},"mobile":{"background-color":"","background-image":"","background-repeat":"repeat","background-position":"center center","background-size":"auto","background-attachment":"scroll","background-type":"","background-media":"","overlay-type":"","overlay-color":"","overlay-gradient":""}},"ast-content-background-meta":{"desktop":{"background-color":"var(--ast-global-color-5)","background-image":"","background-repeat":"repeat","background-position":"center center","background-size":"auto","background-attachment":"scroll","background-type":"","background-media":"","overlay-type":"","overlay-color":"","overlay-gradient":""},"tablet":{"background-color":"var(--ast-global-color-5)","background-image":"","background-repeat":"repeat","background-position":"center center","background-size":"auto","background-attachment":"scroll","background-type":"","background-media":"","overlay-type":"","overlay-color":"","overlay-gradient":""},"mobile":{"background-color":"var(--ast-global-color-5)","background-image":"","background-repeat":"repeat","background-position":"center center","background-size":"auto","background-attachment":"scroll","background-type":"","background-media":"","overlay-type":"","overlay-color":"","overlay-gradient":""}},"footnotes":""},"categories":[82,18716,737,16831,18657],"tags":[3134,63110,165240,64787,32604,32605],"class_list":["post-76607","post","type-post","status-publish","format-standard","hentry","category-ciencias-economicas","category-fluctuaciones-economicas","category-teoria-economica","category-teoria-macroeconomica","category-vigo","tag-abel-caballero-alvarez","tag-andres-faina-medin","tag-carlos-villamarin-pablo-de","tag-jimenez-ridruejo-ayuso-zenon","tag-jorge-falagan-mota","tag-outes-ruso-xose-luis"],"_links":{"self":[{"href":"https:\/\/www.deberes.net\/tesis\/wp-json\/wp\/v2\/posts\/76607","targetHints":{"allow":["GET"]}}],"collection":[{"href":"https:\/\/www.deberes.net\/tesis\/wp-json\/wp\/v2\/posts"}],"about":[{"href":"https:\/\/www.deberes.net\/tesis\/wp-json\/wp\/v2\/types\/post"}],"author":[{"embeddable":true,"href":"https:\/\/www.deberes.net\/tesis\/wp-json\/wp\/v2\/users\/1"}],"replies":[{"embeddable":true,"href":"https:\/\/www.deberes.net\/tesis\/wp-json\/wp\/v2\/comments?post=76607"}],"version-history":[{"count":0,"href":"https:\/\/www.deberes.net\/tesis\/wp-json\/wp\/v2\/posts\/76607\/revisions"}],"wp:attachment":[{"href":"https:\/\/www.deberes.net\/tesis\/wp-json\/wp\/v2\/media?parent=76607"}],"wp:term":[{"taxonomy":"category","embeddable":true,"href":"https:\/\/www.deberes.net\/tesis\/wp-json\/wp\/v2\/categories?post=76607"},{"taxonomy":"post_tag","embeddable":true,"href":"https:\/\/www.deberes.net\/tesis\/wp-json\/wp\/v2\/tags?post=76607"}],"curies":[{"name":"wp","href":"https:\/\/api.w.org\/{rel}","templated":true}]}}