{"id":76623,"date":"2005-10-10T00:00:00","date_gmt":"2005-10-10T00:00:00","guid":{"rendered":"https:\/\/www.deberes.net\/tesis\/sin-categoria\/ventilacion-no-invasiva-en-el-tratamiento-de-la-epoc-agudizada-en-una-sala-de-hospitalizacion\/"},"modified":"2005-10-10T00:00:00","modified_gmt":"2005-10-10T00:00:00","slug":"ventilacion-no-invasiva-en-el-tratamiento-de-la-epoc-agudizada-en-una-sala-de-hospitalizacion","status":"publish","type":"post","link":"https:\/\/www.deberes.net\/tesis\/sin-categoria\/ventilacion-no-invasiva-en-el-tratamiento-de-la-epoc-agudizada-en-una-sala-de-hospitalizacion\/","title":{"rendered":"Ventilaci\u00f3n no invasiva en el tratamiento de la epoc agudizada en una sala de hospitalizaci\u00f3n."},"content":{"rendered":"<h2>Tesis doctoral de <strong>  Ant\u00f3n Albisu Pedro Antonio <\/strong><\/h2>\n<p>La ventilaci\u00f3n no invasiva (vni) ha demostrado ser un tratamiento muy \u00fatil en pacientes con epoc y agudizaci\u00f3n grave tratados en unidades de cuidados intensivos. Su aplicaci\u00f3n en una sala de hospitalizaci\u00f3n convencional podr\u00eda tener utilidad si su aplicaci\u00f3n pudiera ser compatible con la infraestructura que disponen estas instalaciones.  el objetivo de la tesis fue valorar si es posible realizar una t\u00e9cnica sencilla de vni (uso de mascarillas nasales), con una limitada carga de enfermer\u00eda y con la posibilidad de predecir el resultado de dicho tratamiento en una sala de hospitalizaci\u00f3n convencional.  el uso de mascarillas nasales, de mas f\u00e1cil aplicaci\u00f3n, presentaron unos resultados similares a los obtenidos con marcarillas nasobucales. Las cargas de enfermer\u00eda fueron iguales a las necesarias para los mismos pacientes que no fueron tratados con vni. Finalmente, es posible predecir con \u00e9xito el resultado de la vni con lo que podemos identificar el paciente de riesgo de fracaso y no retrasar el inicio de la ventilaci\u00f3n mec\u00e1nica invasiva.<\/p>\n<p>&nbsp;<\/p>\n<h3>Datos acad\u00e9micos de la tesis doctoral \u00ab<strong>Ventilaci\u00f3n no invasiva en el tratamiento de la epoc agudizada en una sala de hospitalizaci\u00f3n.<\/strong>\u00ab<\/h3>\n<ul>\n<li><strong>T\u00edtulo de la tesis:<\/strong>\u00a0 Ventilaci\u00f3n no invasiva en el tratamiento de la epoc agudizada en una sala de hospitalizaci\u00f3n. <\/li>\n<li><strong>Autor:<\/strong>\u00a0  Ant\u00f3n Albisu Pedro Antonio <\/li>\n<li><strong>Universidad:<\/strong>\u00a0 Aut\u00f3noma de barcelona<\/li>\n<li><strong>Fecha de lectura de la tesis:<\/strong>\u00a0 10\/10\/2005<\/li>\n<\/ul>\n<p>&nbsp;<\/p>\n<h3>Direcci\u00f3n y tribunal<\/h3>\n<ul>\n<li><strong>Director de la tesis<\/strong>\n<ul>\n<li>Joaquin Sanchis Aldas<\/li>\n<\/ul>\n<\/li>\n<li><strong>Tribunal<\/strong>\n<ul>\n<li>Presidente del tribunal: alvar net Castel <\/li>\n<li>federico Manresa presas (vocal)<\/li>\n<li>miquel Quer agust\u00ed (vocal)<\/li>\n<li>Antonio Torres mart\u00ed (vocal)<\/li>\n<\/ul>\n<\/li>\n<\/ul>\n<p>&nbsp;<\/p>\n","protected":false},"excerpt":{"rendered":"<p>Tesis doctoral de Ant\u00f3n Albisu Pedro Antonio La ventilaci\u00f3n no invasiva (vni) ha demostrado ser un tratamiento muy \u00fatil en [&hellip;]<\/p>\n","protected":false},"author":1,"featured_media":0,"comment_status":"open","ping_status":"open","sticky":false,"template":"","format":"standard","meta":{"site-sidebar-layout":"default","site-content-layout":"","ast-site-content-layout":"","site-content-style":"default","site-sidebar-style":"default","ast-global-header-display":"","ast-banner-title-visibility":"","ast-main-header-display":"","ast-hfb-above-header-display":"","ast-hfb-below-header-display":"","ast-hfb-mobile-header-display":"","site-post-title":"","ast-breadcrumbs-content":"","ast-featured-img":"","footer-sml-layout":"","theme-transparent-header-meta":"","adv-header-id-meta":"","stick-header-meta":"","header-above-stick-meta":"","header-main-stick-meta":"","header-below-stick-meta":"","astra-migrate-meta-layouts":"default","ast-page-background-enabled":"default","ast-page-background-meta":{"desktop":{"background-color":"var(--ast-global-color-4)","background-image":"","background-repeat":"repeat","background-position":"center center","background-size":"auto","background-attachment":"scroll","background-type":"","background-media":"","overlay-type":"","overlay-color":"","overlay-gradient":""},"tablet":{"background-color":"","background-image":"","background-repeat":"repeat","background-position":"center center","background-size":"auto","background-attachment":"scroll","background-type":"","background-media":"","overlay-type":"","overlay-color":"","overlay-gradient":""},"mobile":{"background-color":"","background-image":"","background-repeat":"repeat","background-position":"center center","background-size":"auto","background-attachment":"scroll","background-type":"","background-media":"","overlay-type":"","overlay-color":"","overlay-gradient":""}},"ast-content-background-meta":{"desktop":{"background-color":"var(--ast-global-color-5)","background-image":"","background-repeat":"repeat","background-position":"center center","background-size":"auto","background-attachment":"scroll","background-type":"","background-media":"","overlay-type":"","overlay-color":"","overlay-gradient":""},"tablet":{"background-color":"var(--ast-global-color-5)","background-image":"","background-repeat":"repeat","background-position":"center center","background-size":"auto","background-attachment":"scroll","background-type":"","background-media":"","overlay-type":"","overlay-color":"","overlay-gradient":""},"mobile":{"background-color":"var(--ast-global-color-5)","background-image":"","background-repeat":"repeat","background-position":"center center","background-size":"auto","background-attachment":"scroll","background-type":"","background-media":"","overlay-type":"","overlay-color":"","overlay-gradient":""}},"footnotes":""},"categories":[1],"tags":[29166,165272,1095,13939,11556,85240],"class_list":["post-76623","post","type-post","status-publish","format-standard","hentry","category-sin-categoria","tag-alvar-net-castel","tag-anton-albisu-pedro-antonio","tag-antonio-torres-marti","tag-federico-manresa-presas","tag-joaquin-sanchis-aldas","tag-miquel-quer-agusti"],"_links":{"self":[{"href":"https:\/\/www.deberes.net\/tesis\/wp-json\/wp\/v2\/posts\/76623","targetHints":{"allow":["GET"]}}],"collection":[{"href":"https:\/\/www.deberes.net\/tesis\/wp-json\/wp\/v2\/posts"}],"about":[{"href":"https:\/\/www.deberes.net\/tesis\/wp-json\/wp\/v2\/types\/post"}],"author":[{"embeddable":true,"href":"https:\/\/www.deberes.net\/tesis\/wp-json\/wp\/v2\/users\/1"}],"replies":[{"embeddable":true,"href":"https:\/\/www.deberes.net\/tesis\/wp-json\/wp\/v2\/comments?post=76623"}],"version-history":[{"count":0,"href":"https:\/\/www.deberes.net\/tesis\/wp-json\/wp\/v2\/posts\/76623\/revisions"}],"wp:attachment":[{"href":"https:\/\/www.deberes.net\/tesis\/wp-json\/wp\/v2\/media?parent=76623"}],"wp:term":[{"taxonomy":"category","embeddable":true,"href":"https:\/\/www.deberes.net\/tesis\/wp-json\/wp\/v2\/categories?post=76623"},{"taxonomy":"post_tag","embeddable":true,"href":"https:\/\/www.deberes.net\/tesis\/wp-json\/wp\/v2\/tags?post=76623"}],"curies":[{"name":"wp","href":"https:\/\/api.w.org\/{rel}","templated":true}]}}