{"id":76631,"date":"2005-10-10T00:00:00","date_gmt":"2005-10-10T00:00:00","guid":{"rendered":"https:\/\/www.deberes.net\/tesis\/sin-categoria\/perfiles-comparados-comunitario-y-residencial-de-pacientes-afectos-con-procesos-demenciales-en-langreo\/"},"modified":"2005-10-10T00:00:00","modified_gmt":"2005-10-10T00:00:00","slug":"perfiles-comparados-comunitario-y-residencial-de-pacientes-afectos-con-procesos-demenciales-en-langreo","status":"publish","type":"post","link":"https:\/\/www.deberes.net\/tesis\/ciencias-medicas\/perfiles-comparados-comunitario-y-residencial-de-pacientes-afectos-con-procesos-demenciales-en-langreo\/","title":{"rendered":"Perfiles comparados (comunitario y residencial) de pacientes  afectos con procesos demenciales en langreo"},"content":{"rendered":"<h2>Tesis doctoral de <strong> Mercedes Salmeron Alvarez <\/strong><\/h2>\n<p>Siempre que sea posible es preferible que el anciano con demencia permanezca en su domicilio para que disfrute de una mejor calidad de vida; sin embargo la sobrecarga que conlleva para los cuidadores a menudo es excesiva. No est\u00e1 claro cuando la institucionalizaci\u00f3n se hace inevitable por ello es importante identificar los factores que la motivan.  con este objeto se realiza un estudio descriptivo transversal sobre dos poblaciones: una muestra aleatoria obtenida de la poblaci\u00f3n comunitaria mayor de 65 a\u00f1os del distrito estad\u00edstico 5 de langreo y otra obtenida de la poblaci\u00f3n institucionalizada en el sanatorio adaro (residencia de ancianos de esa misma localidad) para observar las diferencias en el perfil del paciente con demencia en ambos \u00e1mbitos y determinar las posibles causas que motivaron la institucionalizaci\u00f3n.  los datos demogr\u00e1ficos se obtuvieron del censo poblacional sobre una muestra inicial de 167 ancianos, de la que hubo que descartar 14 exitus y 73 personas que no pudieron ser entrevistadas. Se realizaron finalmente 80 entrevistas domicilarias que inclu\u00edan la administraci\u00f3n del mec (lobo) para la detecci\u00f3n de ancianos con deterioro cognitivo. El punto de corte utilizado fue el recomendado por su autor, de manera que aquellos ancianos cuya puntuaci\u00f3n obtenida era inferior a 24 y cumpl\u00edan criterios cl\u00ednicos dsm iv para demencia eran seleccionados como casos. Este mismo procedimiento se realiz\u00f3 en los 77 pacientes mayores de 65 a\u00f1os institucionalizados en el sanatorio adaro  la tasa de preValencia de demencia obtenida en la poblaci\u00f3n comunitaria fue del 25% frente a un 71% en l poblaci\u00f3n institucionalizada alcanzando la diferencia significaci\u00f3n estad\u00edstica.  al comparar ambos grupos con demencia comunitario y residencial encontramos que los pacientes con demencia que viv\u00edan en la comunidad gozaban de un nivel cultural m\u00e1s alto, sus ocupaciones eran m\u00e1s cualificadas, presentaban un menor grado de deteri<\/p>\n<p>&nbsp;<\/p>\n<h3>Datos acad\u00e9micos de la tesis doctoral \u00ab<strong>Perfiles comparados (comunitario y residencial) de pacientes  afectos con procesos demenciales en langreo<\/strong>\u00ab<\/h3>\n<ul>\n<li><strong>T\u00edtulo de la tesis:<\/strong>\u00a0 Perfiles comparados (comunitario y residencial) de pacientes  afectos con procesos demenciales en langreo <\/li>\n<li><strong>Autor:<\/strong>\u00a0 Mercedes Salmeron Alvarez <\/li>\n<li><strong>Universidad:<\/strong>\u00a0 Oviedo<\/li>\n<li><strong>Fecha de lectura de la tesis:<\/strong>\u00a0 10\/10\/2005<\/li>\n<\/ul>\n<p>&nbsp;<\/p>\n<h3>Direcci\u00f3n y tribunal<\/h3>\n<ul>\n<li><strong>Director de la tesis<\/strong>\n<ul>\n<li>portilla Gonzalez Garcia<\/li>\n<\/ul>\n<\/li>\n<li><strong>Tribunal<\/strong>\n<ul>\n<li>Presidente del tribunal:  Arribas castrillo Jos\u00e9 manuel <\/li>\n<li>raimundo Mateos alvarez (vocal)<\/li>\n<li>serafin Lemos giraldez (vocal)<\/li>\n<li> Gonzalez montalvo Juan  ignacio (vocal)<\/li>\n<\/ul>\n<\/li>\n<\/ul>\n<p>&nbsp;<\/p>\n","protected":false},"excerpt":{"rendered":"<p>Tesis doctoral de Mercedes Salmeron Alvarez Siempre que sea posible es preferible que el anciano con demencia permanezca en su [&hellip;]<\/p>\n","protected":false},"author":1,"featured_media":0,"comment_status":"open","ping_status":"open","sticky":false,"template":"","format":"standard","meta":{"site-sidebar-layout":"default","site-content-layout":"","ast-site-content-layout":"","site-content-style":"default","site-sidebar-style":"default","ast-global-header-display":"","ast-banner-title-visibility":"","ast-main-header-display":"","ast-hfb-above-header-display":"","ast-hfb-below-header-display":"","ast-hfb-mobile-header-display":"","site-post-title":"","ast-breadcrumbs-content":"","ast-featured-img":"","footer-sml-layout":"","theme-transparent-header-meta":"","adv-header-id-meta":"","stick-header-meta":"","header-above-stick-meta":"","header-main-stick-meta":"","header-below-stick-meta":"","astra-migrate-meta-layouts":"default","ast-page-background-enabled":"default","ast-page-background-meta":{"desktop":{"background-color":"var(--ast-global-color-4)","background-image":"","background-repeat":"repeat","background-position":"center center","background-size":"auto","background-attachment":"scroll","background-type":"","background-media":"","overlay-type":"","overlay-color":"","overlay-gradient":""},"tablet":{"background-color":"","background-image":"","background-repeat":"repeat","background-position":"center center","background-size":"auto","background-attachment":"scroll","background-type":"","background-media":"","overlay-type":"","overlay-color":"","overlay-gradient":""},"mobile":{"background-color":"","background-image":"","background-repeat":"repeat","background-position":"center center","background-size":"auto","background-attachment":"scroll","background-type":"","background-media":"","overlay-type":"","overlay-color":"","overlay-gradient":""}},"ast-content-background-meta":{"desktop":{"background-color":"var(--ast-global-color-5)","background-image":"","background-repeat":"repeat","background-position":"center center","background-size":"auto","background-attachment":"scroll","background-type":"","background-media":"","overlay-type":"","overlay-color":"","overlay-gradient":""},"tablet":{"background-color":"var(--ast-global-color-5)","background-image":"","background-repeat":"repeat","background-position":"center center","background-size":"auto","background-attachment":"scroll","background-type":"","background-media":"","overlay-type":"","overlay-color":"","overlay-gradient":""},"mobile":{"background-color":"var(--ast-global-color-5)","background-image":"","background-repeat":"repeat","background-position":"center center","background-size":"auto","background-attachment":"scroll","background-type":"","background-media":"","overlay-type":"","overlay-color":"","overlay-gradient":""}},"footnotes":""},"categories":[9,8846,1408],"tags":[8877,64902,165287,165288,21501,9045],"class_list":["post-76631","post","type-post","status-publish","format-standard","hentry","category-ciencias-medicas","category-oviedo","category-psiquiatria","tag-arribas-castrillo-jose-manuel","tag-gonzalez-montalvo-juan-ignacio","tag-mercedes-salmeron-alvarez","tag-portilla-gonzalez-garcia","tag-raimundo-mateos-alvarez","tag-serafin-lemos-giraldez"],"_links":{"self":[{"href":"https:\/\/www.deberes.net\/tesis\/wp-json\/wp\/v2\/posts\/76631","targetHints":{"allow":["GET"]}}],"collection":[{"href":"https:\/\/www.deberes.net\/tesis\/wp-json\/wp\/v2\/posts"}],"about":[{"href":"https:\/\/www.deberes.net\/tesis\/wp-json\/wp\/v2\/types\/post"}],"author":[{"embeddable":true,"href":"https:\/\/www.deberes.net\/tesis\/wp-json\/wp\/v2\/users\/1"}],"replies":[{"embeddable":true,"href":"https:\/\/www.deberes.net\/tesis\/wp-json\/wp\/v2\/comments?post=76631"}],"version-history":[{"count":0,"href":"https:\/\/www.deberes.net\/tesis\/wp-json\/wp\/v2\/posts\/76631\/revisions"}],"wp:attachment":[{"href":"https:\/\/www.deberes.net\/tesis\/wp-json\/wp\/v2\/media?parent=76631"}],"wp:term":[{"taxonomy":"category","embeddable":true,"href":"https:\/\/www.deberes.net\/tesis\/wp-json\/wp\/v2\/categories?post=76631"},{"taxonomy":"post_tag","embeddable":true,"href":"https:\/\/www.deberes.net\/tesis\/wp-json\/wp\/v2\/tags?post=76631"}],"curies":[{"name":"wp","href":"https:\/\/api.w.org\/{rel}","templated":true}]}}