{"id":76638,"date":"2005-10-10T00:00:00","date_gmt":"2005-10-10T00:00:00","guid":{"rendered":"https:\/\/www.deberes.net\/tesis\/sin-categoria\/prensa-juvenil-femenina-e-identidad-corporal\/"},"modified":"2005-10-10T00:00:00","modified_gmt":"2005-10-10T00:00:00","slug":"prensa-juvenil-femenina-e-identidad-corporal","status":"publish","type":"post","link":"https:\/\/www.deberes.net\/tesis\/grupos-sociales\/prensa-juvenil-femenina-e-identidad-corporal\/","title":{"rendered":"Prensa juvenil femenina e identidad corporal"},"content":{"rendered":"<h2>Tesis doctoral de <strong> M\u00f3nica Figueras Maz <\/strong><\/h2>\n<p>La tesis analiza la relaci\u00f3n entre el discurso sobre el cuerpo de la prensa juvenil femenina y el de las lectoras. Concretamente las revistas investigadas son you, ragazza y mujer 21. el objetivo de estudio se aborda desde un enfoque plurisdisciplinar basado en el periodismo especializado y de servicio, por una parte, y en la sociolog\u00eda de la juventud, del cuerpo y del consumo, por otra. adem\u00e1s de comparar la relaci\u00f3n entre el discurso sobre el cuerpo de las revistas y del de las chicas, la tesis estudia tambi\u00e9n la reapropiaci\u00f3n simb\u00f3lica de significados que las lectoras hacen de los contenidos y el sentido que les confieren en el proceso de construcci\u00f3n de su identidad. para ello s combina t\u00e9cnicas cuantitativas y cualitativas: el an\u00e1lisis de contenido (portada, unidades redaccionales -titulares, textos e ilustraciones- y publicidad directa e indirecta) y el an\u00e1lisis de recepci\u00f3n (grupos de discusi\u00f3n y entrevistas en profundidad).<\/p>\n<p>&nbsp;<\/p>\n<h3>Datos acad\u00e9micos de la tesis doctoral \u00ab<strong>Prensa juvenil femenina e identidad corporal<\/strong>\u00ab<\/h3>\n<ul>\n<li><strong>T\u00edtulo de la tesis:<\/strong>\u00a0 Prensa juvenil femenina e identidad corporal <\/li>\n<li><strong>Autor:<\/strong>\u00a0 M\u00f3nica Figueras Maz <\/li>\n<li><strong>Universidad:<\/strong>\u00a0 Pompeu fabra<\/li>\n<li><strong>Fecha de lectura de la tesis:<\/strong>\u00a0 10\/10\/2005<\/li>\n<\/ul>\n<p>&nbsp;<\/p>\n<h3>Direcci\u00f3n y tribunal<\/h3>\n<ul>\n<li><strong>Director de la tesis<\/strong>\n<ul>\n<li>Montserrat Quesada Perez<\/li>\n<\/ul>\n<\/li>\n<li><strong>Tribunal<\/strong>\n<ul>\n<li>Presidente del tribunal: javier Fern\u00e1ndez del moral <\/li>\n<li>joaquim Casal bataller (vocal)<\/li>\n<li> Neira cruz Jos\u00e9 Antonio (vocal)<\/li>\n<li>josep lLuis Espluga trenc (vocal)<\/li>\n<\/ul>\n<\/li>\n<\/ul>\n<p>&nbsp;<\/p>\n","protected":false},"excerpt":{"rendered":"<p>Tesis doctoral de M\u00f3nica Figueras Maz La tesis analiza la relaci\u00f3n entre el discurso sobre el cuerpo de la prensa [&hellip;]<\/p>\n","protected":false},"author":1,"featured_media":0,"comment_status":"open","ping_status":"open","sticky":false,"template":"","format":"standard","meta":{"site-sidebar-layout":"default","site-content-layout":"","ast-site-content-layout":"","site-content-style":"default","site-sidebar-style":"default","ast-global-header-display":"","ast-banner-title-visibility":"","ast-main-header-display":"","ast-hfb-above-header-display":"","ast-hfb-below-header-display":"","ast-hfb-mobile-header-display":"","site-post-title":"","ast-breadcrumbs-content":"","ast-featured-img":"","footer-sml-layout":"","theme-transparent-header-meta":"","adv-header-id-meta":"","stick-header-meta":"","header-above-stick-meta":"","header-main-stick-meta":"","header-below-stick-meta":"","astra-migrate-meta-layouts":"default","ast-page-background-enabled":"default","ast-page-background-meta":{"desktop":{"background-color":"var(--ast-global-color-4)","background-image":"","background-repeat":"repeat","background-position":"center center","background-size":"auto","background-attachment":"scroll","background-type":"","background-media":"","overlay-type":"","overlay-color":"","overlay-gradient":""},"tablet":{"background-color":"","background-image":"","background-repeat":"repeat","background-position":"center center","background-size":"auto","background-attachment":"scroll","background-type":"","background-media":"","overlay-type":"","overlay-color":"","overlay-gradient":""},"mobile":{"background-color":"","background-image":"","background-repeat":"repeat","background-position":"center center","background-size":"auto","background-attachment":"scroll","background-type":"","background-media":"","overlay-type":"","overlay-color":"","overlay-gradient":""}},"ast-content-background-meta":{"desktop":{"background-color":"var(--ast-global-color-5)","background-image":"","background-repeat":"repeat","background-position":"center center","background-size":"auto","background-attachment":"scroll","background-type":"","background-media":"","overlay-type":"","overlay-color":"","overlay-gradient":""},"tablet":{"background-color":"var(--ast-global-color-5)","background-image":"","background-repeat":"repeat","background-position":"center center","background-size":"auto","background-attachment":"scroll","background-type":"","background-media":"","overlay-type":"","overlay-color":"","overlay-gradient":""},"mobile":{"background-color":"var(--ast-global-color-5)","background-image":"","background-repeat":"repeat","background-position":"center center","background-size":"auto","background-attachment":"scroll","background-type":"","background-media":"","overlay-type":"","overlay-color":"","overlay-gradient":""}},"footnotes":""},"categories":[291,5051,18712,4841,970],"tags":[13217,165307,134940,165306,5212,165308],"class_list":["post-76638","post","type-post","status-publish","format-standard","hentry","category-grupos-sociales","category-medios-de-comunicacion-de-masas","category-pompeu-fabra","category-prensa","category-psicologia-del-nino-y-del-adolescente","tag-javier-fernandez-del-moral","tag-joaquim-casal-bataller","tag-josep-lluis-espluga-trenc","tag-monica-figueras-maz","tag-montserrat-quesada-perez","tag-neira-cruz-jose-antonio"],"_links":{"self":[{"href":"https:\/\/www.deberes.net\/tesis\/wp-json\/wp\/v2\/posts\/76638","targetHints":{"allow":["GET"]}}],"collection":[{"href":"https:\/\/www.deberes.net\/tesis\/wp-json\/wp\/v2\/posts"}],"about":[{"href":"https:\/\/www.deberes.net\/tesis\/wp-json\/wp\/v2\/types\/post"}],"author":[{"embeddable":true,"href":"https:\/\/www.deberes.net\/tesis\/wp-json\/wp\/v2\/users\/1"}],"replies":[{"embeddable":true,"href":"https:\/\/www.deberes.net\/tesis\/wp-json\/wp\/v2\/comments?post=76638"}],"version-history":[{"count":0,"href":"https:\/\/www.deberes.net\/tesis\/wp-json\/wp\/v2\/posts\/76638\/revisions"}],"wp:attachment":[{"href":"https:\/\/www.deberes.net\/tesis\/wp-json\/wp\/v2\/media?parent=76638"}],"wp:term":[{"taxonomy":"category","embeddable":true,"href":"https:\/\/www.deberes.net\/tesis\/wp-json\/wp\/v2\/categories?post=76638"},{"taxonomy":"post_tag","embeddable":true,"href":"https:\/\/www.deberes.net\/tesis\/wp-json\/wp\/v2\/tags?post=76638"}],"curies":[{"name":"wp","href":"https:\/\/api.w.org\/{rel}","templated":true}]}}