{"id":76641,"date":"2005-11-10T00:00:00","date_gmt":"2005-11-10T00:00:00","guid":{"rendered":"https:\/\/www.deberes.net\/tesis\/sin-categoria\/nous-ma%c2%a8todes-per-al-disseny-sa%c2%acntesi-i-avaluacio-de-pa%c2%a8ptids-amb-capacitat-per-travessar-la-barrera-hematoencefa-lica-nuevos-metodos-para-el-diseno-sa%c2%adntesis-y-evaluacion\/"},"modified":"2005-11-10T00:00:00","modified_gmt":"2005-11-10T00:00:00","slug":"nous-ma%c2%a8todes-per-al-disseny-sa%c2%acntesi-i-avaluacio-de-pa%c2%a8ptids-amb-capacitat-per-travessar-la-barrera-hematoencefa-lica-nuevos-metodos-para-el-diseno-sa%c2%adntesis-y-evaluacion","status":"publish","type":"post","link":"https:\/\/www.deberes.net\/tesis\/quimica\/nous-ma%c2%a8todes-per-al-disseny-sa%c2%acntesi-i-avaluacio-de-pa%c2%a8ptids-amb-capacitat-per-travessar-la-barrera-hematoencefa-lica-nuevos-metodos-para-el-diseno-sa%c2%adntesis-y-evaluacion\/","title":{"rendered":"Nous m\u00e9todes per al disseny, s\u00c1\u00acntesi i avaluaci\u00f3 de p\u00e9ptids amb capacitat per travessar la barrera hematoencef\u00c1\u00a0lica.  nuevos m\u00e9todos para el dise\u00f1o, s\u00edntesis y evaluaci\u00f3n de p\u00e9ptidos con capacidad cruzar la barrera hematoencef\u00e1lica."},"content":{"rendered":"<h2>Tesis doctoral de <strong> Meritxell Teixid\u00f3 Tur\u00e1 <\/strong><\/h2>\n<p>El objetivo principal de la tesis se centra en el conocimiento de las propiedades fiscoqu\u00edmicas qu hacen posible que un p\u00e9ptido sea capaz de cruzar la barrera hematoencef\u00e1lica. Este objetivo se puede concretar en una ser\u00ede de etapas: dise\u00f1o de un algoritmo gen\u00e9tico que permita relacional las propiedades fisicoqu\u00edmicas con la capacidad de cruzar la barrera hematoencef\u00e1licas. puesta a punto y an\u00e1lisis comparativo de de diferentes ensayos (cromatogr\u00e1ficos, de partici\u00f3n entre fases, celulares in vitro..) Que permiten conocer la permeabilidad de un p\u00e9ptido frente a la barrera hematoencef\u00e1lica. S\u00edntesis de una primera generaci\u00f3n de p\u00e9ptidos propuesta por el algoritmo gen\u00e9rico. evaluaci\u00f3n de esta primera generaci\u00f3n de p\u00e9ptidos y estudio de los compuestos con un mejor transporte.  de los resultados de la presente tesis se pueden establecer las siguientes conclusiones:  la aproximaci\u00f3n en el dise\u00f1o de p\u00e9ptidos que combina el algoritmo gen\u00e9tico, la s\u00edntesis de p\u00e9ptidos en fase s\u00f3lida i la evaluaci\u00f3n por iamc ha mostrado su utilidad para profundizar en el estudio de la capacidad de mol\u00e9culas pept\u00eddicas para cruzar la barrera hematoenc\u00e9falica.  entre los p\u00e9ptidos de la primera generaci\u00f3n destaca el p\u00e9ptido 3, trasportado por difusi\u00f3n pasiva del que se ha estudiado se estructura por dicroismo circular y reson\u00e1ncia magn\u00e9tica nuclear, mostrando unas interesantes propiedades de agregaci\u00f3n. El p\u00e9ptido 22 tambi\u00e9n ha mostrado interesantes propiedades de transporte, pudiendo su naturaleza de dipol jugar un papel importante.  la s\u00edntesis de la primera generaci\u00f3n ha constituido un importante reto sint\u00e9tico debido al alevado contenido de n-metil amino\u00e1cidos presentes. una s\u00e9roe de reacciones secund\u00e1rias han sido identificadas y evitadas en la medida de lo posible: productos de deleci\u00f3n y sobreincorporaci\u00f3n durante la elongaci\u00f3n de la cadena pept\u00eddica, reacciones de fragmentaci\u00f3n y de formaci\u00f3n de dkps duran<\/p>\n<p>&nbsp;<\/p>\n<h3>Datos acad\u00e9micos de la tesis doctoral \u00ab<strong>Nous m\u00e9todes per al disseny, s\u00c1\u00acntesi i avaluaci\u00f3 de p\u00e9ptids amb capacitat per travessar la barrera hematoencef\u00c1\u00a0lica.  nuevos m\u00e9todos para el dise\u00f1o, s\u00edntesis y evaluaci\u00f3n de p\u00e9ptidos con capacidad cruzar la barrera hematoencef\u00e1lica.<\/strong>\u00ab<\/h3>\n<ul>\n<li><strong>T\u00edtulo de la tesis:<\/strong>\u00a0 Nous m\u00e9todes per al disseny, s\u00c1\u00acntesi i avaluaci\u00f3 de p\u00e9ptids amb capacitat per travessar la barrera hematoencef\u00c1\u00a0lica.  nuevos m\u00e9todos para el dise\u00f1o, s\u00edntesis y evaluaci\u00f3n de p\u00e9ptidos con capacidad cruzar la barrera hematoencef\u00e1lica. <\/li>\n<li><strong>Autor:<\/strong>\u00a0 Meritxell Teixid\u00f3 Tur\u00e1 <\/li>\n<li><strong>Universidad:<\/strong>\u00a0 Barcelona<\/li>\n<li><strong>Fecha de lectura de la tesis:<\/strong>\u00a0 11\/10\/2005<\/li>\n<\/ul>\n<p>&nbsp;<\/p>\n<h3>Direcci\u00f3n y tribunal<\/h3>\n<ul>\n<li><strong>Director de la tesis<\/strong>\n<ul>\n<li>Ernest Giralt Lledo<\/li>\n<\/ul>\n<\/li>\n<li><strong>Tribunal<\/strong>\n<ul>\n<li>Presidente del tribunal: david Andreu mart\u00ednez <\/li>\n<li>isabel Haro villar (vocal)<\/li>\n<li>Mar\u00eda del rosario Gonz\u00e1lez mu\u00f1iz (vocal)<\/li>\n<li>eliandre De oliveira cacheado (vocal)<\/li>\n<\/ul>\n<\/li>\n<\/ul>\n<p>&nbsp;<\/p>\n","protected":false},"excerpt":{"rendered":"<p>Tesis doctoral de Meritxell Teixid\u00f3 Tur\u00e1 El objetivo principal de la tesis se centra en el conocimiento de las propiedades [&hellip;]<\/p>\n","protected":false},"author":1,"featured_media":0,"comment_status":"open","ping_status":"open","sticky":false,"template":"","format":"standard","meta":{"site-sidebar-layout":"default","site-content-layout":"","ast-site-content-layout":"","site-content-style":"default","site-sidebar-style":"default","ast-global-header-display":"","ast-banner-title-visibility":"","ast-main-header-display":"","ast-hfb-above-header-display":"","ast-hfb-below-header-display":"","ast-hfb-mobile-header-display":"","site-post-title":"","ast-breadcrumbs-content":"","ast-featured-img":"","footer-sml-layout":"","theme-transparent-header-meta":"","adv-header-id-meta":"","stick-header-meta":"","header-above-stick-meta":"","header-main-stick-meta":"","header-below-stick-meta":"","astra-migrate-meta-layouts":"default","ast-page-background-enabled":"default","ast-page-background-meta":{"desktop":{"background-color":"var(--ast-global-color-4)","background-image":"","background-repeat":"repeat","background-position":"center center","background-size":"auto","background-attachment":"scroll","background-type":"","background-media":"","overlay-type":"","overlay-color":"","overlay-gradient":""},"tablet":{"background-color":"","background-image":"","background-repeat":"repeat","background-position":"center center","background-size":"auto","background-attachment":"scroll","background-type":"","background-media":"","overlay-type":"","overlay-color":"","overlay-gradient":""},"mobile":{"background-color":"","background-image":"","background-repeat":"repeat","background-position":"center center","background-size":"auto","background-attachment":"scroll","background-type":"","background-media":"","overlay-type":"","overlay-color":"","overlay-gradient":""}},"ast-content-background-meta":{"desktop":{"background-color":"var(--ast-global-color-5)","background-image":"","background-repeat":"repeat","background-position":"center center","background-size":"auto","background-attachment":"scroll","background-type":"","background-media":"","overlay-type":"","overlay-color":"","overlay-gradient":""},"tablet":{"background-color":"var(--ast-global-color-5)","background-image":"","background-repeat":"repeat","background-position":"center center","background-size":"auto","background-attachment":"scroll","background-type":"","background-media":"","overlay-type":"","overlay-color":"","overlay-gradient":""},"mobile":{"background-color":"var(--ast-global-color-5)","background-image":"","background-repeat":"repeat","background-position":"center center","background-size":"auto","background-attachment":"scroll","background-type":"","background-media":"","overlay-type":"","overlay-color":"","overlay-gradient":""}},"footnotes":""},"categories":[951,160,969,17],"tags":[5628,122317,1100,49965,5625,165312],"class_list":["post-76641","post","type-post","status-publish","format-standard","hentry","category-barcelona","category-bioquimica","category-peptidos","category-quimica","tag-david-andreu-Martinez","tag-eliandre-de-oliveira-cacheado","tag-ernest-giralt-lledo","tag-isabel-haro-villar","tag-maria-del-rosario-gonzalez-muniz","tag-meritxell-teixido-tura"],"_links":{"self":[{"href":"https:\/\/www.deberes.net\/tesis\/wp-json\/wp\/v2\/posts\/76641","targetHints":{"allow":["GET"]}}],"collection":[{"href":"https:\/\/www.deberes.net\/tesis\/wp-json\/wp\/v2\/posts"}],"about":[{"href":"https:\/\/www.deberes.net\/tesis\/wp-json\/wp\/v2\/types\/post"}],"author":[{"embeddable":true,"href":"https:\/\/www.deberes.net\/tesis\/wp-json\/wp\/v2\/users\/1"}],"replies":[{"embeddable":true,"href":"https:\/\/www.deberes.net\/tesis\/wp-json\/wp\/v2\/comments?post=76641"}],"version-history":[{"count":0,"href":"https:\/\/www.deberes.net\/tesis\/wp-json\/wp\/v2\/posts\/76641\/revisions"}],"wp:attachment":[{"href":"https:\/\/www.deberes.net\/tesis\/wp-json\/wp\/v2\/media?parent=76641"}],"wp:term":[{"taxonomy":"category","embeddable":true,"href":"https:\/\/www.deberes.net\/tesis\/wp-json\/wp\/v2\/categories?post=76641"},{"taxonomy":"post_tag","embeddable":true,"href":"https:\/\/www.deberes.net\/tesis\/wp-json\/wp\/v2\/tags?post=76641"}],"curies":[{"name":"wp","href":"https:\/\/api.w.org\/{rel}","templated":true}]}}