{"id":76652,"date":"2018-03-09T23:22:03","date_gmt":"2018-03-09T23:22:03","guid":{"rendered":"https:\/\/www.deberes.net\/tesis\/sin-categoria\/la-ruptura-de-la-cadena-de-valor-como-consecuencia-de-la-subcontratacion-de-la-subcontratacion-tactica-a-la-estrategica-una-investigacion-cualitativa-mediante-el-analisis-de-casos\/"},"modified":"2018-03-09T23:22:03","modified_gmt":"2018-03-09T23:22:03","slug":"la-ruptura-de-la-cadena-de-valor-como-consecuencia-de-la-subcontratacion-de-la-subcontratacion-tactica-a-la-estrategica-una-investigacion-cualitativa-mediante-el-analisis-de-casos","status":"publish","type":"post","link":"https:\/\/www.deberes.net\/tesis\/ciencias-economicas\/la-ruptura-de-la-cadena-de-valor-como-consecuencia-de-la-subcontratacion-de-la-subcontratacion-tactica-a-la-estrategica-una-investigacion-cualitativa-mediante-el-analisis-de-casos\/","title":{"rendered":"La ruptura de la cadena de valor como consecuencia de la subcontrataci\u00f3n. de la subcontrataci\u00f3n t\u00e1ctica a la estrat\u00e9gica. una investigaci\u00f3n cualitativa mediante el an\u00e1lisis de casos."},"content":{"rendered":"<h2>Tesis doctoral de <strong> Laura Guitart Tarr\u00e9s <\/strong><\/h2>\n<p>Se trata de un trabajo de investigaci\u00f3n basado en una completa revisi\u00f3n de la literatura sobre los conceptos de subcontrataci\u00f3n t\u00e1ctica y estrat\u00e9gica. estudia las principales caracteristicas distintivas de ambos tipos de externalizaci\u00f3n, as\u00ed como las motivaciones que llevan a las organizaciones a tomar esta opci\u00f3n de subcontratar, tanto de forma t\u00e1ctica como estrat\u00e9gica.  la investigaci\u00f3n se completa con un trabajo de campo basado en un an\u00e1lisis de casos, a traves del estudio comparativo de las principales caracteristicas de la subcontrataci\u00f3n en 16 compa\u00f1ias.<\/p>\n<p>&nbsp;<\/p>\n<h3>Datos acad\u00e9micos de la tesis doctoral \u00ab<strong>La ruptura de la cadena de valor como consecuencia de la subcontrataci\u00f3n. de la subcontrataci\u00f3n t\u00e1ctica a la estrat\u00e9gica. una investigaci\u00f3n cualitativa mediante el an\u00e1lisis de casos.<\/strong>\u00ab<\/h3>\n<ul>\n<li><strong>T\u00edtulo de la tesis:<\/strong>\u00a0 La ruptura de la cadena de valor como consecuencia de la subcontrataci\u00f3n. de la subcontrataci\u00f3n t\u00e1ctica a la estrat\u00e9gica. una investigaci\u00f3n cualitativa mediante el an\u00e1lisis de casos. <\/li>\n<li><strong>Autor:<\/strong>\u00a0 Laura Guitart Tarr\u00e9s <\/li>\n<li><strong>Universidad:<\/strong>\u00a0 Barcelona<\/li>\n<li><strong>Fecha de lectura de la tesis:<\/strong>\u00a0 13\/10\/2005<\/li>\n<\/ul>\n<p>&nbsp;<\/p>\n<h3>Direcci\u00f3n y tribunal<\/h3>\n<ul>\n<li><strong>Director de la tesis<\/strong>\n<ul>\n<li>Jos\u00e9 Mar\u00eda Castan Farrero<\/li>\n<\/ul>\n<\/li>\n<li><strong>Tribunal<\/strong>\n<ul>\n<li>Presidente del tribunal: esteban Fernandez sanchez <\/li>\n<li>Jos\u00e9 Luis Mart\u00ednez parra (vocal)<\/li>\n<li>francesc Sol\u00e9 parellada (vocal)<\/li>\n<li>cristina Gimenez thomson (vocal)<\/li>\n<\/ul>\n<\/li>\n<\/ul>\n<p>&nbsp;<\/p>\n","protected":false},"excerpt":{"rendered":"<p>Tesis doctoral de Laura Guitart Tarr\u00e9s Se trata de un trabajo de investigaci\u00f3n basado en una completa revisi\u00f3n de la [&hellip;]<\/p>\n","protected":false},"author":1,"featured_media":0,"comment_status":"open","ping_status":"open","sticky":false,"template":"","format":"standard","meta":{"site-sidebar-layout":"default","site-content-layout":"","ast-site-content-layout":"","site-content-style":"default","site-sidebar-style":"default","ast-global-header-display":"","ast-banner-title-visibility":"","ast-main-header-display":"","ast-hfb-above-header-display":"","ast-hfb-below-header-display":"","ast-hfb-mobile-header-display":"","site-post-title":"","ast-breadcrumbs-content":"","ast-featured-img":"","footer-sml-layout":"","theme-transparent-header-meta":"","adv-header-id-meta":"","stick-header-meta":"","header-above-stick-meta":"","header-main-stick-meta":"","header-below-stick-meta":"","astra-migrate-meta-layouts":"default","ast-page-background-enabled":"default","ast-page-background-meta":{"desktop":{"background-color":"var(--ast-global-color-4)","background-image":"","background-repeat":"repeat","background-position":"center center","background-size":"auto","background-attachment":"scroll","background-type":"","background-media":"","overlay-type":"","overlay-color":"","overlay-gradient":""},"tablet":{"background-color":"","background-image":"","background-repeat":"repeat","background-position":"center center","background-size":"auto","background-attachment":"scroll","background-type":"","background-media":"","overlay-type":"","overlay-color":"","overlay-gradient":""},"mobile":{"background-color":"","background-image":"","background-repeat":"repeat","background-position":"center center","background-size":"auto","background-attachment":"scroll","background-type":"","background-media":"","overlay-type":"","overlay-color":"","overlay-gradient":""}},"ast-content-background-meta":{"desktop":{"background-color":"var(--ast-global-color-5)","background-image":"","background-repeat":"repeat","background-position":"center center","background-size":"auto","background-attachment":"scroll","background-type":"","background-media":"","overlay-type":"","overlay-color":"","overlay-gradient":""},"tablet":{"background-color":"var(--ast-global-color-5)","background-image":"","background-repeat":"repeat","background-position":"center center","background-size":"auto","background-attachment":"scroll","background-type":"","background-media":"","overlay-type":"","overlay-color":"","overlay-gradient":""},"mobile":{"background-color":"var(--ast-global-color-5)","background-image":"","background-repeat":"repeat","background-position":"center center","background-size":"auto","background-attachment":"scroll","background-type":"","background-media":"","overlay-type":"","overlay-color":"","overlay-gradient":""}},"footnotes":""},"categories":[951,82,7570,1302],"tags":[165332,9172,1307,113074,19974,165331],"class_list":["post-76652","post","type-post","status-publish","format-standard","hentry","category-barcelona","category-ciencias-economicas","category-gestion-de-recursos-humanos","category-organizacion-y-gestion-de-empresas","tag-cristina-gimenez-thomson","tag-esteban-fernandez-sanchez","tag-francesc-sole-parellada","tag-jose-luis-Martinez-parra","tag-jose-maria-castan-farrero","tag-laura-guitart-tarres"],"_links":{"self":[{"href":"https:\/\/www.deberes.net\/tesis\/wp-json\/wp\/v2\/posts\/76652","targetHints":{"allow":["GET"]}}],"collection":[{"href":"https:\/\/www.deberes.net\/tesis\/wp-json\/wp\/v2\/posts"}],"about":[{"href":"https:\/\/www.deberes.net\/tesis\/wp-json\/wp\/v2\/types\/post"}],"author":[{"embeddable":true,"href":"https:\/\/www.deberes.net\/tesis\/wp-json\/wp\/v2\/users\/1"}],"replies":[{"embeddable":true,"href":"https:\/\/www.deberes.net\/tesis\/wp-json\/wp\/v2\/comments?post=76652"}],"version-history":[{"count":0,"href":"https:\/\/www.deberes.net\/tesis\/wp-json\/wp\/v2\/posts\/76652\/revisions"}],"wp:attachment":[{"href":"https:\/\/www.deberes.net\/tesis\/wp-json\/wp\/v2\/media?parent=76652"}],"wp:term":[{"taxonomy":"category","embeddable":true,"href":"https:\/\/www.deberes.net\/tesis\/wp-json\/wp\/v2\/categories?post=76652"},{"taxonomy":"post_tag","embeddable":true,"href":"https:\/\/www.deberes.net\/tesis\/wp-json\/wp\/v2\/tags?post=76652"}],"curies":[{"name":"wp","href":"https:\/\/api.w.org\/{rel}","templated":true}]}}