{"id":76706,"date":"2018-03-09T23:22:07","date_gmt":"2018-03-09T23:22:07","guid":{"rendered":"https:\/\/www.deberes.net\/tesis\/sin-categoria\/el-sistema-de-fuentes-de-la-funcion-publica-local-consecuencias-de-la-coexistencia-de-titulos-competenciales-diferenciales\/"},"modified":"2018-03-09T23:22:07","modified_gmt":"2018-03-09T23:22:07","slug":"el-sistema-de-fuentes-de-la-funcion-publica-local-consecuencias-de-la-coexistencia-de-titulos-competenciales-diferenciales","status":"publish","type":"post","link":"https:\/\/www.deberes.net\/tesis\/derecho-administrativo\/el-sistema-de-fuentes-de-la-funcion-publica-local-consecuencias-de-la-coexistencia-de-titulos-competenciales-diferenciales\/","title":{"rendered":"El sistema de fuentes de la funcion publica local. consecuencias de la coexistencia de titulos competenciales diferenciales"},"content":{"rendered":"<h2>Tesis doctoral de <strong> Miguel Ram\u00f3n Pic\u00f3 Ense\u00f1at <\/strong><\/h2>\n<p>Esta tesis ha tenido como objetivo fundamental -tal y como reza en su t\u00edtulo- analizar las consecuencias que para el sistema de fuentes de la funci\u00f3n p\u00fablica local supone la coexistencia de una pluralidad de t\u00edtulos competenciales incidentales diferenciales. Y m\u00e1s concretamente demostrar que una de sus consecuencias esenciales es la generaci\u00f3n de unas antinomias jur\u00eddicas para cuya superaci\u00f3n los principios aplicativos ordinarios devienen insuficientes, constituyendo por ende el objetivo final de esta tesis proponer una soluci\u00f3n aplicativa. en su estructura, la tesis se corresponde con la din\u00e1mica llevada a t\u00e9rmino en las sucesivas fases de la investigaci\u00f3n.  en primer lugar se ha pretendido identificar y clasificar los diferentes problemas que aparecen en el sistema de la funci\u00f3n p\u00fablica local, tomando como criterios de referencia a efectos clasificatorios el de sus etiolog\u00edas y sus patolog\u00edas, o, dicho de otra manera, el de las causas y las formas de manifestaci\u00f3n de las diferentes problem\u00e1ticas jur\u00eddicas. en segundo lugar, la investigaci\u00f3n y por ende la tesis, se ha centrado en delimitar y obtener una definici\u00f3n conceptual de las patolog\u00edas derivadas de la coexistencia de una pluralidad de t\u00edtulos competenciales incidentales; a las que se ha denominado: \u00abproblemas competenciales\u00bb. Definidos los \u00abproblemas competenciales\u00bb,  la investigaci\u00f3n se ha orientado a analizar los elementos que se consideraban determinantes en su g\u00e9nesis. la tercera fase de la investigaci\u00f3n se ha llevado a t\u00e9rmino con un doble objetivo: por una parte, demostrar la imposibilidad de dar una soluci\u00f3n aplicativa a los \u00abproblemas competenciales\u00bb mediante la utilizaci\u00f3n de los principios aplicativos ordinarios (cronol\u00f3gico, jer\u00e1rquico, de especialidad y de competencia, \u00e9ste \u00faltimo tanto respecto a la fuente material como respecto a la fuente formal) y, por otra parte, como correlato inmediato, proponer una soluci\u00f3n aplicativa. En esta \u00faltima labor se ha puesto de manifiesto que si bien la categor\u00eda de los \u00abproblemas competenciales\u00bb desde el punto de vista causal indudablemente constitu\u00eda un \u00fanico g\u00e9nero, sin embargo, en funci\u00f3n de que la magnitud de la incidencia de los diferentes t\u00edtulos competenciales coincidentes fuese intensa, peri\u00f3dica o puntual, nos encontr\u00e1bamos ante unas especies con unas patolog\u00edas y unas propuestas de soluciones aplicativas diferenciales. dentro de esta \u00faltima fase el epicentro del discurso jur\u00eddico se ha residenciado en el an\u00e1lisis y resoluci\u00f3n de la colisi\u00f3n normativa entre t\u00edtulos competenciales de incidencia intensa de derecho sustantivo, es decir, la resoluci\u00f3n de las antinomias que se configuran entre las materias: \u00abr\u00e9gimen estatutario de los funcionarios p\u00fablicos\u00bb ex 149.1.18.2\u00c2\u00ba inciso y \u00abr\u00e9gimen jur\u00eddico de las administraciones p\u00fablicas\u00bb (entre las cuales se encuentra la administraci\u00f3n local) ex 149.1.18.1r inciso, ambos de la constituci\u00f3n. asimismo, dentro del an\u00e1lisis de los \u00abproblemas competenciales\u00bb derivados de t\u00edtulos competenciales diferenciales de incidencia intensa, se ha considerado procedente llevar a t\u00e9rmino el estudio de la problem\u00e1tica espec\u00edfica provocada por la colisi\u00f3n entre normas de derecho sustantivo y de derecho adjetivo. finalmente, dada su importancia dentro del sistema de fuentes de la funci\u00f3n p\u00fablica local, tambi\u00e9n se ha considerado procedente hacer una referencia espec\u00edfica a las especialidades que dentro de los \u00abproblemas competenciales\u00bb pudieran presentar, por una parte, las ordenanzas y reglamentos locales y, por otra parte, los acuerdos y pactos locales.<\/p>\n<p>&nbsp;<\/p>\n<h3>Datos acad\u00e9micos de la tesis doctoral \u00ab<strong>El sistema de fuentes de la funcion publica local. consecuencias de la coexistencia de titulos competenciales diferenciales<\/strong>\u00ab<\/h3>\n<ul>\n<li><strong>T\u00edtulo de la tesis:<\/strong>\u00a0 El sistema de fuentes de la funcion publica local. consecuencias de la coexistencia de titulos competenciales diferenciales <\/li>\n<li><strong>Autor:<\/strong>\u00a0 Miguel Ram\u00f3n Pic\u00f3 Ense\u00f1at <\/li>\n<li><strong>Universidad:<\/strong>\u00a0 Nacional de educaci\u00f3n a distancia<\/li>\n<li><strong>Fecha de lectura de la tesis:<\/strong>\u00a0 15\/10\/2005<\/li>\n<\/ul>\n<p>&nbsp;<\/p>\n<h3>Direcci\u00f3n y tribunal<\/h3>\n<ul>\n<li><strong>Director de la tesis<\/strong>\n<ul>\n<li>Jes\u00fas Angel Fuentetaja Pastor<\/li>\n<\/ul>\n<\/li>\n<li><strong>Tribunal<\/strong>\n<ul>\n<li>Presidente del tribunal: Jos\u00e9 ram\u00f3n Parada v\u00e1zquez <\/li>\n<li>Javier Guill\u00e9n carames (vocal)<\/li>\n<li>Luis Miguel Arroyo llanes (vocal)<\/li>\n<li>josefa Cantero Martinez (vocal)<\/li>\n<\/ul>\n<\/li>\n<\/ul>\n<p>&nbsp;<\/p>\n","protected":false},"excerpt":{"rendered":"<p>Tesis doctoral de Miguel Ram\u00f3n Pic\u00f3 Ense\u00f1at Esta tesis ha tenido como objetivo fundamental -tal y como reza en su [&hellip;]<\/p>\n","protected":false},"author":1,"featured_media":0,"comment_status":"open","ping_status":"open","sticky":false,"template":"","format":"standard","meta":{"site-sidebar-layout":"default","site-content-layout":"","ast-site-content-layout":"","site-content-style":"default","site-sidebar-style":"default","ast-global-header-display":"","ast-banner-title-visibility":"","ast-main-header-display":"","ast-hfb-above-header-display":"","ast-hfb-below-header-display":"","ast-hfb-mobile-header-display":"","site-post-title":"","ast-breadcrumbs-content":"","ast-featured-img":"","footer-sml-layout":"","theme-transparent-header-meta":"","adv-header-id-meta":"","stick-header-meta":"","header-above-stick-meta":"","header-main-stick-meta":"","header-below-stick-meta":"","astra-migrate-meta-layouts":"default","ast-page-background-enabled":"default","ast-page-background-meta":{"desktop":{"background-color":"var(--ast-global-color-4)","background-image":"","background-repeat":"repeat","background-position":"center center","background-size":"auto","background-attachment":"scroll","background-type":"","background-media":"","overlay-type":"","overlay-color":"","overlay-gradient":""},"tablet":{"background-color":"","background-image":"","background-repeat":"repeat","background-position":"center center","background-size":"auto","background-attachment":"scroll","background-type":"","background-media":"","overlay-type":"","overlay-color":"","overlay-gradient":""},"mobile":{"background-color":"","background-image":"","background-repeat":"repeat","background-position":"center center","background-size":"auto","background-attachment":"scroll","background-type":"","background-media":"","overlay-type":"","overlay-color":"","overlay-gradient":""}},"ast-content-background-meta":{"desktop":{"background-color":"var(--ast-global-color-5)","background-image":"","background-repeat":"repeat","background-position":"center center","background-size":"auto","background-attachment":"scroll","background-type":"","background-media":"","overlay-type":"","overlay-color":"","overlay-gradient":""},"tablet":{"background-color":"var(--ast-global-color-5)","background-image":"","background-repeat":"repeat","background-position":"center center","background-size":"auto","background-attachment":"scroll","background-type":"","background-media":"","overlay-type":"","overlay-color":"","overlay-gradient":""},"mobile":{"background-color":"var(--ast-global-color-5)","background-image":"","background-repeat":"repeat","background-position":"center center","background-size":"auto","background-attachment":"scroll","background-type":"","background-media":"","overlay-type":"","overlay-color":"","overlay-gradient":""}},"footnotes":""},"categories":[1442,17070],"tags":[45660,107542,1918,106632,165428,165427],"class_list":["post-76706","post","type-post","status-publish","format-standard","hentry","category-derecho-administrativo","category-nacional-de-educacion-a-distancia","tag-javier-guillen-carames","tag-jesus-angel-fuentetaja-pastor","tag-jose-ramon-parada-vazquez","tag-josefa-cantero-Martinez","tag-luis-miguel-arroyo-llanes","tag-miguel-ramon-pico-ensenat"],"_links":{"self":[{"href":"https:\/\/www.deberes.net\/tesis\/wp-json\/wp\/v2\/posts\/76706","targetHints":{"allow":["GET"]}}],"collection":[{"href":"https:\/\/www.deberes.net\/tesis\/wp-json\/wp\/v2\/posts"}],"about":[{"href":"https:\/\/www.deberes.net\/tesis\/wp-json\/wp\/v2\/types\/post"}],"author":[{"embeddable":true,"href":"https:\/\/www.deberes.net\/tesis\/wp-json\/wp\/v2\/users\/1"}],"replies":[{"embeddable":true,"href":"https:\/\/www.deberes.net\/tesis\/wp-json\/wp\/v2\/comments?post=76706"}],"version-history":[{"count":0,"href":"https:\/\/www.deberes.net\/tesis\/wp-json\/wp\/v2\/posts\/76706\/revisions"}],"wp:attachment":[{"href":"https:\/\/www.deberes.net\/tesis\/wp-json\/wp\/v2\/media?parent=76706"}],"wp:term":[{"taxonomy":"category","embeddable":true,"href":"https:\/\/www.deberes.net\/tesis\/wp-json\/wp\/v2\/categories?post=76706"},{"taxonomy":"post_tag","embeddable":true,"href":"https:\/\/www.deberes.net\/tesis\/wp-json\/wp\/v2\/tags?post=76706"}],"curies":[{"name":"wp","href":"https:\/\/api.w.org\/{rel}","templated":true}]}}