{"id":76722,"date":"2018-03-09T23:22:07","date_gmt":"2018-03-09T23:22:07","guid":{"rendered":"https:\/\/www.deberes.net\/tesis\/sin-categoria\/modelos-y-formatos-del-discurso-cultural-massmediatico-en-la-sociedad-globalizada\/"},"modified":"2018-03-09T23:22:07","modified_gmt":"2018-03-09T23:22:07","slug":"modelos-y-formatos-del-discurso-cultural-massmediatico-en-la-sociedad-globalizada","status":"publish","type":"post","link":"https:\/\/www.deberes.net\/tesis\/historia\/modelos-y-formatos-del-discurso-cultural-massmediatico-en-la-sociedad-globalizada\/","title":{"rendered":"Modelos y formatos del discurso cultural massmedi\u00e1tico en la sociedad globalizada"},"content":{"rendered":"<h2>Tesis doctoral de <strong> Manuel De La Fuente Soler <\/strong><\/h2>\n<p>Esta tesis pretende ser una reflexi\u00f3n sobre los discursos de la industria cultural y sus posibles respuestas en cuanto que \u00e9stos se han constituido en discursos dominantes que ocultan su artificio. Este estudio tiene diversas implicaciones pol\u00edticas desde el momento en que las pr\u00e1cticas ejercidas por la industria afectan a las relaciones entre administradores y administrados. en este sentido es necesario considerar, adem\u00e1s, el fen\u00f3meno de la globalizaci\u00f3n, ya que las pr\u00e1cticas discursivas y las acciones pol\u00edticas vienen contando, en los \u00faltimos a\u00f1os, con una r\u00e1pida exportaci\u00f3n.  el trabajo se centra en el debate pol\u00edtico vivido en estados unidos en la d\u00e9cada de los 80, en el periodo que se ha dado en conocer como \u00abla revoluci\u00f3n conservadora\u00bb. Las pr\u00e1cticas pol\u00edticas de la administraci\u00f3n de ronald reagan contaron con una respuesta desde el discurso del rock. As\u00ed, esta tesis analiza la obra del m\u00fasico frank zappa, entendida \u00e9sta como un di\u00e1logo con la situaci\u00f3n pol\u00edtica del momento en un af\u00e1n de movilizaci\u00f3n pol\u00edtica en el receptor.  el an\u00e1lisis de los textos de zappa parten de unos fundamentos ideol\u00f3gicos a partir de los cuales vehiculan una alternativa a los discursos del reaganismo. estos discursos dominantes se manifiestan en diversos frentes de acci\u00f3n, como la censura de la industria cultural o la reescritura de la historia con fines partidistas. Las contradicciones de estos discursos quedar\u00edan reflejados, seg\u00fan demuestran los textos de zappa, en los diversos esc\u00e1ndalos pol\u00edticos protagonizados por los m\u00e1s altos representantes de la administraci\u00f3n reagan.  la tesis presenta una serie de conclusiones que recogen la idea fundamental de la obra de zappa: su preocupaci\u00f3n por la educaci\u00f3n de la juventud. Este trabajo intenta constatar la validez del rock como respuesta a la homogeneizaci\u00f3n ideol\u00f3gica del poder. De hecho, esta concepci\u00f3n del artista como catalizador para la movilizaci\u00f3n pol\u00edtic<\/p>\n<p>&nbsp;<\/p>\n<h3>Datos acad\u00e9micos de la tesis doctoral \u00ab<strong>Modelos y formatos del discurso cultural massmedi\u00e1tico en la sociedad globalizada<\/strong>\u00ab<\/h3>\n<ul>\n<li><strong>T\u00edtulo de la tesis:<\/strong>\u00a0 Modelos y formatos del discurso cultural massmedi\u00e1tico en la sociedad globalizada <\/li>\n<li><strong>Autor:<\/strong>\u00a0 Manuel De La Fuente Soler <\/li>\n<li><strong>Universidad:<\/strong>\u00a0 Universitat de val\u00e9ncia (estudi general)<\/li>\n<li><strong>Fecha de lectura de la tesis:<\/strong>\u00a0 17\/10\/2005<\/li>\n<\/ul>\n<p>&nbsp;<\/p>\n<h3>Direcci\u00f3n y tribunal<\/h3>\n<ul>\n<li><strong>Director de la tesis<\/strong>\n<ul>\n<li>Jenaro Talens Carmona<\/li>\n<\/ul>\n<\/li>\n<li><strong>Tribunal<\/strong>\n<ul>\n<li>Presidente del tribunal: Luis Puig espinosa <\/li>\n<li>Jos\u00e9 Luis Pardo tor\u00edo (vocal)<\/li>\n<li>santos Zunzunegui d\u00edez (vocal)<\/li>\n<li> Fern\u00e1ndez serrato Juan  Carlos (vocal)<\/li>\n<\/ul>\n<\/li>\n<\/ul>\n<p>&nbsp;<\/p>\n","protected":false},"excerpt":{"rendered":"<p>Tesis doctoral de Manuel De La Fuente Soler Esta tesis pretende ser una reflexi\u00f3n sobre los discursos de la industria [&hellip;]<\/p>\n","protected":false},"author":1,"featured_media":0,"comment_status":"open","ping_status":"open","sticky":false,"template":"","format":"standard","meta":{"site-sidebar-layout":"default","site-content-layout":"","ast-site-content-layout":"","site-content-style":"default","site-sidebar-style":"default","ast-global-header-display":"","ast-banner-title-visibility":"","ast-main-header-display":"","ast-hfb-above-header-display":"","ast-hfb-below-header-display":"","ast-hfb-mobile-header-display":"","site-post-title":"","ast-breadcrumbs-content":"","ast-featured-img":"","footer-sml-layout":"","theme-transparent-header-meta":"","adv-header-id-meta":"","stick-header-meta":"","header-above-stick-meta":"","header-main-stick-meta":"","header-below-stick-meta":"","astra-migrate-meta-layouts":"default","ast-page-background-enabled":"default","ast-page-background-meta":{"desktop":{"background-color":"var(--ast-global-color-4)","background-image":"","background-repeat":"repeat","background-position":"center center","background-size":"auto","background-attachment":"scroll","background-type":"","background-media":"","overlay-type":"","overlay-color":"","overlay-gradient":""},"tablet":{"background-color":"","background-image":"","background-repeat":"repeat","background-position":"center center","background-size":"auto","background-attachment":"scroll","background-type":"","background-media":"","overlay-type":"","overlay-color":"","overlay-gradient":""},"mobile":{"background-color":"","background-image":"","background-repeat":"repeat","background-position":"center center","background-size":"auto","background-attachment":"scroll","background-type":"","background-media":"","overlay-type":"","overlay-color":"","overlay-gradient":""}},"ast-content-background-meta":{"desktop":{"background-color":"var(--ast-global-color-5)","background-image":"","background-repeat":"repeat","background-position":"center center","background-size":"auto","background-attachment":"scroll","background-type":"","background-media":"","overlay-type":"","overlay-color":"","overlay-gradient":""},"tablet":{"background-color":"var(--ast-global-color-5)","background-image":"","background-repeat":"repeat","background-position":"center center","background-size":"auto","background-attachment":"scroll","background-type":"","background-media":"","overlay-type":"","overlay-color":"","overlay-gradient":""},"mobile":{"background-color":"var(--ast-global-color-5)","background-image":"","background-repeat":"repeat","background-position":"center center","background-size":"auto","background-attachment":"scroll","background-type":"","background-media":"","overlay-type":"","overlay-color":"","overlay-gradient":""}},"footnotes":""},"categories":[954,838,104,5051,4840,12931,7374,269,2232],"tags":[35494,4740,31505,3535,165456,5038],"class_list":["post-76722","post","type-post","status-publish","format-standard","hentry","category-biografias","category-ciencia-politica","category-historia","category-medios-de-comunicacion-de-masas","category-opinion-publica","category-relaciones-culturales","category-sistemas-politicos","category-sociologia","category-sociologia-cultural","tag-fernandez-serrato-juan-carlos","tag-jenaro-talens-carmona","tag-jose-luis-pardo-torio","tag-luis-puig-espinosa","tag-manuel-de-la-fuente-soler","tag-santos-zunzunegui-diez"],"_links":{"self":[{"href":"https:\/\/www.deberes.net\/tesis\/wp-json\/wp\/v2\/posts\/76722","targetHints":{"allow":["GET"]}}],"collection":[{"href":"https:\/\/www.deberes.net\/tesis\/wp-json\/wp\/v2\/posts"}],"about":[{"href":"https:\/\/www.deberes.net\/tesis\/wp-json\/wp\/v2\/types\/post"}],"author":[{"embeddable":true,"href":"https:\/\/www.deberes.net\/tesis\/wp-json\/wp\/v2\/users\/1"}],"replies":[{"embeddable":true,"href":"https:\/\/www.deberes.net\/tesis\/wp-json\/wp\/v2\/comments?post=76722"}],"version-history":[{"count":0,"href":"https:\/\/www.deberes.net\/tesis\/wp-json\/wp\/v2\/posts\/76722\/revisions"}],"wp:attachment":[{"href":"https:\/\/www.deberes.net\/tesis\/wp-json\/wp\/v2\/media?parent=76722"}],"wp:term":[{"taxonomy":"category","embeddable":true,"href":"https:\/\/www.deberes.net\/tesis\/wp-json\/wp\/v2\/categories?post=76722"},{"taxonomy":"post_tag","embeddable":true,"href":"https:\/\/www.deberes.net\/tesis\/wp-json\/wp\/v2\/tags?post=76722"}],"curies":[{"name":"wp","href":"https:\/\/api.w.org\/{rel}","templated":true}]}}