{"id":76725,"date":"2018-03-09T23:22:07","date_gmt":"2018-03-09T23:22:07","guid":{"rendered":"https:\/\/www.deberes.net\/tesis\/sin-categoria\/morbi-mortalidad-asociada-al-consumo-de-heroa%c2%adna\/"},"modified":"2018-03-09T23:22:07","modified_gmt":"2018-03-09T23:22:07","slug":"morbi-mortalidad-asociada-al-consumo-de-heroa%c2%adna","status":"publish","type":"post","link":"https:\/\/www.deberes.net\/tesis\/salud-publica\/morbi-mortalidad-asociada-al-consumo-de-heroa%c2%adna\/","title":{"rendered":"Morbi-mortalidad asociada al consumo de hero\u00edna"},"content":{"rendered":"<h2>Tesis doctoral de <strong> M. Teresa Brugal Puig <\/strong><\/h2>\n<p>Tesis realizada mediante un compendio de tres estudios epidemiol\u00f3gicos que intentan describir el impacto sanitario que el consumo problem\u00e1tico de hero\u00edna ha generado en espa\u00f1a en general, y en barcelona en particular. Los estudios se han focalizado en las sobredosis no mortales y en la mortalidad de los consumidores de hero\u00edna, incidiendo en el papel relevante que ha tenido la metadona como pol\u00edtica de reducci\u00f3n de da\u00f1os y el impacto que estas enfermedades han tenido en la mortalidad general de espa\u00f1a. el primer art\u00edculo -factors associated with non-fatal heroin overdose: assessing the effect of frequency and route of heroin administration. Addiction, 2002; 97:319-327- describe las sobredosis no mortales padecidas por los usuarios de hero\u00edna y analiza los factores asociados a las mismas.  el segundo &#8211; estimaci\u00f3n de la mortalidad atribuible al consumo de drogas ilegales en espa\u00f1a.Med clin (barc), 2004; 123:775-777- analiza el impacto del consumo de hero\u00edna en la mortalidad general espa\u00f1ola.  finalmente, el tercer art\u00edculo -evaluating the impact of methadone maintenance programs on mortality due to overdose and aids in a cohort of heroin users in spain. Addiction, 2005; 100:981-89- estudia la efectividad de los programas de mantenimiento con metadona como herramienta terap\u00e9utica para reducir la mortalidad e incrementar la esperanza de vida.<\/p>\n<p>&nbsp;<\/p>\n<h3>Datos acad\u00e9micos de la tesis doctoral \u00ab<strong>Morbi-mortalidad asociada al consumo de hero\u00edna<\/strong>\u00ab<\/h3>\n<ul>\n<li><strong>T\u00edtulo de la tesis:<\/strong>\u00a0 Morbi-mortalidad asociada al consumo de hero\u00edna <\/li>\n<li><strong>Autor:<\/strong>\u00a0 M. Teresa Brugal Puig <\/li>\n<li><strong>Universidad:<\/strong>\u00a0 Aut\u00f3noma de barcelona<\/li>\n<li><strong>Fecha de lectura de la tesis:<\/strong>\u00a0 17\/10\/2005<\/li>\n<\/ul>\n<p>&nbsp;<\/p>\n<h3>Direcci\u00f3n y tribunal<\/h3>\n<ul>\n<li><strong>Director de la tesis<\/strong>\n<ul>\n<li>Antonia Domingo Salvany<\/li>\n<\/ul>\n<\/li>\n<li><strong>Tribunal<\/strong>\n<ul>\n<li>Presidente del tribunal: ildefonso Hernandez aguado <\/li>\n<li>marina Davoli (vocal)<\/li>\n<li>carme Borrell thio (vocal)<\/li>\n<li>Jos\u00e9 S\u00e1nchez paya (vocal)<\/li>\n<\/ul>\n<\/li>\n<\/ul>\n<p>&nbsp;<\/p>\n","protected":false},"excerpt":{"rendered":"<p>Tesis doctoral de M. Teresa Brugal Puig Tesis realizada mediante un compendio de tres estudios epidemiol\u00f3gicos que intentan describir el [&hellip;]<\/p>\n","protected":false},"author":1,"featured_media":0,"comment_status":"open","ping_status":"open","sticky":false,"template":"","format":"standard","meta":{"site-sidebar-layout":"default","site-content-layout":"","ast-site-content-layout":"","site-content-style":"default","site-sidebar-style":"default","ast-global-header-display":"","ast-banner-title-visibility":"","ast-main-header-display":"","ast-hfb-above-header-display":"","ast-hfb-below-header-display":"","ast-hfb-mobile-header-display":"","site-post-title":"","ast-breadcrumbs-content":"","ast-featured-img":"","footer-sml-layout":"","theme-transparent-header-meta":"","adv-header-id-meta":"","stick-header-meta":"","header-above-stick-meta":"","header-main-stick-meta":"","header-below-stick-meta":"","astra-migrate-meta-layouts":"default","ast-page-background-enabled":"default","ast-page-background-meta":{"desktop":{"background-color":"var(--ast-global-color-4)","background-image":"","background-repeat":"repeat","background-position":"center center","background-size":"auto","background-attachment":"scroll","background-type":"","background-media":"","overlay-type":"","overlay-color":"","overlay-gradient":""},"tablet":{"background-color":"","background-image":"","background-repeat":"repeat","background-position":"center center","background-size":"auto","background-attachment":"scroll","background-type":"","background-media":"","overlay-type":"","overlay-color":"","overlay-gradient":""},"mobile":{"background-color":"","background-image":"","background-repeat":"repeat","background-position":"center center","background-size":"auto","background-attachment":"scroll","background-type":"","background-media":"","overlay-type":"","overlay-color":"","overlay-gradient":""}},"ast-content-background-meta":{"desktop":{"background-color":"var(--ast-global-color-5)","background-image":"","background-repeat":"repeat","background-position":"center center","background-size":"auto","background-attachment":"scroll","background-type":"","background-media":"","overlay-type":"","overlay-color":"","overlay-gradient":""},"tablet":{"background-color":"var(--ast-global-color-5)","background-image":"","background-repeat":"repeat","background-position":"center center","background-size":"auto","background-attachment":"scroll","background-type":"","background-media":"","overlay-type":"","overlay-color":"","overlay-gradient":""},"mobile":{"background-color":"var(--ast-global-color-5)","background-image":"","background-repeat":"repeat","background-position":"center center","background-size":"auto","background-attachment":"scroll","background-type":"","background-media":"","overlay-type":"","overlay-color":"","overlay-gradient":""}},"footnotes":""},"categories":[1086,967],"tags":[13853,29131,19297,78619,165461,165462],"class_list":["post-76725","post","type-post","status-publish","format-standard","hentry","category-epidemiologia","category-salud-publica","tag-antonia-domingo-salvany","tag-carme-borrell-thio","tag-ildefonso-hernandez-aguado","tag-jose-sanchez-paya","tag-m-teresa-brugal-puig","tag-marina-davoli"],"_links":{"self":[{"href":"https:\/\/www.deberes.net\/tesis\/wp-json\/wp\/v2\/posts\/76725","targetHints":{"allow":["GET"]}}],"collection":[{"href":"https:\/\/www.deberes.net\/tesis\/wp-json\/wp\/v2\/posts"}],"about":[{"href":"https:\/\/www.deberes.net\/tesis\/wp-json\/wp\/v2\/types\/post"}],"author":[{"embeddable":true,"href":"https:\/\/www.deberes.net\/tesis\/wp-json\/wp\/v2\/users\/1"}],"replies":[{"embeddable":true,"href":"https:\/\/www.deberes.net\/tesis\/wp-json\/wp\/v2\/comments?post=76725"}],"version-history":[{"count":0,"href":"https:\/\/www.deberes.net\/tesis\/wp-json\/wp\/v2\/posts\/76725\/revisions"}],"wp:attachment":[{"href":"https:\/\/www.deberes.net\/tesis\/wp-json\/wp\/v2\/media?parent=76725"}],"wp:term":[{"taxonomy":"category","embeddable":true,"href":"https:\/\/www.deberes.net\/tesis\/wp-json\/wp\/v2\/categories?post=76725"},{"taxonomy":"post_tag","embeddable":true,"href":"https:\/\/www.deberes.net\/tesis\/wp-json\/wp\/v2\/tags?post=76725"}],"curies":[{"name":"wp","href":"https:\/\/api.w.org\/{rel}","templated":true}]}}