{"id":76727,"date":"2018-03-09T23:22:07","date_gmt":"2018-03-09T23:22:07","guid":{"rendered":"https:\/\/www.deberes.net\/tesis\/sin-categoria\/estudio-economico-sanitario-de-las-necesidades-de-equipamiento-de-alta-tecnologa%c2%ada-medica-en-galicia-planificacion\/"},"modified":"2018-03-09T23:22:07","modified_gmt":"2018-03-09T23:22:07","slug":"estudio-economico-sanitario-de-las-necesidades-de-equipamiento-de-alta-tecnologa%c2%ada-medica-en-galicia-planificacion","status":"publish","type":"post","link":"https:\/\/www.deberes.net\/tesis\/ciencias-economicas\/estudio-economico-sanitario-de-las-necesidades-de-equipamiento-de-alta-tecnologa%c2%ada-medica-en-galicia-planificacion\/","title":{"rendered":"Estudio econ\u00f3mico-sanitario de las necesidades de equipamiento de alta tecnolog\u00eda m\u00e9dica en galicia: planificaci\u00f3n."},"content":{"rendered":"<h2>Tesis doctoral de <strong> Francisco Reyes Santias <\/strong><\/h2>\n<p>El objetivo de la tesis es evaluar la adopci\u00f3n de las tecnolog\u00edas tac (tomograf\u00eda acial computerizada) y rm (resonancia magn\u00e9tica), analizar sus curvas de difusi\u00f3n la extencsi\u00f3n en el uso su utilizaci\u00f3n. Se utilizan datos de panel de la totalidad de los hospitales dependientes del sergas. El per\u00edodo temporal del estudio es 1995 a 2001. Las variables utilizadas para el estudio se han agrupado en variables sociodemogr\u00e1ficas, variables de recursos y estructura y variables de actividad. Se han desarrollado diferentes metodolog\u00edas consistentes en la clasificaci\u00f3n de hospitales mediante cluster, la reducci\u00f3n de n\u00famero de variables mediante an\u00e1lisis de componentese principales, el estudio de difusi\u00f3n mediante  anova de medidas repetidas, el estudio de adopci\u00f3n mediante an\u00e1lisis discriminante, el estudio de extensi\u00f3n de uso y de utilizaci\u00f3n mediante regresiones lineales m\u00faltiples de mco. Los resultados obtenidos muestran una correlaci\u00f3n positiva n\u00c2\u00ba equipos y n\u00c2\u00ba exploraciones, correlaci\u00f3n positiva n\u00c2\u00ba rm y n\u00c2\u00ba exploraciones tac y viceversa, no significaci\u00f3n efecto conjunto tiempo-cluster para tac, coeficiente discriminante positivo y significativo de dimensi\u00f3n y volumen hospital para tac y rm coeficiente regresi\u00f3n variable sociodemogr\u00e1fica no significativo, coeficiente discriminante de radiolog\u00eda negativo y significativo. Entre las principales conclusiones podemos destacar que la utilizaci\u00f3n de tac y rm cumple ley de roemer, tac y rm son complementarios, la difusi\u00f3n equitativa de tac en el sergas, la dimensi\u00f3n y volumen hospital determina adopci\u00f3n tac y rm p\u00fablicos, inducci\u00f3n de demanda exploraciones tac y que tac y rm privado sustitutos radiolog\u00eda p\u00fablica.<\/p>\n<p>&nbsp;<\/p>\n<h3>Datos acad\u00e9micos de la tesis doctoral \u00ab<strong>Estudio econ\u00f3mico-sanitario de las necesidades de equipamiento de alta tecnolog\u00eda m\u00e9dica en galicia: planificaci\u00f3n.<\/strong>\u00ab<\/h3>\n<ul>\n<li><strong>T\u00edtulo de la tesis:<\/strong>\u00a0 Estudio econ\u00f3mico-sanitario de las necesidades de equipamiento de alta tecnolog\u00eda m\u00e9dica en galicia: planificaci\u00f3n. <\/li>\n<li><strong>Autor:<\/strong>\u00a0 Francisco Reyes Santias <\/li>\n<li><strong>Universidad:<\/strong>\u00a0 A coru\u00f1a<\/li>\n<li><strong>Fecha de lectura de la tesis:<\/strong>\u00a0 17\/10\/2005<\/li>\n<\/ul>\n<p>&nbsp;<\/p>\n<h3>Direcci\u00f3n y tribunal<\/h3>\n<ul>\n<li><strong>Director de la tesis<\/strong>\n<ul>\n<li> Fa\u00ed\u00f1a Med\u00edn J Andr\u00e9s<\/li>\n<\/ul>\n<\/li>\n<li><strong>Tribunal<\/strong>\n<ul>\n<li>Presidente del tribunal: enrique Moldes teo <\/li>\n<li>Francisco Javier Sanjiao otero (vocal)<\/li>\n<li>vicente Caballer mellado (vocal)<\/li>\n<li>Juan  Jos\u00e9 Vidal carreira (vocal)<\/li>\n<\/ul>\n<\/li>\n<\/ul>\n<p>&nbsp;<\/p>\n","protected":false},"excerpt":{"rendered":"<p>Tesis doctoral de Francisco Reyes Santias El objetivo de la tesis es evaluar la adopci\u00f3n de las tecnolog\u00edas tac (tomograf\u00eda [&hellip;]<\/p>\n","protected":false},"author":1,"featured_media":0,"comment_status":"open","ping_status":"open","sticky":false,"template":"","format":"standard","meta":{"site-sidebar-layout":"default","site-content-layout":"","ast-site-content-layout":"","site-content-style":"default","site-sidebar-style":"default","ast-global-header-display":"","ast-banner-title-visibility":"","ast-main-header-display":"","ast-hfb-above-header-display":"","ast-hfb-below-header-display":"","ast-hfb-mobile-header-display":"","site-post-title":"","ast-breadcrumbs-content":"","ast-featured-img":"","footer-sml-layout":"","theme-transparent-header-meta":"","adv-header-id-meta":"","stick-header-meta":"","header-above-stick-meta":"","header-main-stick-meta":"","header-below-stick-meta":"","astra-migrate-meta-layouts":"default","ast-page-background-enabled":"default","ast-page-background-meta":{"desktop":{"background-color":"var(--ast-global-color-4)","background-image":"","background-repeat":"repeat","background-position":"center center","background-size":"auto","background-attachment":"scroll","background-type":"","background-media":"","overlay-type":"","overlay-color":"","overlay-gradient":""},"tablet":{"background-color":"","background-image":"","background-repeat":"repeat","background-position":"center center","background-size":"auto","background-attachment":"scroll","background-type":"","background-media":"","overlay-type":"","overlay-color":"","overlay-gradient":""},"mobile":{"background-color":"","background-image":"","background-repeat":"repeat","background-position":"center center","background-size":"auto","background-attachment":"scroll","background-type":"","background-media":"","overlay-type":"","overlay-color":"","overlay-gradient":""}},"ast-content-background-meta":{"desktop":{"background-color":"var(--ast-global-color-5)","background-image":"","background-repeat":"repeat","background-position":"center center","background-size":"auto","background-attachment":"scroll","background-type":"","background-media":"","overlay-type":"","overlay-color":"","overlay-gradient":""},"tablet":{"background-color":"var(--ast-global-color-5)","background-image":"","background-repeat":"repeat","background-position":"center center","background-size":"auto","background-attachment":"scroll","background-type":"","background-media":"","overlay-type":"","overlay-color":"","overlay-gradient":""},"mobile":{"background-color":"var(--ast-global-color-5)","background-image":"","background-repeat":"repeat","background-position":"center center","background-size":"auto","background-attachment":"scroll","background-type":"","background-media":"","overlay-type":"","overlay-color":"","overlay-gradient":""}},"footnotes":""},"categories":[18576,82,17285,2825],"tags":[34986,165466,101538,165465,3057,16972],"class_list":["post-76727","post","type-post","status-publish","format-standard","hentry","category-a-coruna","category-ciencias-economicas","category-empresas-de-servicios-publicos","category-organizacion-industrial-y-sector-publico","tag-enrique-moldes-teo","tag-faina-medin-j-andres","tag-francisco-javier-sanjiao-otero","tag-francisco-reyes-santias","tag-juan-jose-vidal-carreira","tag-vicente-caballer-mellado"],"_links":{"self":[{"href":"https:\/\/www.deberes.net\/tesis\/wp-json\/wp\/v2\/posts\/76727","targetHints":{"allow":["GET"]}}],"collection":[{"href":"https:\/\/www.deberes.net\/tesis\/wp-json\/wp\/v2\/posts"}],"about":[{"href":"https:\/\/www.deberes.net\/tesis\/wp-json\/wp\/v2\/types\/post"}],"author":[{"embeddable":true,"href":"https:\/\/www.deberes.net\/tesis\/wp-json\/wp\/v2\/users\/1"}],"replies":[{"embeddable":true,"href":"https:\/\/www.deberes.net\/tesis\/wp-json\/wp\/v2\/comments?post=76727"}],"version-history":[{"count":0,"href":"https:\/\/www.deberes.net\/tesis\/wp-json\/wp\/v2\/posts\/76727\/revisions"}],"wp:attachment":[{"href":"https:\/\/www.deberes.net\/tesis\/wp-json\/wp\/v2\/media?parent=76727"}],"wp:term":[{"taxonomy":"category","embeddable":true,"href":"https:\/\/www.deberes.net\/tesis\/wp-json\/wp\/v2\/categories?post=76727"},{"taxonomy":"post_tag","embeddable":true,"href":"https:\/\/www.deberes.net\/tesis\/wp-json\/wp\/v2\/tags?post=76727"}],"curies":[{"name":"wp","href":"https:\/\/api.w.org\/{rel}","templated":true}]}}