{"id":76733,"date":"2018-03-09T23:22:07","date_gmt":"2018-03-09T23:22:07","guid":{"rendered":"https:\/\/www.deberes.net\/tesis\/sin-categoria\/la-determinacion-de-la-prestacion-del-trabajo\/"},"modified":"2018-03-09T23:22:07","modified_gmt":"2018-03-09T23:22:07","slug":"la-determinacion-de-la-prestacion-del-trabajo","status":"publish","type":"post","link":"https:\/\/www.deberes.net\/tesis\/sin-categoria\/la-determinacion-de-la-prestacion-del-trabajo\/","title":{"rendered":"La determinaci\u00f3n de la prestaci\u00f3n del trabajo"},"content":{"rendered":"<h2>Tesis doctoral de <strong> Miguel Cuenca Alarc\u00f3n <\/strong><\/h2>\n<p>El objeto del presente estudio es la configuraci\u00f3n jur\u00eddica de la actividad que el trabajador compromete y desarrolla a trav\u00e9s de la celebraci\u00f3n de un contrato de trabajo y, m\u00e1s concretamente, la incidencia de las distintas fuentes del derecho en la regulaci\u00f3n y determinaci\u00f3n de dicha actividad.      con este objetivo, se desarrolla inicialmente una breve caracterizaci\u00f3n de la actividad laboral desde variables no estrictamente jur\u00eddicas, como son las organizativas, las tecnol\u00f3gicas o las econ\u00f3micas. En un segundo momento, el debate jur\u00eddico trata de ser enmarcado desde el estudio de la doctrina del derecho com\u00fan de obligaciones y contratos, as\u00ed como de algunos ordenamientos espec\u00edficos como el derecho de consumo y de condiciones generales de la contrataci\u00f3n. El an\u00e1lisis desde el prisma del derecho positivo laboral lleva, en un tercer momento, a analizar dos instituciones laborales b\u00e1sicas como son el sistema de clasificaci\u00f3n y la noci\u00f3n legal de equiValencia profesional. dentro ya del an\u00e1lisis de la actividad de regulaci\u00f3n de origen consensual son analizadas determinadas instituciones espec\u00edficas como el pacto de poliValencia profesional. Por \u00faltimo, el estudio se adentra en el an\u00e1lisis de la intervenci\u00f3n de otras fuentes en la configuraci\u00f3n de la prestaci\u00f3n de trabajo, con especial referencia a los usos y pr\u00e1cticos de empresa.<\/p>\n<p>&nbsp;<\/p>\n<h3>Datos acad\u00e9micos de la tesis doctoral \u00ab<strong>La determinaci\u00f3n de la prestaci\u00f3n del trabajo<\/strong>\u00ab<\/h3>\n<ul>\n<li><strong>T\u00edtulo de la tesis:<\/strong>\u00a0 La determinaci\u00f3n de la prestaci\u00f3n del trabajo <\/li>\n<li><strong>Autor:<\/strong>\u00a0 Miguel Cuenca Alarc\u00f3n <\/li>\n<li><strong>Universidad:<\/strong>\u00a0 Complutense de Madrid<\/li>\n<li><strong>Fecha de lectura de la tesis:<\/strong>\u00a0 18\/10\/2005<\/li>\n<\/ul>\n<p>&nbsp;<\/p>\n<h3>Direcci\u00f3n y tribunal<\/h3>\n<ul>\n<li><strong>Director de la tesis<\/strong>\n<ul>\n<li> Sagardo Y Bengoechea Juan  Antonio<\/li>\n<\/ul>\n<\/li>\n<li><strong>Tribunal<\/strong>\n<ul>\n<li>Presidente del tribunal: fernando Vald\u00e9s-dal-r\u00e9 <\/li>\n<li>Jos\u00e9 Luis Monereo perez (vocal)<\/li>\n<li>ricardo Escudero rodriguez (vocal)<\/li>\n<li> Valle villar Jos\u00e9 Manuel del (vocal)<\/li>\n<\/ul>\n<\/li>\n<\/ul>\n<p>&nbsp;<\/p>\n","protected":false},"excerpt":{"rendered":"<p>Tesis doctoral de Miguel Cuenca Alarc\u00f3n El objeto del presente estudio es la configuraci\u00f3n jur\u00eddica de la actividad que el [&hellip;]<\/p>\n","protected":false},"author":1,"featured_media":0,"comment_status":"open","ping_status":"open","sticky":false,"template":"","format":"standard","meta":{"site-sidebar-layout":"default","site-content-layout":"","ast-site-content-layout":"","site-content-style":"default","site-sidebar-style":"default","ast-global-header-display":"","ast-banner-title-visibility":"","ast-main-header-display":"","ast-hfb-above-header-display":"","ast-hfb-below-header-display":"","ast-hfb-mobile-header-display":"","site-post-title":"","ast-breadcrumbs-content":"","ast-featured-img":"","footer-sml-layout":"","theme-transparent-header-meta":"","adv-header-id-meta":"","stick-header-meta":"","header-above-stick-meta":"","header-main-stick-meta":"","header-below-stick-meta":"","astra-migrate-meta-layouts":"default","ast-page-background-enabled":"default","ast-page-background-meta":{"desktop":{"background-color":"var(--ast-global-color-4)","background-image":"","background-repeat":"repeat","background-position":"center center","background-size":"auto","background-attachment":"scroll","background-type":"","background-media":"","overlay-type":"","overlay-color":"","overlay-gradient":""},"tablet":{"background-color":"","background-image":"","background-repeat":"repeat","background-position":"center center","background-size":"auto","background-attachment":"scroll","background-type":"","background-media":"","overlay-type":"","overlay-color":"","overlay-gradient":""},"mobile":{"background-color":"","background-image":"","background-repeat":"repeat","background-position":"center center","background-size":"auto","background-attachment":"scroll","background-type":"","background-media":"","overlay-type":"","overlay-color":"","overlay-gradient":""}},"ast-content-background-meta":{"desktop":{"background-color":"var(--ast-global-color-5)","background-image":"","background-repeat":"repeat","background-position":"center center","background-size":"auto","background-attachment":"scroll","background-type":"","background-media":"","overlay-type":"","overlay-color":"","overlay-gradient":""},"tablet":{"background-color":"var(--ast-global-color-5)","background-image":"","background-repeat":"repeat","background-position":"center center","background-size":"auto","background-attachment":"scroll","background-type":"","background-media":"","overlay-type":"","overlay-color":"","overlay-gradient":""},"mobile":{"background-color":"var(--ast-global-color-5)","background-image":"","background-repeat":"repeat","background-position":"center center","background-size":"auto","background-attachment":"scroll","background-type":"","background-media":"","overlay-type":"","overlay-color":"","overlay-gradient":""}},"footnotes":""},"categories":[1],"tags":[4718,28783,165480,26866,165481,17706],"class_list":["post-76733","post","type-post","status-publish","format-standard","hentry","category-sin-categoria","tag-fernando-valdes-dal-re","tag-jose-luis-monereo-perez","tag-miguel-cuenca-alarcon","tag-ricardo-escudero-rodriguez","tag-sagardo-y-bengoechea-juan-antonio","tag-valle-villar-jose-manuel-del"],"_links":{"self":[{"href":"https:\/\/www.deberes.net\/tesis\/wp-json\/wp\/v2\/posts\/76733","targetHints":{"allow":["GET"]}}],"collection":[{"href":"https:\/\/www.deberes.net\/tesis\/wp-json\/wp\/v2\/posts"}],"about":[{"href":"https:\/\/www.deberes.net\/tesis\/wp-json\/wp\/v2\/types\/post"}],"author":[{"embeddable":true,"href":"https:\/\/www.deberes.net\/tesis\/wp-json\/wp\/v2\/users\/1"}],"replies":[{"embeddable":true,"href":"https:\/\/www.deberes.net\/tesis\/wp-json\/wp\/v2\/comments?post=76733"}],"version-history":[{"count":0,"href":"https:\/\/www.deberes.net\/tesis\/wp-json\/wp\/v2\/posts\/76733\/revisions"}],"wp:attachment":[{"href":"https:\/\/www.deberes.net\/tesis\/wp-json\/wp\/v2\/media?parent=76733"}],"wp:term":[{"taxonomy":"category","embeddable":true,"href":"https:\/\/www.deberes.net\/tesis\/wp-json\/wp\/v2\/categories?post=76733"},{"taxonomy":"post_tag","embeddable":true,"href":"https:\/\/www.deberes.net\/tesis\/wp-json\/wp\/v2\/tags?post=76733"}],"curies":[{"name":"wp","href":"https:\/\/api.w.org\/{rel}","templated":true}]}}