{"id":76736,"date":"2018-03-09T23:22:11","date_gmt":"2018-03-09T23:22:11","guid":{"rendered":"https:\/\/www.deberes.net\/tesis\/sin-categoria\/la-responsabilidad-patrimonial-de-la-administracion-del-estado-en-chile-influencia-del-sistema-espanol\/"},"modified":"2018-03-09T23:22:11","modified_gmt":"2018-03-09T23:22:11","slug":"la-responsabilidad-patrimonial-de-la-administracion-del-estado-en-chile-influencia-del-sistema-espanol","status":"publish","type":"post","link":"https:\/\/www.deberes.net\/tesis\/derecho-administrativo\/la-responsabilidad-patrimonial-de-la-administracion-del-estado-en-chile-influencia-del-sistema-espanol\/","title":{"rendered":"La responsabilidad patrimonial de la administraci\u00f3n del estado en chile, influencia del sistema espa\u00f1ol"},"content":{"rendered":"<h2>Tesis doctoral de <strong> Luis Cordero Vega <\/strong><\/h2>\n<p>El objetivo de la tesis es intentar construir un marco anal\u00edtico com\u00fan del modelo de responsabilidad patrimonial de la administraci\u00f3n en chile, la que hasta la fecha ha tenido un fuerte ascendiente de la doctrina espa\u00f1ola.     en primer lugar, el trabajo explica los modelos de influencia en materia de responsabilidad patrimonial de la administraci\u00f3n del estado. En efecto, como se demuestran, tanto el modelo franc\u00e9s como el espa\u00f1ol generaron influencias m\u00e1s all\u00e1 de sus fronteras, pero mientras el modelo franc\u00e9s fue la clave de inicio del sistema de responsabilidad patrimonial de la administraci\u00f3n, el espa\u00f1ol lo fue del desarrollo durante la segunda mitad del siglo xx, hecho que marcar\u00e1 a los pa\u00edses de am\u00e9rica latina, los que experimentan el p\u00e9ndulo de la falta a la lesi\u00f3n. Del mismo modo, se analizan la doctrina y la jurisprudencia chilenas, marcadas por estas tendencias.     luego, pretenden proporcionar criterios comunes que permitan disponer de un marco b\u00e1sico sobre el cual descansa la responsabilidad de la administraci\u00f3n, intentando resolver si existe o no un criterio \u00fanico que permita fundarla. Su objetivo es formular una tesis acerca del sistema de responsabilidad patrimonial del estado actualmente vigente en chile, utilizando una metodolog\u00eda basada en la interpretaci\u00f3n de los textos legales y constitucionales, considerando la experiencia doctrinal y jurisprudencia en la materia seg\u00fan las funciones que debe cumplir el sistema de responsabilidad, y recurriendo igualmente a argumentos del an\u00e1lisis econ\u00f3mico del derecho, todo lo cual se traducir\u00e1 en la utilizaci\u00f3n de la noci\u00f3n de falta de servicio como funcionamiento anormal de la administraci\u00f3n, lejos de la interpretaci\u00f3n de la constituci\u00f3n chilena en clave espa\u00f1ola como fundamento de su responsabilidad.     de esta manera se busca construir un sistema de responsabilidad en base a un modelo que permita la imputaci\u00f3n de los da\u00f1os a la administraci\u00f3n desde la perspectiva de<\/p>\n<p>&nbsp;<\/p>\n<h3>Datos acad\u00e9micos de la tesis doctoral \u00ab<strong>La responsabilidad patrimonial de la administraci\u00f3n del estado en chile, influencia del sistema espa\u00f1ol<\/strong>\u00ab<\/h3>\n<ul>\n<li><strong>T\u00edtulo de la tesis:<\/strong>\u00a0 La responsabilidad patrimonial de la administraci\u00f3n del estado en chile, influencia del sistema espa\u00f1ol <\/li>\n<li><strong>Autor:<\/strong>\u00a0 Luis Cordero Vega <\/li>\n<li><strong>Universidad:<\/strong>\u00a0 Lleida<\/li>\n<li><strong>Fecha de lectura de la tesis:<\/strong>\u00a0 18\/10\/2005<\/li>\n<\/ul>\n<p>&nbsp;<\/p>\n<h3>Direcci\u00f3n y tribunal<\/h3>\n<ul>\n<li><strong>Director de la tesis<\/strong>\n<ul>\n<li>Juan  Mar\u00eda Peman Gavin<\/li>\n<\/ul>\n<\/li>\n<li><strong>Tribunal<\/strong>\n<ul>\n<li>Presidente del tribunal: Luis Mart\u00edn rebollo <\/li>\n<li>gerardo Garc\u00eda alvarez (vocal)<\/li>\n<li>Manuel Rebollo puig (vocal)<\/li>\n<li>Manuel Cueto p\u00e9rez (vocal)<\/li>\n<\/ul>\n<\/li>\n<\/ul>\n<p>&nbsp;<\/p>\n","protected":false},"excerpt":{"rendered":"<p>Tesis doctoral de Luis Cordero Vega El objetivo de la tesis es intentar construir un marco anal\u00edtico com\u00fan del modelo [&hellip;]<\/p>\n","protected":false},"author":1,"featured_media":0,"comment_status":"open","ping_status":"open","sticky":false,"template":"","format":"standard","meta":{"site-sidebar-layout":"default","site-content-layout":"","ast-site-content-layout":"","site-content-style":"default","site-sidebar-style":"default","ast-global-header-display":"","ast-banner-title-visibility":"","ast-main-header-display":"","ast-hfb-above-header-display":"","ast-hfb-below-header-display":"","ast-hfb-mobile-header-display":"","site-post-title":"","ast-breadcrumbs-content":"","ast-featured-img":"","footer-sml-layout":"","theme-transparent-header-meta":"","adv-header-id-meta":"","stick-header-meta":"","header-above-stick-meta":"","header-main-stick-meta":"","header-below-stick-meta":"","astra-migrate-meta-layouts":"default","ast-page-background-enabled":"default","ast-page-background-meta":{"desktop":{"background-color":"var(--ast-global-color-4)","background-image":"","background-repeat":"repeat","background-position":"center center","background-size":"auto","background-attachment":"scroll","background-type":"","background-media":"","overlay-type":"","overlay-color":"","overlay-gradient":""},"tablet":{"background-color":"","background-image":"","background-repeat":"repeat","background-position":"center center","background-size":"auto","background-attachment":"scroll","background-type":"","background-media":"","overlay-type":"","overlay-color":"","overlay-gradient":""},"mobile":{"background-color":"","background-image":"","background-repeat":"repeat","background-position":"center center","background-size":"auto","background-attachment":"scroll","background-type":"","background-media":"","overlay-type":"","overlay-color":"","overlay-gradient":""}},"ast-content-background-meta":{"desktop":{"background-color":"var(--ast-global-color-5)","background-image":"","background-repeat":"repeat","background-position":"center center","background-size":"auto","background-attachment":"scroll","background-type":"","background-media":"","overlay-type":"","overlay-color":"","overlay-gradient":""},"tablet":{"background-color":"var(--ast-global-color-5)","background-image":"","background-repeat":"repeat","background-position":"center center","background-size":"auto","background-attachment":"scroll","background-type":"","background-media":"","overlay-type":"","overlay-color":"","overlay-gradient":""},"mobile":{"background-color":"var(--ast-global-color-5)","background-image":"","background-repeat":"repeat","background-position":"center center","background-size":"auto","background-attachment":"scroll","background-type":"","background-media":"","overlay-type":"","overlay-color":"","overlay-gradient":""}},"footnotes":""},"categories":[1442,18842],"tags":[165486,53357,165485,28473,165487,2176],"class_list":["post-76736","post","type-post","status-publish","format-standard","hentry","category-derecho-administrativo","category-lleida","tag-gerardo-garcia-alvarez","tag-juan-maria-peman-gavin","tag-luis-cordero-vega","tag-luis-martin-rebollo","tag-manuel-cueto-perez","tag-manuel-rebollo-puig"],"_links":{"self":[{"href":"https:\/\/www.deberes.net\/tesis\/wp-json\/wp\/v2\/posts\/76736","targetHints":{"allow":["GET"]}}],"collection":[{"href":"https:\/\/www.deberes.net\/tesis\/wp-json\/wp\/v2\/posts"}],"about":[{"href":"https:\/\/www.deberes.net\/tesis\/wp-json\/wp\/v2\/types\/post"}],"author":[{"embeddable":true,"href":"https:\/\/www.deberes.net\/tesis\/wp-json\/wp\/v2\/users\/1"}],"replies":[{"embeddable":true,"href":"https:\/\/www.deberes.net\/tesis\/wp-json\/wp\/v2\/comments?post=76736"}],"version-history":[{"count":0,"href":"https:\/\/www.deberes.net\/tesis\/wp-json\/wp\/v2\/posts\/76736\/revisions"}],"wp:attachment":[{"href":"https:\/\/www.deberes.net\/tesis\/wp-json\/wp\/v2\/media?parent=76736"}],"wp:term":[{"taxonomy":"category","embeddable":true,"href":"https:\/\/www.deberes.net\/tesis\/wp-json\/wp\/v2\/categories?post=76736"},{"taxonomy":"post_tag","embeddable":true,"href":"https:\/\/www.deberes.net\/tesis\/wp-json\/wp\/v2\/tags?post=76736"}],"curies":[{"name":"wp","href":"https:\/\/api.w.org\/{rel}","templated":true}]}}