{"id":7677,"date":"1995-01-01T00:00:00","date_gmt":"1995-01-01T00:00:00","guid":{"rendered":"https:\/\/www.deberes.net\/tesis\/1995\/01\/01\/factores-de-riesgo-asociados-al-consumo-abusivo-de-alcohol-en-la-adolescencia\/"},"modified":"1995-01-01T00:00:00","modified_gmt":"1995-01-01T00:00:00","slug":"factores-de-riesgo-asociados-al-consumo-abusivo-de-alcohol-en-la-adolescencia","status":"publish","type":"post","link":"https:\/\/www.deberes.net\/tesis\/ciencias-medicas\/factores-de-riesgo-asociados-al-consumo-abusivo-de-alcohol-en-la-adolescencia\/","title":{"rendered":"Factores de riesgo asociados al consumo abusivo de alcohol en la adolescencia"},"content":{"rendered":"<h2>Tesis doctoral de <strong> Javier Pons Diez <\/strong><\/h2>\n<p>Se ha vinculado hipoteticamente el consumo abusivo de alcohol entre los adolescentes a una serie de variables psicosociales. Los resultados indican que el abuso de bebidas alcoholicas se encuentra relacionado con el mantenimiento por parte del adolescente abusador de unas actitudes permisivas e indulgentes hacia este consumo, basadas en la idea de que el alcohol favorece la diversion y facilita las relaciones sociales; con unos valores orientados hacia la busqueda de la diversion y el placer personal y ajenos a la interiorizacion de las normas sociales de autorrestriccion de impulsos; con unas estrategias educativas familiares basadas en la reprobacion de la conducta del hijo y la dificultad para establecer comunicacion afectiva; y con un elevado consumo de bebidas alcoholicas, tanto dentro del sistema familiar, como entre el grupo de iguales. Se sugiere que las estrategias preventivas se dirijan hacia los \u00ab\u00bbambitos relacionales del adolescente, especialmente hacia las relaciones que mantiene en su familia.<\/p>\n<p>&nbsp;<\/p>\n<h3>Datos acad\u00e9micos de la tesis doctoral \u00ab<strong>Factores de riesgo asociados al consumo abusivo de alcohol en la adolescencia<\/strong>\u00ab<\/h3>\n<ul>\n<li><strong>T\u00edtulo de la tesis:<\/strong>\u00a0 Factores de riesgo asociados al consumo abusivo de alcohol en la adolescencia <\/li>\n<li><strong>Autor:<\/strong>\u00a0 Javier Pons Diez <\/li>\n<li><strong>Universidad:<\/strong>\u00a0 Universitat de val\u00e9ncia (estudi general)<\/li>\n<li><strong>Fecha de lectura de la tesis:<\/strong>\u00a0 01\/01\/1995<\/li>\n<\/ul>\n<p>&nbsp;<\/p>\n<h3>Direcci\u00f3n y tribunal<\/h3>\n<ul>\n<li><strong>Director de la tesis<\/strong>\n<ul>\n<li>Enrique Berjano Peirats<\/li>\n<\/ul>\n<\/li>\n<li><strong>Tribunal<\/strong>\n<ul>\n<li>Presidente del tribunal: Jos\u00e9 Mar\u00eda Peir\u00f3 Silla <\/li>\n<li>Jes\u00fas Rodriguez Marin (vocal)<\/li>\n<li>Gonzalo Musitu Ochoa (vocal)<\/li>\n<li>Alipio Sanchez Vidal (vocal)<\/li>\n<\/ul>\n<\/li>\n<\/ul>\n<p>&nbsp;<\/p>\n","protected":false},"excerpt":{"rendered":"<p>Tesis doctoral de Javier Pons Diez Se ha vinculado hipoteticamente el consumo abusivo de alcohol entre los adolescentes a una [&hellip;]<\/p>\n","protected":false},"author":1,"featured_media":0,"comment_status":"open","ping_status":"open","sticky":false,"template":"","format":"standard","meta":{"site-sidebar-layout":"default","site-content-layout":"","ast-site-content-layout":"","site-content-style":"default","site-sidebar-style":"default","ast-global-header-display":"","ast-banner-title-visibility":"","ast-main-header-display":"","ast-hfb-above-header-display":"","ast-hfb-below-header-display":"","ast-hfb-mobile-header-display":"","site-post-title":"","ast-breadcrumbs-content":"","ast-featured-img":"","footer-sml-layout":"","theme-transparent-header-meta":"","adv-header-id-meta":"","stick-header-meta":"","header-above-stick-meta":"","header-main-stick-meta":"","header-below-stick-meta":"","astra-migrate-meta-layouts":"default","ast-page-background-enabled":"default","ast-page-background-meta":{"desktop":{"background-color":"var(--ast-global-color-4)","background-image":"","background-repeat":"repeat","background-position":"center center","background-size":"auto","background-attachment":"scroll","background-type":"","background-media":"","overlay-type":"","overlay-color":"","overlay-gradient":""},"tablet":{"background-color":"","background-image":"","background-repeat":"repeat","background-position":"center center","background-size":"auto","background-attachment":"scroll","background-type":"","background-media":"","overlay-type":"","overlay-color":"","overlay-gradient":""},"mobile":{"background-color":"","background-image":"","background-repeat":"repeat","background-position":"center center","background-size":"auto","background-attachment":"scroll","background-type":"","background-media":"","overlay-type":"","overlay-color":"","overlay-gradient":""}},"ast-content-background-meta":{"desktop":{"background-color":"var(--ast-global-color-5)","background-image":"","background-repeat":"repeat","background-position":"center center","background-size":"auto","background-attachment":"scroll","background-type":"","background-media":"","overlay-type":"","overlay-color":"","overlay-gradient":""},"tablet":{"background-color":"var(--ast-global-color-5)","background-image":"","background-repeat":"repeat","background-position":"center center","background-size":"auto","background-attachment":"scroll","background-type":"","background-media":"","overlay-type":"","overlay-color":"","overlay-gradient":""},"mobile":{"background-color":"var(--ast-global-color-5)","background-image":"","background-repeat":"repeat","background-position":"center center","background-size":"auto","background-attachment":"scroll","background-type":"","background-media":"","overlay-type":"","overlay-color":"","overlay-gradient":""}},"footnotes":""},"categories":[8438,9,7464,324,967],"tags":[27447,11503,11387,27446,11866,7129],"class_list":["post-7677","post","type-post","status-publish","format-standard","hentry","category-alcoholismo","category-ciencias-medicas","category-psicofarmacologia","category-psicologia","category-salud-publica","tag-alipio-sanchez-vidal","tag-enrique-berjano-peirats","tag-gonzalo-musitu-ochoa","tag-javier-pons-diez","tag-jesus-rodriguez-marin","tag-jose-maria-peiro-silla"],"_links":{"self":[{"href":"https:\/\/www.deberes.net\/tesis\/wp-json\/wp\/v2\/posts\/7677","targetHints":{"allow":["GET"]}}],"collection":[{"href":"https:\/\/www.deberes.net\/tesis\/wp-json\/wp\/v2\/posts"}],"about":[{"href":"https:\/\/www.deberes.net\/tesis\/wp-json\/wp\/v2\/types\/post"}],"author":[{"embeddable":true,"href":"https:\/\/www.deberes.net\/tesis\/wp-json\/wp\/v2\/users\/1"}],"replies":[{"embeddable":true,"href":"https:\/\/www.deberes.net\/tesis\/wp-json\/wp\/v2\/comments?post=7677"}],"version-history":[{"count":0,"href":"https:\/\/www.deberes.net\/tesis\/wp-json\/wp\/v2\/posts\/7677\/revisions"}],"wp:attachment":[{"href":"https:\/\/www.deberes.net\/tesis\/wp-json\/wp\/v2\/media?parent=7677"}],"wp:term":[{"taxonomy":"category","embeddable":true,"href":"https:\/\/www.deberes.net\/tesis\/wp-json\/wp\/v2\/categories?post=7677"},{"taxonomy":"post_tag","embeddable":true,"href":"https:\/\/www.deberes.net\/tesis\/wp-json\/wp\/v2\/tags?post=7677"}],"curies":[{"name":"wp","href":"https:\/\/api.w.org\/{rel}","templated":true}]}}