{"id":76791,"date":"2018-03-09T23:22:11","date_gmt":"2018-03-09T23:22:11","guid":{"rendered":"https:\/\/www.deberes.net\/tesis\/sin-categoria\/procesos-de-integracion-sociocultural-e-identificacion-entre-los-inmigrantes-marroqua%c2%ades-en-cartagena\/"},"modified":"2018-03-09T23:22:11","modified_gmt":"2018-03-09T23:22:11","slug":"procesos-de-integracion-sociocultural-e-identificacion-entre-los-inmigrantes-marroqua%c2%ades-en-cartagena","status":"publish","type":"post","link":"https:\/\/www.deberes.net\/tesis\/filosofia\/procesos-de-integracion-sociocultural-e-identificacion-entre-los-inmigrantes-marroqua%c2%ades-en-cartagena\/","title":{"rendered":"Procesos de integraci\u00f3n sociocultural e identificaci\u00f3n entre los  inmigrantes marroqu\u00edes en cartagena."},"content":{"rendered":"<h2>Tesis doctoral de <strong> Joaquin Contreras Cela <\/strong><\/h2>\n<p>El objetivo de la tesis es analizar los procesos de integraci\u00f3n sociocultural e identificaci\u00f3n entre los inmigrantes marroqu\u00edes en cartagena, as\u00ed como estudiar sus diferentes estrategias adaptativas y de inserci\u00f3n en la estructura social de cara a la sociedad de acogida, tratando de averiguar cuales son los cambios que influyen en la construcci\u00f3n de una nueva identidad colectiva.  el nosotros ante los otros y el modo como \u00e9stos responden puede conllevar a variaciones en el proceso de integraci\u00f3n del individuo en una sociedad que no siente como suya; as\u00ed, el entorno confirma y refuerza la identidad, que no depende \u00fanicamente de los propios actos, sino que se redefine constantemente mediante las relaciones con el mundo exterior.  la socializaci\u00f3n,  a trav\u00e9s de la que se interiorizan identidades personales y sociales, no es un proceso id\u00e9ntico para todos, al contrario, existe una diversidad de experiencias que conducen a identidades diferentes influidas por una serie de elementos que las generan.  se han analizado las tres dimensiones de la vida colectiva relacionadas con la integraci\u00f3n: la cultura, la estructura social y la identidad colectiva, desde un punto de vista filos\u00f3fico y antropol\u00f3gico. El grado de interaci\u00f3n resultante es, pues, condicionado por los subprocesos a los que vaya lleg\u00e1ndose en cada una de dichas dimensiones mediante una serie de indicadores que permiten observar las fases de evluci\u00f3n; usando para ello, indistintamente, m\u00e9todos y t\u00e9cnias tanto de tipo cualitativo como cuantitativo<\/p>\n<p>&nbsp;<\/p>\n<h3>Datos acad\u00e9micos de la tesis doctoral \u00ab<strong>Procesos de integraci\u00f3n sociocultural e identificaci\u00f3n entre los  inmigrantes marroqu\u00edes en cartagena.<\/strong>\u00ab<\/h3>\n<ul>\n<li><strong>T\u00edtulo de la tesis:<\/strong>\u00a0 Procesos de integraci\u00f3n sociocultural e identificaci\u00f3n entre los  inmigrantes marroqu\u00edes en cartagena. <\/li>\n<li><strong>Autor:<\/strong>\u00a0 Joaquin Contreras Cela <\/li>\n<li><strong>Universidad:<\/strong>\u00a0 Murcia<\/li>\n<li><strong>Fecha de lectura de la tesis:<\/strong>\u00a0 21\/10\/2005<\/li>\n<\/ul>\n<p>&nbsp;<\/p>\n<h3>Direcci\u00f3n y tribunal<\/h3>\n<ul>\n<li><strong>Director de la tesis<\/strong>\n<ul>\n<li>Lu\u00eds \u00e1lvarez Munarriz<\/li>\n<\/ul>\n<\/li>\n<li><strong>Tribunal<\/strong>\n<ul>\n<li>Presidente del tribunal: Santiago (secretario) Fernandez ardanaz <\/li>\n<li>mikel Azurmendi intxausti (vocal)<\/li>\n<li>Juan Ortin garcia (vocal)<\/li>\n<li>  (vocal)<\/li>\n<\/ul>\n<\/li>\n<\/ul>\n<p>&nbsp;<\/p>\n","protected":false},"excerpt":{"rendered":"<p>Tesis doctoral de Joaquin Contreras Cela El objetivo de la tesis es analizar los procesos de integraci\u00f3n sociocultural e identificaci\u00f3n [&hellip;]<\/p>\n","protected":false},"author":1,"featured_media":0,"comment_status":"open","ping_status":"open","sticky":false,"template":"","format":"standard","meta":{"site-sidebar-layout":"default","site-content-layout":"","ast-site-content-layout":"","site-content-style":"default","site-sidebar-style":"default","ast-global-header-display":"","ast-banner-title-visibility":"","ast-main-header-display":"","ast-hfb-above-header-display":"","ast-hfb-below-header-display":"","ast-hfb-mobile-header-display":"","site-post-title":"","ast-breadcrumbs-content":"","ast-featured-img":"","footer-sml-layout":"","theme-transparent-header-meta":"","adv-header-id-meta":"","stick-header-meta":"","header-above-stick-meta":"","header-main-stick-meta":"","header-below-stick-meta":"","astra-migrate-meta-layouts":"default","ast-page-background-enabled":"default","ast-page-background-meta":{"desktop":{"background-color":"var(--ast-global-color-4)","background-image":"","background-repeat":"repeat","background-position":"center center","background-size":"auto","background-attachment":"scroll","background-type":"","background-media":"","overlay-type":"","overlay-color":"","overlay-gradient":""},"tablet":{"background-color":"","background-image":"","background-repeat":"repeat","background-position":"center center","background-size":"auto","background-attachment":"scroll","background-type":"","background-media":"","overlay-type":"","overlay-color":"","overlay-gradient":""},"mobile":{"background-color":"","background-image":"","background-repeat":"repeat","background-position":"center center","background-size":"auto","background-attachment":"scroll","background-type":"","background-media":"","overlay-type":"","overlay-color":"","overlay-gradient":""}},"ast-content-background-meta":{"desktop":{"background-color":"var(--ast-global-color-5)","background-image":"","background-repeat":"repeat","background-position":"center center","background-size":"auto","background-attachment":"scroll","background-type":"","background-media":"","overlay-type":"","overlay-color":"","overlay-gradient":""},"tablet":{"background-color":"var(--ast-global-color-5)","background-image":"","background-repeat":"repeat","background-position":"center center","background-size":"auto","background-attachment":"scroll","background-type":"","background-media":"","overlay-type":"","overlay-color":"","overlay-gradient":""},"mobile":{"background-color":"var(--ast-global-color-5)","background-image":"","background-repeat":"repeat","background-position":"center center","background-size":"auto","background-attachment":"scroll","background-type":"","background-media":"","overlay-type":"","overlay-color":"","overlay-gradient":""}},"footnotes":""},"categories":[165,8235],"tags":[165579,83823,8653,4804,165580],"class_list":["post-76791","post","type-post","status-publish","format-standard","hentry","category-filosofia","category-murcia","tag-joaquin-contreras-cela","tag-juan-ortin-garcia","tag-luis-alvarez-munarriz","tag-mikel-azurmendi-intxausti","tag-santiago-secretario-fernandez-ardanaz"],"_links":{"self":[{"href":"https:\/\/www.deberes.net\/tesis\/wp-json\/wp\/v2\/posts\/76791","targetHints":{"allow":["GET"]}}],"collection":[{"href":"https:\/\/www.deberes.net\/tesis\/wp-json\/wp\/v2\/posts"}],"about":[{"href":"https:\/\/www.deberes.net\/tesis\/wp-json\/wp\/v2\/types\/post"}],"author":[{"embeddable":true,"href":"https:\/\/www.deberes.net\/tesis\/wp-json\/wp\/v2\/users\/1"}],"replies":[{"embeddable":true,"href":"https:\/\/www.deberes.net\/tesis\/wp-json\/wp\/v2\/comments?post=76791"}],"version-history":[{"count":0,"href":"https:\/\/www.deberes.net\/tesis\/wp-json\/wp\/v2\/posts\/76791\/revisions"}],"wp:attachment":[{"href":"https:\/\/www.deberes.net\/tesis\/wp-json\/wp\/v2\/media?parent=76791"}],"wp:term":[{"taxonomy":"category","embeddable":true,"href":"https:\/\/www.deberes.net\/tesis\/wp-json\/wp\/v2\/categories?post=76791"},{"taxonomy":"post_tag","embeddable":true,"href":"https:\/\/www.deberes.net\/tesis\/wp-json\/wp\/v2\/tags?post=76791"}],"curies":[{"name":"wp","href":"https:\/\/api.w.org\/{rel}","templated":true}]}}