{"id":76821,"date":"2018-03-09T23:22:15","date_gmt":"2018-03-09T23:22:15","guid":{"rendered":"https:\/\/www.deberes.net\/tesis\/sin-categoria\/la-gestion-urbana%c2%adstica-de-las-operaciones-de-reforma-interior-los-programas-de-actuacion-integrada-de-renovacion-urbana\/"},"modified":"2018-03-09T23:22:15","modified_gmt":"2018-03-09T23:22:15","slug":"la-gestion-urbana%c2%adstica-de-las-operaciones-de-reforma-interior-los-programas-de-actuacion-integrada-de-renovacion-urbana","status":"publish","type":"post","link":"https:\/\/www.deberes.net\/tesis\/ciencias-juridicas-y-derecho\/la-gestion-urbana%c2%adstica-de-las-operaciones-de-reforma-interior-los-programas-de-actuacion-integrada-de-renovacion-urbana\/","title":{"rendered":"La gestion urban\u00edstica de las operaciones de reforma interior: los programas de actuacion integrada de renovacion urbana"},"content":{"rendered":"<h2>Tesis doctoral de <strong> Marta Garcia Pastor <\/strong><\/h2>\n<p>El objeto de la tesis es analizar la figura de los programas de actuaci\u00f3n integrada, como forma de ejecutar el planeamiento urban\u00edstico de renovaci\u00f3n urbana por medio de una empresa a la que la legislaci\u00f3n atribuye las facultades de dise\u00f1ar la actuaci\u00f3n (mediante la presentaci\u00f3n de proyectos de planeamiento), gestionar la reparcelaci\u00f3n y ejecutar las obras de urbanizaci\u00f3n a cargo de los propietarios del suelo.  tiene dos partes: un an\u00e1lisis de los antecedentes hist\u00f3ricos y un an\u00e1lisis del r\u00e9gimen jur\u00eddico actual de lo que hemos llamado \u00abprogramas de actuaci\u00f3n integrada de renovaci\u00f3n urbana\u00bb.  a) en la parte hist\u00f3rica se ha analizado la legislaci\u00f3n urban\u00edstica de reforma interior desde mediados del siglo xix hasta el presente, y su aplicaci\u00f3n en la pr\u00e1ctica, con car\u00e1cter general, y, particularmente, en el t\u00e9rmino de Valencia.  se describe c\u00f3mo surgen las primeras reformas interiores y los primeros intentos de establecer para ellas un r\u00e9gimen jur\u00eddico, haciendo especial alusi\u00f3n a la \u00abteor\u00eda de la viabilidad urbana y la reforma de Madrid\u00bb (1861) de ildefonso cerd\u00e1, a la ley de expropiaci\u00f3n forzosa de 1879 y a la ley de saneamiento y mejora interior de grandes poblaciones de 1895. \u00e9stas dos \u00faltimas leyes regulan por primera vez la posibilidad de ejecutar actuaciones urban\u00edsticas de reforma interior mediante la expropiaci\u00f3n por zonas (afectando las plusval\u00edas que se generan en los \u00e1mbitos renovados a la financiaci\u00f3n de la reforma) y la opci\u00f3n de trasladar la responsabilidad p\u00fablica de ejecutar el planeamiento a empresas privadas con capacidad de inversi\u00f3n.  analizados los libros de actas de los \u00f3rganos de gobierno del ayuntamiento de Valencia y los expedientes de polic\u00eda urbana obrantes en el archivo hist\u00f3rico municipal, se constata la no aplicaci\u00f3n de la figura del concesionario de la expropiaci\u00f3n. La expropiaci\u00f3n por zonas se va asumiendo paulatinamente como forma de gesti\u00f3n del suelo urbano,<\/p>\n<p>&nbsp;<\/p>\n<h3>Datos acad\u00e9micos de la tesis doctoral \u00ab<strong>La gestion urban\u00edstica de las operaciones de reforma interior: los programas de actuacion integrada de renovacion urbana<\/strong>\u00ab<\/h3>\n<ul>\n<li><strong>T\u00edtulo de la tesis:<\/strong>\u00a0 La gestion urban\u00edstica de las operaciones de reforma interior: los programas de actuacion integrada de renovacion urbana <\/li>\n<li><strong>Autor:<\/strong>\u00a0 Marta Garcia Pastor <\/li>\n<li><strong>Universidad:<\/strong>\u00a0 Universitat de val\u00e9ncia (estudi general)<\/li>\n<li><strong>Fecha de lectura de la tesis:<\/strong>\u00a0 22\/10\/2005<\/li>\n<\/ul>\n<p>&nbsp;<\/p>\n<h3>Direcci\u00f3n y tribunal<\/h3>\n<ul>\n<li><strong>Director de la tesis<\/strong>\n<ul>\n<li>ferrer Morant G\u00f3mez<\/li>\n<\/ul>\n<\/li>\n<li><strong>Tribunal<\/strong>\n<ul>\n<li>Presidente del tribunal: rafael G\u00f3mez-ferrer morant <\/li>\n<li>Fernando Romero saura (vocal)<\/li>\n<li> Climent barbera Juan  ubaldo (vocal)<\/li>\n<li>Francisco Taberner pastor (vocal)<\/li>\n<\/ul>\n<\/li>\n<\/ul>\n<p>&nbsp;<\/p>\n","protected":false},"excerpt":{"rendered":"<p>Tesis doctoral de Marta Garcia Pastor El objeto de la tesis es analizar la figura de los programas de actuaci\u00f3n [&hellip;]<\/p>\n","protected":false},"author":1,"featured_media":0,"comment_status":"open","ping_status":"open","sticky":false,"template":"","format":"standard","meta":{"site-sidebar-layout":"default","site-content-layout":"","ast-site-content-layout":"","site-content-style":"default","site-sidebar-style":"default","ast-global-header-display":"","ast-banner-title-visibility":"","ast-main-header-display":"","ast-hfb-above-header-display":"","ast-hfb-below-header-display":"","ast-hfb-mobile-header-display":"","site-post-title":"","ast-breadcrumbs-content":"","ast-featured-img":"","footer-sml-layout":"","theme-transparent-header-meta":"","adv-header-id-meta":"","stick-header-meta":"","header-above-stick-meta":"","header-main-stick-meta":"","header-below-stick-meta":"","astra-migrate-meta-layouts":"default","ast-page-background-enabled":"default","ast-page-background-meta":{"desktop":{"background-color":"var(--ast-global-color-4)","background-image":"","background-repeat":"repeat","background-position":"center center","background-size":"auto","background-attachment":"scroll","background-type":"","background-media":"","overlay-type":"","overlay-color":"","overlay-gradient":""},"tablet":{"background-color":"","background-image":"","background-repeat":"repeat","background-position":"center center","background-size":"auto","background-attachment":"scroll","background-type":"","background-media":"","overlay-type":"","overlay-color":"","overlay-gradient":""},"mobile":{"background-color":"","background-image":"","background-repeat":"repeat","background-position":"center center","background-size":"auto","background-attachment":"scroll","background-type":"","background-media":"","overlay-type":"","overlay-color":"","overlay-gradient":""}},"ast-content-background-meta":{"desktop":{"background-color":"var(--ast-global-color-5)","background-image":"","background-repeat":"repeat","background-position":"center center","background-size":"auto","background-attachment":"scroll","background-type":"","background-media":"","overlay-type":"","overlay-color":"","overlay-gradient":""},"tablet":{"background-color":"var(--ast-global-color-5)","background-image":"","background-repeat":"repeat","background-position":"center center","background-size":"auto","background-attachment":"scroll","background-type":"","background-media":"","overlay-type":"","overlay-color":"","overlay-gradient":""},"mobile":{"background-color":"var(--ast-global-color-5)","background-image":"","background-repeat":"repeat","background-position":"center center","background-size":"auto","background-attachment":"scroll","background-type":"","background-media":"","overlay-type":"","overlay-color":"","overlay-gradient":""}},"footnotes":""},"categories":[612,1442,979],"tags":[26162,39108,56883,114536,165634,3455],"class_list":["post-76821","post","type-post","status-publish","format-standard","hentry","category-ciencias-juridicas-y-derecho","category-derecho-administrativo","category-derecho-y-legislacion-nacionales","tag-climent-barbera-juan-ubaldo","tag-fernando-romero-saura","tag-ferrer-morant-gomez","tag-francisco-taberner-pastor","tag-marta-garcia-pastor","tag-rafael-gomez-ferrer-morant"],"_links":{"self":[{"href":"https:\/\/www.deberes.net\/tesis\/wp-json\/wp\/v2\/posts\/76821","targetHints":{"allow":["GET"]}}],"collection":[{"href":"https:\/\/www.deberes.net\/tesis\/wp-json\/wp\/v2\/posts"}],"about":[{"href":"https:\/\/www.deberes.net\/tesis\/wp-json\/wp\/v2\/types\/post"}],"author":[{"embeddable":true,"href":"https:\/\/www.deberes.net\/tesis\/wp-json\/wp\/v2\/users\/1"}],"replies":[{"embeddable":true,"href":"https:\/\/www.deberes.net\/tesis\/wp-json\/wp\/v2\/comments?post=76821"}],"version-history":[{"count":0,"href":"https:\/\/www.deberes.net\/tesis\/wp-json\/wp\/v2\/posts\/76821\/revisions"}],"wp:attachment":[{"href":"https:\/\/www.deberes.net\/tesis\/wp-json\/wp\/v2\/media?parent=76821"}],"wp:term":[{"taxonomy":"category","embeddable":true,"href":"https:\/\/www.deberes.net\/tesis\/wp-json\/wp\/v2\/categories?post=76821"},{"taxonomy":"post_tag","embeddable":true,"href":"https:\/\/www.deberes.net\/tesis\/wp-json\/wp\/v2\/tags?post=76821"}],"curies":[{"name":"wp","href":"https:\/\/api.w.org\/{rel}","templated":true}]}}