{"id":76944,"date":"2018-03-09T23:22:24","date_gmt":"2018-03-09T23:22:24","guid":{"rendered":"https:\/\/www.deberes.net\/tesis\/sin-categoria\/la-ocupacion-medieval-de-la-zona-arqueologica-de-cercadilla-cordoba-siglos-vii-xiii\/"},"modified":"2018-03-09T23:22:24","modified_gmt":"2018-03-09T23:22:24","slug":"la-ocupacion-medieval-de-la-zona-arqueologica-de-cercadilla-cordoba-siglos-vii-xiii","status":"publish","type":"post","link":"https:\/\/www.deberes.net\/tesis\/historia\/la-ocupacion-medieval-de-la-zona-arqueologica-de-cercadilla-cordoba-siglos-vii-xiii\/","title":{"rendered":"La ocupaci\u00f3n medieval de la zona arqueol\u00f3gica de cercadilla, c\u00f3rdoba, siglos vii-xiii"},"content":{"rendered":"<h2>Tesis doctoral de <strong>  Fuertes Santos Mar\u00eda Del Camino <\/strong><\/h2>\n<p>El objetivo principal de esta tesis doctoral ha sido la elaboraci\u00f3n de una sistematizaci\u00f3n tipol\u00f3gica de las formas cer\u00e1micas de \u00e9poca medieval del yacimiento de cercadilla, con el fin de que, a partir de sus caracter\u00edsticas morfol\u00f3gicas, y, en algunos casos, decorativos, que pudiera determinar con precisi\u00f3n el arco cronol\u00f3gico en el que se fabricaron. De esta manera, nos hemos adentrado en el conocimiento del tipo de poblaci\u00f3n que ocup\u00f3 este solar cordob\u00e9s durante el per\u00edodo medieval. El resultado final ha sido la creaci\u00f3n de un \u00fanico corpus cer\u00e1mico en el que han quedado agrupadas, clasificadas y fechadas, la mayor parte de las formas cer\u00e1micas medievales recuperadas en cercadilla. Sin embargo, aun cuando el n\u00facleo de este trabajo es la sistematizaci\u00f3n tipol\u00f3gica de la cer\u00e1mica, no hemos querido dejar de lado el contexto hist\u00f3rico-arqueol\u00f3gico con el que se relaciona, por lo que el estudio cer\u00e1mico viene precedido de un examen detallado del ambiente urban\u00edstico y dom\u00e9stico en el que se recuperaron los materiales. A tenor de lo explicado podr\u00edamos dividir la tesis en dos grandes bloques, interrelacionados e imbrincados entre s\u00ed: la ocupaci\u00f3n medieval dom\u00e9stica y la cer\u00e1mica medieval a ella asociada.<\/p>\n<p>&nbsp;<\/p>\n<h3>Datos acad\u00e9micos de la tesis doctoral \u00ab<strong>La ocupaci\u00f3n medieval de la zona arqueol\u00f3gica de cercadilla, c\u00f3rdoba, siglos vii-xiii<\/strong>\u00ab<\/h3>\n<ul>\n<li><strong>T\u00edtulo de la tesis:<\/strong>\u00a0 La ocupaci\u00f3n medieval de la zona arqueol\u00f3gica de cercadilla, c\u00f3rdoba, siglos vii-xiii <\/li>\n<li><strong>Autor:<\/strong>\u00a0  Fuertes Santos Mar\u00eda Del Camino <\/li>\n<li><strong>Universidad:<\/strong>\u00a0 Pablo de olavide<\/li>\n<li><strong>Fecha de lectura de la tesis:<\/strong>\u00a0 28\/10\/2005<\/li>\n<\/ul>\n<p>&nbsp;<\/p>\n<h3>Direcci\u00f3n y tribunal<\/h3>\n<ul>\n<li><strong>Director de la tesis<\/strong>\n<ul>\n<li>Beatriz Gavilan Ceballos<\/li>\n<\/ul>\n<\/li>\n<li><strong>Tribunal<\/strong>\n<ul>\n<li>Presidente del tribunal: manuel Aci\u00e9n almansa <\/li>\n<li>sergio Mart\u00ednez lillo (vocal)<\/li>\n<li> Gomes catarino helena Mar\u00eda (vocal)<\/li>\n<li>Antonio Vallejo triano (vocal)<\/li>\n<\/ul>\n<\/li>\n<\/ul>\n<p>&nbsp;<\/p>\n","protected":false},"excerpt":{"rendered":"<p>Tesis doctoral de Fuertes Santos Mar\u00eda Del Camino El objetivo principal de esta tesis doctoral ha sido la elaboraci\u00f3n de [&hellip;]<\/p>\n","protected":false},"author":1,"featured_media":0,"comment_status":"open","ping_status":"open","sticky":false,"template":"","format":"standard","meta":{"site-sidebar-layout":"default","site-content-layout":"","ast-site-content-layout":"","site-content-style":"default","site-sidebar-style":"default","ast-global-header-display":"","ast-banner-title-visibility":"","ast-main-header-display":"","ast-hfb-above-header-display":"","ast-hfb-below-header-display":"","ast-hfb-mobile-header-display":"","site-post-title":"","ast-breadcrumbs-content":"","ast-featured-img":"","footer-sml-layout":"","theme-transparent-header-meta":"","adv-header-id-meta":"","stick-header-meta":"","header-above-stick-meta":"","header-main-stick-meta":"","header-below-stick-meta":"","astra-migrate-meta-layouts":"default","ast-page-background-enabled":"default","ast-page-background-meta":{"desktop":{"background-color":"var(--ast-global-color-4)","background-image":"","background-repeat":"repeat","background-position":"center center","background-size":"auto","background-attachment":"scroll","background-type":"","background-media":"","overlay-type":"","overlay-color":"","overlay-gradient":""},"tablet":{"background-color":"","background-image":"","background-repeat":"repeat","background-position":"center center","background-size":"auto","background-attachment":"scroll","background-type":"","background-media":"","overlay-type":"","overlay-color":"","overlay-gradient":""},"mobile":{"background-color":"","background-image":"","background-repeat":"repeat","background-position":"center center","background-size":"auto","background-attachment":"scroll","background-type":"","background-media":"","overlay-type":"","overlay-color":"","overlay-gradient":""}},"ast-content-background-meta":{"desktop":{"background-color":"var(--ast-global-color-5)","background-image":"","background-repeat":"repeat","background-position":"center center","background-size":"auto","background-attachment":"scroll","background-type":"","background-media":"","overlay-type":"","overlay-color":"","overlay-gradient":""},"tablet":{"background-color":"var(--ast-global-color-5)","background-image":"","background-repeat":"repeat","background-position":"center center","background-size":"auto","background-attachment":"scroll","background-type":"","background-media":"","overlay-type":"","overlay-color":"","overlay-gradient":""},"mobile":{"background-color":"var(--ast-global-color-5)","background-image":"","background-repeat":"repeat","background-position":"center center","background-size":"auto","background-attachment":"scroll","background-type":"","background-media":"","overlay-type":"","overlay-color":"","overlay-gradient":""}},"footnotes":""},"categories":[1623,1624,104,37286],"tags":[165874,15280,165872,165873,2256,15042],"class_list":["post-76944","post","type-post","status-publish","format-standard","hentry","category-arqueologia","category-ciencias-auxiliares-de-la-historia","category-historia","category-pablo-de-olavide","tag-antonio-vallejo-triano","tag-beatriz-gavilan-ceballos","tag-fuertes-santos-maria-del-camino","tag-gomes-catarino-helena-maria","tag-manuel-acien-almansa","tag-sergio-Martinez-lillo"],"_links":{"self":[{"href":"https:\/\/www.deberes.net\/tesis\/wp-json\/wp\/v2\/posts\/76944","targetHints":{"allow":["GET"]}}],"collection":[{"href":"https:\/\/www.deberes.net\/tesis\/wp-json\/wp\/v2\/posts"}],"about":[{"href":"https:\/\/www.deberes.net\/tesis\/wp-json\/wp\/v2\/types\/post"}],"author":[{"embeddable":true,"href":"https:\/\/www.deberes.net\/tesis\/wp-json\/wp\/v2\/users\/1"}],"replies":[{"embeddable":true,"href":"https:\/\/www.deberes.net\/tesis\/wp-json\/wp\/v2\/comments?post=76944"}],"version-history":[{"count":0,"href":"https:\/\/www.deberes.net\/tesis\/wp-json\/wp\/v2\/posts\/76944\/revisions"}],"wp:attachment":[{"href":"https:\/\/www.deberes.net\/tesis\/wp-json\/wp\/v2\/media?parent=76944"}],"wp:term":[{"taxonomy":"category","embeddable":true,"href":"https:\/\/www.deberes.net\/tesis\/wp-json\/wp\/v2\/categories?post=76944"},{"taxonomy":"post_tag","embeddable":true,"href":"https:\/\/www.deberes.net\/tesis\/wp-json\/wp\/v2\/tags?post=76944"}],"curies":[{"name":"wp","href":"https:\/\/api.w.org\/{rel}","templated":true}]}}