{"id":76986,"date":"2005-03-11T00:00:00","date_gmt":"2005-03-11T00:00:00","guid":{"rendered":"https:\/\/www.deberes.net\/tesis\/sin-categoria\/el-alphita-estudio-edicion-cra%c2%adtica-y-comentario\/"},"modified":"2005-03-11T00:00:00","modified_gmt":"2005-03-11T00:00:00","slug":"el-alphita-estudio-edicion-cra%c2%adtica-y-comentario","status":"publish","type":"post","link":"https:\/\/www.deberes.net\/tesis\/linguistica\/el-alphita-estudio-edicion-cra%c2%adtica-y-comentario\/","title":{"rendered":"El alphita. estudio, edici\u00f3n cr\u00edtica y comentario"},"content":{"rendered":"<h2>Tesis doctoral de <strong> Alejandro Garc\u00eda Gonz\u00e1lez <\/strong><\/h2>\n<p>La primera edici\u00f3n cr\u00edtica del alphita, un an\u00f3nimo glosario medieval latino de contenido m\u00e9dico-bot\u00e1nico. La edici\u00f3n cr\u00edtica completa toda la tradici\u00f3n textual de la obra. \u00e9sta se complementa con un comentario detallado de todas las entradas del glosario en el que se estudian pormenorizadamente las formas contenidas del glosarios en el mismo. El estudio introductorio se divide en dos partes:  el primero de ellos ofrece una panor\u00e1mica sobre los glosarios m\u00e9dico-bot\u00e1nicos latinos en la edad media: por su parte, el segundo est\u00e1 dedicado exclusivamente al estudio y an\u00e1lisis del glosario alphita haciendo especial hincapi\u00e9 en temas como las fuentes del glosario. La \u00e9poca y origen, supervivencia y repercusi\u00f3n o el an\u00e1lisis ling\u00ed\u00bc\u00edstico del mismo. Por \u00faltimo, la tesis se cierra con un \u00edndice de l\u00e9xico en el que se recogen todos los t\u00e9rminos registrados en el glosario y una extensa bibliografica dividida en varias secciones: cat\u00e1logos de manuscritos y ediciones, textos, estudios, l\u00e9xico m\u00e9dico-bot\u00e1nico, lengua y bibliograf\u00eda general.<\/p>\n<p>&nbsp;<\/p>\n<h3>Datos acad\u00e9micos de la tesis doctoral \u00ab<strong>El alphita. estudio, edici\u00f3n cr\u00edtica y comentario<\/strong>\u00ab<\/h3>\n<ul>\n<li><strong>T\u00edtulo de la tesis:<\/strong>\u00a0 El alphita. estudio, edici\u00f3n cr\u00edtica y comentario <\/li>\n<li><strong>Autor:<\/strong>\u00a0 Alejandro Garc\u00eda Gonz\u00e1lez <\/li>\n<li><strong>Universidad:<\/strong>\u00a0 Valladolid<\/li>\n<li><strong>Fecha de lectura de la tesis:<\/strong>\u00a0 03\/11\/2005<\/li>\n<\/ul>\n<p>&nbsp;<\/p>\n<h3>Direcci\u00f3n y tribunal<\/h3>\n<ul>\n<li><strong>Director de la tesis<\/strong>\n<ul>\n<li>Enrique Montero Cartelle<\/li>\n<\/ul>\n<\/li>\n<li><strong>Tribunal<\/strong>\n<ul>\n<li>Presidente del tribunal: manuel Garc\u00eda teijeiro <\/li>\n<li>eustaquio Sanchez salor (vocal)<\/li>\n<li>massimo Oldoni (vocal)<\/li>\n<li>claudio Garc\u00eda turza (vocal)<\/li>\n<\/ul>\n<\/li>\n<\/ul>\n<p>&nbsp;<\/p>\n","protected":false},"excerpt":{"rendered":"<p>Tesis doctoral de Alejandro Garc\u00eda Gonz\u00e1lez La primera edici\u00f3n cr\u00edtica del alphita, un an\u00f3nimo glosario medieval latino de contenido m\u00e9dico-bot\u00e1nico. [&hellip;]<\/p>\n","protected":false},"author":1,"featured_media":0,"comment_status":"open","ping_status":"open","sticky":false,"template":"","format":"standard","meta":{"site-sidebar-layout":"default","site-content-layout":"","ast-site-content-layout":"","site-content-style":"default","site-sidebar-style":"default","ast-global-header-display":"","ast-banner-title-visibility":"","ast-main-header-display":"","ast-hfb-above-header-display":"","ast-hfb-below-header-display":"","ast-hfb-mobile-header-display":"","site-post-title":"","ast-breadcrumbs-content":"","ast-featured-img":"","footer-sml-layout":"","theme-transparent-header-meta":"","adv-header-id-meta":"","stick-header-meta":"","header-above-stick-meta":"","header-main-stick-meta":"","header-below-stick-meta":"","astra-migrate-meta-layouts":"default","ast-page-background-enabled":"default","ast-page-background-meta":{"desktop":{"background-color":"var(--ast-global-color-4)","background-image":"","background-repeat":"repeat","background-position":"center center","background-size":"auto","background-attachment":"scroll","background-type":"","background-media":"","overlay-type":"","overlay-color":"","overlay-gradient":""},"tablet":{"background-color":"","background-image":"","background-repeat":"repeat","background-position":"center center","background-size":"auto","background-attachment":"scroll","background-type":"","background-media":"","overlay-type":"","overlay-color":"","overlay-gradient":""},"mobile":{"background-color":"","background-image":"","background-repeat":"repeat","background-position":"center center","background-size":"auto","background-attachment":"scroll","background-type":"","background-media":"","overlay-type":"","overlay-color":"","overlay-gradient":""}},"ast-content-background-meta":{"desktop":{"background-color":"var(--ast-global-color-5)","background-image":"","background-repeat":"repeat","background-position":"center center","background-size":"auto","background-attachment":"scroll","background-type":"","background-media":"","overlay-type":"","overlay-color":"","overlay-gradient":""},"tablet":{"background-color":"var(--ast-global-color-5)","background-image":"","background-repeat":"repeat","background-position":"center center","background-size":"auto","background-attachment":"scroll","background-type":"","background-media":"","overlay-type":"","overlay-color":"","overlay-gradient":""},"mobile":{"background-color":"var(--ast-global-color-5)","background-image":"","background-repeat":"repeat","background-position":"center center","background-size":"auto","background-attachment":"scroll","background-type":"","background-media":"","overlay-type":"","overlay-color":"","overlay-gradient":""}},"footnotes":""},"categories":[59,423,590,12451],"tags":[140366,12660,12725,8046,9113,165948],"class_list":["post-76986","post","type-post","status-publish","format-standard","hentry","category-linguistica","category-linguistica-diacronica","category-linguistica-historica","category-valladolid","tag-alejandro-garcia-gonzalez","tag-claudio-garcia-turza","tag-enrique-montero-cartelle","tag-eustaquio-sanchez-salor","tag-manuel-garcia-teijeiro","tag-massimo-oldoni"],"_links":{"self":[{"href":"https:\/\/www.deberes.net\/tesis\/wp-json\/wp\/v2\/posts\/76986","targetHints":{"allow":["GET"]}}],"collection":[{"href":"https:\/\/www.deberes.net\/tesis\/wp-json\/wp\/v2\/posts"}],"about":[{"href":"https:\/\/www.deberes.net\/tesis\/wp-json\/wp\/v2\/types\/post"}],"author":[{"embeddable":true,"href":"https:\/\/www.deberes.net\/tesis\/wp-json\/wp\/v2\/users\/1"}],"replies":[{"embeddable":true,"href":"https:\/\/www.deberes.net\/tesis\/wp-json\/wp\/v2\/comments?post=76986"}],"version-history":[{"count":0,"href":"https:\/\/www.deberes.net\/tesis\/wp-json\/wp\/v2\/posts\/76986\/revisions"}],"wp:attachment":[{"href":"https:\/\/www.deberes.net\/tesis\/wp-json\/wp\/v2\/media?parent=76986"}],"wp:term":[{"taxonomy":"category","embeddable":true,"href":"https:\/\/www.deberes.net\/tesis\/wp-json\/wp\/v2\/categories?post=76986"},{"taxonomy":"post_tag","embeddable":true,"href":"https:\/\/www.deberes.net\/tesis\/wp-json\/wp\/v2\/tags?post=76986"}],"curies":[{"name":"wp","href":"https:\/\/api.w.org\/{rel}","templated":true}]}}