{"id":77024,"date":"2005-04-11T00:00:00","date_gmt":"2005-04-11T00:00:00","guid":{"rendered":"https:\/\/www.deberes.net\/tesis\/sin-categoria\/el-espanol-hablado-de-la-sierra-de-albarraca%c2%adn-teruel-mas-alla-de-la-variedad-geografica\/"},"modified":"2005-04-11T00:00:00","modified_gmt":"2005-04-11T00:00:00","slug":"el-espanol-hablado-de-la-sierra-de-albarraca%c2%adn-teruel-mas-alla-de-la-variedad-geografica","status":"publish","type":"post","link":"https:\/\/www.deberes.net\/tesis\/linguistica\/el-espanol-hablado-de-la-sierra-de-albarraca%c2%adn-teruel-mas-alla-de-la-variedad-geografica\/","title":{"rendered":"El espa\u00f1ol hablado de la sierra de albarrac\u00edn (teruel). m\u00e1s all\u00e1 de la variedad geogr\u00e1fica"},"content":{"rendered":"<h2>Tesis doctoral de <strong>  Vilar Pacheco Jos\u00e9 Manuel <\/strong><\/h2>\n<p>La comarca de la sierra de albarrac\u00edn se halla situada en la parte sudoccidental de la provincia de teruel. El espa\u00f1ol hablado de esta comarca est\u00e1 condicionado por el espacio geogr\u00e1fico que ocupa (zona fronteriza y de transici\u00f3n entre arag\u00f3n y castilla, y en la l\u00ednea que de norte a sur traz\u00f3 la reconquista a trav\u00e9s de las sierras orientales de la pen\u00ednsula); as\u00ed como por rasgos sociales de sus hablantes y del registro o situaci\u00f3n comunicativa m\u00e1s cotiadano para ellos. El estudio se inserta en la tradici\u00f3n de las monograf\u00edas dialectales y analiza el espa\u00f1ol hablado de la comarca (niveles f\u00f3nico, morfosint\u00e1ctico y l\u00e9xico); pero va m\u00e1s all\u00e1 de la variedad geogr\u00e1fica, considerando especialmente los rasgos de espa\u00f1ol coloquial y los sociales que solidariamente conviven con la variedad diat\u00f3pica. As\u00ed mismo se consideran otras manifestaciones ling\u00ed\u00bc\u00edstico-culturales de la comunidad y se caracteriza pragmaling\u00ed\u00bc\u00edsticamente la entrevista dialectal como m\u00e9todo de estudio.<\/p>\n<p>&nbsp;<\/p>\n<h3>Datos acad\u00e9micos de la tesis doctoral \u00ab<strong>El espa\u00f1ol hablado de la sierra de albarrac\u00edn (teruel). m\u00e1s all\u00e1 de la variedad geogr\u00e1fica<\/strong>\u00ab<\/h3>\n<ul>\n<li><strong>T\u00edtulo de la tesis:<\/strong>\u00a0 El espa\u00f1ol hablado de la sierra de albarrac\u00edn (teruel). m\u00e1s all\u00e1 de la variedad geogr\u00e1fica <\/li>\n<li><strong>Autor:<\/strong>\u00a0  Vilar Pacheco Jos\u00e9 Manuel <\/li>\n<li><strong>Universidad:<\/strong>\u00a0 Universitat de val\u00e9ncia (estudi general)<\/li>\n<li><strong>Fecha de lectura de la tesis:<\/strong>\u00a0 04\/11\/2005<\/li>\n<\/ul>\n<p>&nbsp;<\/p>\n<h3>Direcci\u00f3n y tribunal<\/h3>\n<ul>\n<li><strong>Director de la tesis<\/strong>\n<ul>\n<li>Antonio Briz G\u00f3mez<\/li>\n<\/ul>\n<\/li>\n<li><strong>Tribunal<\/strong>\n<ul>\n<li>Presidente del tribunal:  Mart\u00edn zorraquino m. antonia <\/li>\n<li>emili Casanova herrero (vocal)<\/li>\n<li> Arnal purroy m. Luisa (vocal)<\/li>\n<li> Garc\u00e9s g\u00f3mez m. pilar (vocal)<\/li>\n<\/ul>\n<\/li>\n<\/ul>\n<p>&nbsp;<\/p>\n","protected":false},"excerpt":{"rendered":"<p>Tesis doctoral de Vilar Pacheco Jos\u00e9 Manuel La comarca de la sierra de albarrac\u00edn se halla situada en la parte [&hellip;]<\/p>\n","protected":false},"author":1,"featured_media":0,"comment_status":"open","ping_status":"open","sticky":false,"template":"","format":"standard","meta":{"site-sidebar-layout":"default","site-content-layout":"","ast-site-content-layout":"","site-content-style":"default","site-sidebar-style":"default","ast-global-header-display":"","ast-banner-title-visibility":"","ast-main-header-display":"","ast-hfb-above-header-display":"","ast-hfb-below-header-display":"","ast-hfb-mobile-header-display":"","site-post-title":"","ast-breadcrumbs-content":"","ast-featured-img":"","footer-sml-layout":"","theme-transparent-header-meta":"","adv-header-id-meta":"","stick-header-meta":"","header-above-stick-meta":"","header-main-stick-meta":"","header-below-stick-meta":"","astra-migrate-meta-layouts":"default","ast-page-background-enabled":"default","ast-page-background-meta":{"desktop":{"background-color":"var(--ast-global-color-4)","background-image":"","background-repeat":"repeat","background-position":"center center","background-size":"auto","background-attachment":"scroll","background-type":"","background-media":"","overlay-type":"","overlay-color":"","overlay-gradient":""},"tablet":{"background-color":"","background-image":"","background-repeat":"repeat","background-position":"center center","background-size":"auto","background-attachment":"scroll","background-type":"","background-media":"","overlay-type":"","overlay-color":"","overlay-gradient":""},"mobile":{"background-color":"","background-image":"","background-repeat":"repeat","background-position":"center center","background-size":"auto","background-attachment":"scroll","background-type":"","background-media":"","overlay-type":"","overlay-color":"","overlay-gradient":""}},"ast-content-background-meta":{"desktop":{"background-color":"var(--ast-global-color-5)","background-image":"","background-repeat":"repeat","background-position":"center center","background-size":"auto","background-attachment":"scroll","background-type":"","background-media":"","overlay-type":"","overlay-color":"","overlay-gradient":""},"tablet":{"background-color":"var(--ast-global-color-5)","background-image":"","background-repeat":"repeat","background-position":"center center","background-size":"auto","background-attachment":"scroll","background-type":"","background-media":"","overlay-type":"","overlay-color":"","overlay-gradient":""},"mobile":{"background-color":"var(--ast-global-color-5)","background-image":"","background-repeat":"repeat","background-position":"center center","background-size":"auto","background-attachment":"scroll","background-type":"","background-media":"","overlay-type":"","overlay-color":"","overlay-gradient":""}},"footnotes":""},"categories":[59,12985],"tags":[11475,166014,32941,166015,21580,166013],"class_list":["post-77024","post","type-post","status-publish","format-standard","hentry","category-linguistica","category-linguistica-geografica","tag-antonio-briz-gomez","tag-arnal-purroy-m-luisa","tag-emili-casanova-herrero","tag-garces-gomez-m-pilar","tag-martin-zorraquino-m-antonia","tag-vilar-pacheco-jose-manuel"],"_links":{"self":[{"href":"https:\/\/www.deberes.net\/tesis\/wp-json\/wp\/v2\/posts\/77024","targetHints":{"allow":["GET"]}}],"collection":[{"href":"https:\/\/www.deberes.net\/tesis\/wp-json\/wp\/v2\/posts"}],"about":[{"href":"https:\/\/www.deberes.net\/tesis\/wp-json\/wp\/v2\/types\/post"}],"author":[{"embeddable":true,"href":"https:\/\/www.deberes.net\/tesis\/wp-json\/wp\/v2\/users\/1"}],"replies":[{"embeddable":true,"href":"https:\/\/www.deberes.net\/tesis\/wp-json\/wp\/v2\/comments?post=77024"}],"version-history":[{"count":0,"href":"https:\/\/www.deberes.net\/tesis\/wp-json\/wp\/v2\/posts\/77024\/revisions"}],"wp:attachment":[{"href":"https:\/\/www.deberes.net\/tesis\/wp-json\/wp\/v2\/media?parent=77024"}],"wp:term":[{"taxonomy":"category","embeddable":true,"href":"https:\/\/www.deberes.net\/tesis\/wp-json\/wp\/v2\/categories?post=77024"},{"taxonomy":"post_tag","embeddable":true,"href":"https:\/\/www.deberes.net\/tesis\/wp-json\/wp\/v2\/tags?post=77024"}],"curies":[{"name":"wp","href":"https:\/\/api.w.org\/{rel}","templated":true}]}}