{"id":77042,"date":"2005-04-11T00:00:00","date_gmt":"2005-04-11T00:00:00","guid":{"rendered":"https:\/\/www.deberes.net\/tesis\/sin-categoria\/marcadores-relacionados-con-la-traslocacion-bacteriana-en-diferentes-grados-de-actividad-de-la-enfermedad-inflamatoria-intestinal\/"},"modified":"2005-04-11T00:00:00","modified_gmt":"2005-04-11T00:00:00","slug":"marcadores-relacionados-con-la-traslocacion-bacteriana-en-diferentes-grados-de-actividad-de-la-enfermedad-inflamatoria-intestinal","status":"publish","type":"post","link":"https:\/\/www.deberes.net\/tesis\/inmunopatologia\/marcadores-relacionados-con-la-traslocacion-bacteriana-en-diferentes-grados-de-actividad-de-la-enfermedad-inflamatoria-intestinal\/","title":{"rendered":"Marcadores relacionados con la traslocaci\u00f3n bacteriana en diferentes grados de actividad de la enfermedad inflamatoria intestinal"},"content":{"rendered":"<h2>Tesis doctoral de <strong> \u00f3scar Pastor Rojo <\/strong><\/h2>\n<p>En esta tesis doctoral se demuestra que la endotoxemia acompa\u00f1a con frecuencia a los brotes de actividad de la eil. De nuestros resultados se desprenden directamente las siguientes conclusiones: 1. Los \u00edndices cl\u00ednicos de actividad, tanto en la ec como en la cu, no permiten diferenciar con exactitud entre los brotes con una actividad cl\u00ednica moderada de los graves. Dichos \u00edndices s\u00f3lo permiten discriminar entre tres categor\u00edas: enfermedad inactiva, actividad leve y actividad moderada-grave. 2. En la cu, el lcai (lichtger colitis activity index) es un \u00edndice sencillo de evaluar y con excelente correlaci\u00f3n con el \u00edndice tw (truelove &#038; witts), presentando adem\u00e1s la ventaja a\u00f1adida de no incluir variables anal\u00edticas que retrasen su c\u00e1lculo. Por tanto, puede ser utilizado en la pr\u00e1ctica cl\u00ednica para el seguimiento de la actividad en la cu. 3. Nuestros resultados apoyan la hip\u00f3tesis de que en la eii el aumento epis\u00f3dico en la actividad inflamatoria ent\u00e9rica facilita la traslocaci\u00f3n de productos bacterianos a la sangre y la aparici\u00f3n de endotoxemia, siendo este hecho m\u00e1s prevalente en los brotes de mayor actividad cl\u00ednica. La mejora de la actividad cl\u00ednica de la enfermedad produce un descenso de la endotoxemia, que es simult\u00e1neo al descenso en el nivel circulante de los par\u00e1metros relacionados con la traslocaci\u00f3n (lbp y scd14) y de otros marcadores inflamatorios (pcr, hpt, a1g, a1t). 4. La endotoxemia detectada en la eii no est\u00e1 asociada con el fenotipo de la misma. El aumento en la endotoxemia y en los marcadores del proceso s\u00f3lo se relaciona con el grado de la actividad. 5. La ausencia de normalizaci\u00f3n de los par\u00e1metros inflamatorios y endotox\u00e9micos en la ec inactiva parece indicar cierto grado permanente de actividad inflamatoria en el intestino de dichos pacientes. Por el contrario, en la cu inactiva no se observa tal aumento de los marcadores inflamatorios, ni de endotoxemia. 6. La actividad de la enfermedad aumenta la liberaci\u00f3n de citoquinas proinflamatorias y estimula la liberaci\u00f3n plasm\u00e1tica de reactantes de fase aguda. La liberaci\u00f3n de dichas sustancias no guarda una relaci\u00f3n lineal con el aumento de endotoxina (lps) en la sangre de estos enfermos. 7. El aumento de la actividad inflamatoria de la eii provoca el descenso en las concentraciones plasm\u00e1ticas de colesterol y el aumento en los triglic\u00e9ridos circulantes. Es destacable la inversa asociaci\u00f3n entre las concentraciones plasm\u00e1ticas de chdl y appa1 con las de lbp y otros reactantes de fase aguda. 8. El lbp es un buen marcador de actividad en la eii, con un rendimiento similar al de otras prote\u00ednas de fase aguda y sus mismas limitaciones de sensibilidad para detectar los brotes leves de la enfermedad.<\/p>\n<p>&nbsp;<\/p>\n<h3>Datos acad\u00e9micos de la tesis doctoral \u00ab<strong>Marcadores relacionados con la traslocaci\u00f3n bacteriana en diferentes grados de actividad de la enfermedad inflamatoria intestinal<\/strong>\u00ab<\/h3>\n<ul>\n<li><strong>T\u00edtulo de la tesis:<\/strong>\u00a0 Marcadores relacionados con la traslocaci\u00f3n bacteriana en diferentes grados de actividad de la enfermedad inflamatoria intestinal <\/li>\n<li><strong>Autor:<\/strong>\u00a0 \u00f3scar Pastor Rojo <\/li>\n<li><strong>Universidad:<\/strong>\u00a0 Alcal\u00e1<\/li>\n<li><strong>Fecha de lectura de la tesis:<\/strong>\u00a0 04\/11\/2005<\/li>\n<\/ul>\n<p>&nbsp;<\/p>\n<h3>Direcci\u00f3n y tribunal<\/h3>\n<ul>\n<li><strong>Director de la tesis<\/strong>\n<ul>\n<li>Agust\u00edn Albillos Mart\u00ednez<\/li>\n<\/ul>\n<\/li>\n<li><strong>Tribunal<\/strong>\n<ul>\n<li>Presidente del tribunal: melchor Alvarez de mon soto <\/li>\n<li>Luis Abreu Garc\u00eda (vocal)<\/li>\n<li>eduardo Ripoll sevillano (vocal)<\/li>\n<li>Miguel \u00e1ngel Lasunci\u00f3n ripa (vocal)<\/li>\n<\/ul>\n<\/li>\n<\/ul>\n<p>&nbsp;<\/p>\n","protected":false},"excerpt":{"rendered":"<p>Tesis doctoral de \u00f3scar Pastor Rojo En esta tesis doctoral se demuestra que la endotoxemia acompa\u00f1a con frecuencia a los [&hellip;]<\/p>\n","protected":false},"author":1,"featured_media":0,"comment_status":"open","ping_status":"open","sticky":false,"template":"","format":"standard","meta":{"site-sidebar-layout":"default","site-content-layout":"","ast-site-content-layout":"","site-content-style":"default","site-sidebar-style":"default","ast-global-header-display":"","ast-banner-title-visibility":"","ast-main-header-display":"","ast-hfb-above-header-display":"","ast-hfb-below-header-display":"","ast-hfb-mobile-header-display":"","site-post-title":"","ast-breadcrumbs-content":"","ast-featured-img":"","footer-sml-layout":"","theme-transparent-header-meta":"","adv-header-id-meta":"","stick-header-meta":"","header-above-stick-meta":"","header-main-stick-meta":"","header-below-stick-meta":"","astra-migrate-meta-layouts":"default","ast-page-background-enabled":"default","ast-page-background-meta":{"desktop":{"background-color":"var(--ast-global-color-4)","background-image":"","background-repeat":"repeat","background-position":"center center","background-size":"auto","background-attachment":"scroll","background-type":"","background-media":"","overlay-type":"","overlay-color":"","overlay-gradient":""},"tablet":{"background-color":"","background-image":"","background-repeat":"repeat","background-position":"center center","background-size":"auto","background-attachment":"scroll","background-type":"","background-media":"","overlay-type":"","overlay-color":"","overlay-gradient":""},"mobile":{"background-color":"","background-image":"","background-repeat":"repeat","background-position":"center center","background-size":"auto","background-attachment":"scroll","background-type":"","background-media":"","overlay-type":"","overlay-color":"","overlay-gradient":""}},"ast-content-background-meta":{"desktop":{"background-color":"var(--ast-global-color-5)","background-image":"","background-repeat":"repeat","background-position":"center center","background-size":"auto","background-attachment":"scroll","background-type":"","background-media":"","overlay-type":"","overlay-color":"","overlay-gradient":""},"tablet":{"background-color":"var(--ast-global-color-5)","background-image":"","background-repeat":"repeat","background-position":"center center","background-size":"auto","background-attachment":"scroll","background-type":"","background-media":"","overlay-type":"","overlay-color":"","overlay-gradient":""},"mobile":{"background-color":"var(--ast-global-color-5)","background-image":"","background-repeat":"repeat","background-position":"center center","background-size":"auto","background-attachment":"scroll","background-type":"","background-media":"","overlay-type":"","overlay-color":"","overlay-gradient":""}},"footnotes":""},"categories":[17426,491,450],"tags":[31696,17693,31858,14431,17445,166052],"class_list":["post-77042","post","type-post","status-publish","format-standard","hentry","category-alcala","category-gastroenterologia","category-inmunopatologia","tag-agustin-albillos-Martinez","tag-eduardo-ripoll-sevillano","tag-luis-abreu-garcia","tag-melchor-alvarez-de-mon-soto","tag-miguel-angel-lasuncion-ripa","tag-oscar-pastor-rojo"],"_links":{"self":[{"href":"https:\/\/www.deberes.net\/tesis\/wp-json\/wp\/v2\/posts\/77042","targetHints":{"allow":["GET"]}}],"collection":[{"href":"https:\/\/www.deberes.net\/tesis\/wp-json\/wp\/v2\/posts"}],"about":[{"href":"https:\/\/www.deberes.net\/tesis\/wp-json\/wp\/v2\/types\/post"}],"author":[{"embeddable":true,"href":"https:\/\/www.deberes.net\/tesis\/wp-json\/wp\/v2\/users\/1"}],"replies":[{"embeddable":true,"href":"https:\/\/www.deberes.net\/tesis\/wp-json\/wp\/v2\/comments?post=77042"}],"version-history":[{"count":0,"href":"https:\/\/www.deberes.net\/tesis\/wp-json\/wp\/v2\/posts\/77042\/revisions"}],"wp:attachment":[{"href":"https:\/\/www.deberes.net\/tesis\/wp-json\/wp\/v2\/media?parent=77042"}],"wp:term":[{"taxonomy":"category","embeddable":true,"href":"https:\/\/www.deberes.net\/tesis\/wp-json\/wp\/v2\/categories?post=77042"},{"taxonomy":"post_tag","embeddable":true,"href":"https:\/\/www.deberes.net\/tesis\/wp-json\/wp\/v2\/tags?post=77042"}],"curies":[{"name":"wp","href":"https:\/\/api.w.org\/{rel}","templated":true}]}}