{"id":77061,"date":"2005-07-11T00:00:00","date_gmt":"2005-07-11T00:00:00","guid":{"rendered":"https:\/\/www.deberes.net\/tesis\/sin-categoria\/la-comunicacion-en-las-organizaciones-no-gubernamentales-de-desarrollo\/"},"modified":"2005-07-11T00:00:00","modified_gmt":"2005-07-11T00:00:00","slug":"la-comunicacion-en-las-organizaciones-no-gubernamentales-de-desarrollo","status":"publish","type":"post","link":"https:\/\/www.deberes.net\/tesis\/sociologia\/la-comunicacion-en-las-organizaciones-no-gubernamentales-de-desarrollo\/","title":{"rendered":"La comunicacion en las organizaciones no gubernamentales de desarrollo"},"content":{"rendered":"<h2>Tesis doctoral de <strong>  Gil Gil Francisco Alfonso <\/strong><\/h2>\n<p>Su objetivo principal es el de realizar una aproximaci\u00f3n a la gesti\u00f3n actual de la comunicaci\u00f3n que llevan a cabo las organizaciones no gubernamentales de desarrollo (ongd) que operan en espa\u00f1a y cuyo \u00e1mbito de actuaci\u00f3n es el de la cooperaci\u00f3n internacional para el desarrollo.  en un primer momento, se aborda el estudio del tercer sector o sector no lucrativo, de la cooperaci\u00f3n al desarrollo y de las ongd. En la segunda parte, se analiza la pol\u00edtica de comunicaci\u00f3n que ponen en marcha este tipo de organizaciones en cuanto a objetivos, p\u00fablicos, mensajes, instrumentos de comunicaci\u00f3n, presupuesto y evaluaci\u00f3n de la eficacia de sus acciones. junto con las campa\u00f1as institucionales que dirige a la opini\u00f3n p\u00fablica la congde, como plataforma de referencia del sector en nuestro pa\u00eds.  finalmente, se efect\u00faa un an\u00e1lisis espec\u00edfico de la comunicaci\u00f3n que emprenden ongd de referencia en espa\u00f1a por la importante labor que desarrollan en algunas de las principales \u00e1reas de actividad del mundo de la cooperaci\u00f3n internacional.<\/p>\n<p>&nbsp;<\/p>\n<h3>Datos acad\u00e9micos de la tesis doctoral \u00ab<strong>La comunicacion en las organizaciones no gubernamentales de desarrollo<\/strong>\u00ab<\/h3>\n<ul>\n<li><strong>T\u00edtulo de la tesis:<\/strong>\u00a0 La comunicacion en las organizaciones no gubernamentales de desarrollo <\/li>\n<li><strong>Autor:<\/strong>\u00a0  Gil Gil Francisco Alfonso <\/li>\n<li><strong>Universidad:<\/strong>\u00a0 Jaume i de castell\u00f3n<\/li>\n<li><strong>Fecha de lectura de la tesis:<\/strong>\u00a0 07\/11\/2005<\/li>\n<\/ul>\n<p>&nbsp;<\/p>\n<h3>Direcci\u00f3n y tribunal<\/h3>\n<ul>\n<li><strong>Director de la tesis<\/strong>\n<ul>\n<li>Rafael Lopez Lita<\/li>\n<\/ul>\n<\/li>\n<li><strong>Tribunal<\/strong>\n<ul>\n<li>Presidente del tribunal: Francisco Garcia garcia <\/li>\n<li> Reyes moreno Mar\u00eda  isabel (vocal)<\/li>\n<li>elo\u00edsa fernanda Nos ald\u00e1s (vocal)<\/li>\n<li>sonia Carcelen garcia (vocal)<\/li>\n<\/ul>\n<\/li>\n<\/ul>\n<p>&nbsp;<\/p>\n","protected":false},"excerpt":{"rendered":"<p>Tesis doctoral de Gil Gil Francisco Alfonso Su objetivo principal es el de realizar una aproximaci\u00f3n a la gesti\u00f3n actual [&hellip;]<\/p>\n","protected":false},"author":1,"featured_media":0,"comment_status":"open","ping_status":"open","sticky":false,"template":"","format":"standard","meta":{"site-sidebar-layout":"default","site-content-layout":"","ast-site-content-layout":"","site-content-style":"default","site-sidebar-style":"default","ast-global-header-display":"","ast-banner-title-visibility":"","ast-main-header-display":"","ast-hfb-above-header-display":"","ast-hfb-below-header-display":"","ast-hfb-mobile-header-display":"","site-post-title":"","ast-breadcrumbs-content":"","ast-featured-img":"","footer-sml-layout":"","theme-transparent-header-meta":"","adv-header-id-meta":"","stick-header-meta":"","header-above-stick-meta":"","header-main-stick-meta":"","header-below-stick-meta":"","astra-migrate-meta-layouts":"default","ast-page-background-enabled":"default","ast-page-background-meta":{"desktop":{"background-color":"var(--ast-global-color-4)","background-image":"","background-repeat":"repeat","background-position":"center center","background-size":"auto","background-attachment":"scroll","background-type":"","background-media":"","overlay-type":"","overlay-color":"","overlay-gradient":""},"tablet":{"background-color":"","background-image":"","background-repeat":"repeat","background-position":"center center","background-size":"auto","background-attachment":"scroll","background-type":"","background-media":"","overlay-type":"","overlay-color":"","overlay-gradient":""},"mobile":{"background-color":"","background-image":"","background-repeat":"repeat","background-position":"center center","background-size":"auto","background-attachment":"scroll","background-type":"","background-media":"","overlay-type":"","overlay-color":"","overlay-gradient":""}},"ast-content-background-meta":{"desktop":{"background-color":"var(--ast-global-color-5)","background-image":"","background-repeat":"repeat","background-position":"center center","background-size":"auto","background-attachment":"scroll","background-type":"","background-media":"","overlay-type":"","overlay-color":"","overlay-gradient":""},"tablet":{"background-color":"var(--ast-global-color-5)","background-image":"","background-repeat":"repeat","background-position":"center center","background-size":"auto","background-attachment":"scroll","background-type":"","background-media":"","overlay-type":"","overlay-color":"","overlay-gradient":""},"mobile":{"background-color":"var(--ast-global-color-5)","background-image":"","background-repeat":"repeat","background-position":"center center","background-size":"auto","background-attachment":"scroll","background-type":"","background-media":"","overlay-type":"","overlay-color":"","overlay-gradient":""}},"footnotes":""},"categories":[22018,6217,6713,18725,6216,1295,269,13715,1496],"tags":[59544,7470,166087,24150,166088,166089],"class_list":["post-77061","post","type-post","status-publish","format-standard","hentry","category-bienestar-social","category-cambio-y-desarrollo-social","category-desarrollo-socioeconomico","category-jaume-i-de-castellon","category-paises-en-via-de-desarrollo","category-problemas-y-conflictos-sociales","category-sociologia","category-sociologia-de-los-medios-de-comunicacion-de-masas","category-sociologia-del-trabajo","tag-eloisa-fernanda-nos-aldas","tag-francisco-garcia-garcia","tag-gil-gil-francisco-alfonso","tag-rafael-lopez-lita","tag-reyes-moreno-maria-isabel","tag-sonia-carcelen-garcia"],"_links":{"self":[{"href":"https:\/\/www.deberes.net\/tesis\/wp-json\/wp\/v2\/posts\/77061","targetHints":{"allow":["GET"]}}],"collection":[{"href":"https:\/\/www.deberes.net\/tesis\/wp-json\/wp\/v2\/posts"}],"about":[{"href":"https:\/\/www.deberes.net\/tesis\/wp-json\/wp\/v2\/types\/post"}],"author":[{"embeddable":true,"href":"https:\/\/www.deberes.net\/tesis\/wp-json\/wp\/v2\/users\/1"}],"replies":[{"embeddable":true,"href":"https:\/\/www.deberes.net\/tesis\/wp-json\/wp\/v2\/comments?post=77061"}],"version-history":[{"count":0,"href":"https:\/\/www.deberes.net\/tesis\/wp-json\/wp\/v2\/posts\/77061\/revisions"}],"wp:attachment":[{"href":"https:\/\/www.deberes.net\/tesis\/wp-json\/wp\/v2\/media?parent=77061"}],"wp:term":[{"taxonomy":"category","embeddable":true,"href":"https:\/\/www.deberes.net\/tesis\/wp-json\/wp\/v2\/categories?post=77061"},{"taxonomy":"post_tag","embeddable":true,"href":"https:\/\/www.deberes.net\/tesis\/wp-json\/wp\/v2\/tags?post=77061"}],"curies":[{"name":"wp","href":"https:\/\/api.w.org\/{rel}","templated":true}]}}