{"id":77063,"date":"2005-08-11T00:00:00","date_gmt":"2005-08-11T00:00:00","guid":{"rendered":"https:\/\/www.deberes.net\/tesis\/sin-categoria\/pluralismo-epistemologico-y-multiculturalismo\/"},"modified":"2005-08-11T00:00:00","modified_gmt":"2005-08-11T00:00:00","slug":"pluralismo-epistemologico-y-multiculturalismo","status":"publish","type":"post","link":"https:\/\/www.deberes.net\/tesis\/barcelona\/pluralismo-epistemologico-y-multiculturalismo\/","title":{"rendered":"Pluralismo epistemol\u00f3gico y multiculturalismo."},"content":{"rendered":"<h2>Tesis doctoral de <strong> M\u00f3nica G\u00f3mez Salazar <\/strong><\/h2>\n<p>El objetivo principal de esta tesis es presentar fundamentos epistemol\u00f3gicos que expliquen a la diversidad cultural como un hecho que los sujetos construyen al aplicar alguno de los diferentes marcos conceptuales a la realidad independiente. con base en esta explicaci\u00f3n epistemol\u00f3gica de la diversidad cultural sostenemos que los sujetos s\u00f3lo pueden estructurar parte dela realidad en relaci\u00f3n con alg\u00fan marco conceptual, por tanto, no puede haber una neutralidad cultural. as\u00ed pues, defendemos que las pol\u00edticas del estado-naci\u00f3n moderno que pretenden una neutralidad cultural deben ser cuestionadas. Centr\u00e1ndonos en la multiculturalidad en m\u00e9xico, y teniendo en cuenta que no hay una \u00fanica manera correcta de entender y estructurar la realidad, pero que personas de diferentes comunidads culturales pueden llegar a comunicarse e interactuar de manera armoniosa, sustentamos que el estado-naci\u00f3n mexicano debe iniciar un proceso de transici\u00f3n hacia un estado plural que respete de diversidad de comunidades culturales que lo constituyen, y por ende, respete las distintas pol\u00edticas que gu\u00eden las acciones colectivas de dichas comunidades. Con el fin de evitar un relativismo extremo, las pol\u00edticas de las respectivas comunidades culturales deben apoyarse en razones v\u00e1lidas que aseguren a cualquier persona que se relaciones con la comunidad cultural pertinente que son gu\u00edas de acciones colectivas acertadas.  esta tesis se estructura como sigue:  el primer cap\u00edtulo est\u00e1 dedicado al tema de la diferencia en la construcci\u00f3n social de las distintas realidades. En el segundo cap\u00edtulo se explica el tema de la justificaci\u00f3n racional de las creencias y pr\u00e1cticas. En el tercer cap\u00edtulo se explica el tema de la justificaci\u00f3n racional de las creencias y pr\u00e1cticas. En el tercer cap\u00edtulo se expone el concepto de justicia social y su relaci\u00f3n con la diversidad cultural. Finalmente, el cuarto cap\u00edtulo est\u00e1 dedicado al tema del reconocimie<\/p>\n<p>&nbsp;<\/p>\n<h3>Datos acad\u00e9micos de la tesis doctoral \u00ab<strong>Pluralismo epistemol\u00f3gico y multiculturalismo.<\/strong>\u00ab<\/h3>\n<ul>\n<li><strong>T\u00edtulo de la tesis:<\/strong>\u00a0 Pluralismo epistemol\u00f3gico y multiculturalismo. <\/li>\n<li><strong>Autor:<\/strong>\u00a0 M\u00f3nica G\u00f3mez Salazar <\/li>\n<li><strong>Universidad:<\/strong>\u00a0 Barcelona<\/li>\n<li><strong>Fecha de lectura de la tesis:<\/strong>\u00a0 08\/11\/2005<\/li>\n<\/ul>\n<p>&nbsp;<\/p>\n<h3>Direcci\u00f3n y tribunal<\/h3>\n<ul>\n<li><strong>Director de la tesis<\/strong>\n<ul>\n<li>Norbert Bilbeny Garcia<\/li>\n<\/ul>\n<\/li>\n<li><strong>Tribunal<\/strong>\n<ul>\n<li>Presidente del tribunal: margarita Boladeras cucurella <\/li>\n<li>xavier Torrens (vocal)<\/li>\n<li>Jos\u00e9 Manuel Bermudo avila (vocal)<\/li>\n<li>Francisco Colom (vocal)<\/li>\n<\/ul>\n<\/li>\n<\/ul>\n<p>&nbsp;<\/p>\n","protected":false},"excerpt":{"rendered":"<p>Tesis doctoral de M\u00f3nica G\u00f3mez Salazar El objetivo principal de esta tesis es presentar fundamentos epistemol\u00f3gicos que expliquen a la [&hellip;]<\/p>\n","protected":false},"author":1,"featured_media":0,"comment_status":"open","ping_status":"open","sticky":false,"template":"","format":"standard","meta":{"site-sidebar-layout":"default","site-content-layout":"","ast-site-content-layout":"","site-content-style":"default","site-sidebar-style":"default","ast-global-header-display":"","ast-banner-title-visibility":"","ast-main-header-display":"","ast-hfb-above-header-display":"","ast-hfb-below-header-display":"","ast-hfb-mobile-header-display":"","site-post-title":"","ast-breadcrumbs-content":"","ast-featured-img":"","footer-sml-layout":"","theme-transparent-header-meta":"","adv-header-id-meta":"","stick-header-meta":"","header-above-stick-meta":"","header-main-stick-meta":"","header-below-stick-meta":"","astra-migrate-meta-layouts":"default","ast-page-background-enabled":"default","ast-page-background-meta":{"desktop":{"background-color":"var(--ast-global-color-4)","background-image":"","background-repeat":"repeat","background-position":"center center","background-size":"auto","background-attachment":"scroll","background-type":"","background-media":"","overlay-type":"","overlay-color":"","overlay-gradient":""},"tablet":{"background-color":"","background-image":"","background-repeat":"repeat","background-position":"center center","background-size":"auto","background-attachment":"scroll","background-type":"","background-media":"","overlay-type":"","overlay-color":"","overlay-gradient":""},"mobile":{"background-color":"","background-image":"","background-repeat":"repeat","background-position":"center center","background-size":"auto","background-attachment":"scroll","background-type":"","background-media":"","overlay-type":"","overlay-color":"","overlay-gradient":""}},"ast-content-background-meta":{"desktop":{"background-color":"var(--ast-global-color-5)","background-image":"","background-repeat":"repeat","background-position":"center center","background-size":"auto","background-attachment":"scroll","background-type":"","background-media":"","overlay-type":"","overlay-color":"","overlay-gradient":""},"tablet":{"background-color":"var(--ast-global-color-5)","background-image":"","background-repeat":"repeat","background-position":"center center","background-size":"auto","background-attachment":"scroll","background-type":"","background-media":"","overlay-type":"","overlay-color":"","overlay-gradient":""},"mobile":{"background-color":"var(--ast-global-color-5)","background-image":"","background-repeat":"repeat","background-position":"center center","background-size":"auto","background-attachment":"scroll","background-type":"","background-media":"","overlay-type":"","overlay-color":"","overlay-gradient":""}},"footnotes":""},"categories":[951,8646,8647,8649],"tags":[166094,18940,44168,166092,32930,166093],"class_list":["post-77063","post","type-post","status-publish","format-standard","hentry","category-barcelona","category-etica","category-etica-de-individuos","category-etica-filosofica","tag-francisco-colom","tag-jose-manuel-bermudo-avila","tag-margarita-boladeras-cucurella","tag-monica-gomez-salazar","tag-norbert-bilbeny-garcia","tag-xavier-torrens"],"_links":{"self":[{"href":"https:\/\/www.deberes.net\/tesis\/wp-json\/wp\/v2\/posts\/77063","targetHints":{"allow":["GET"]}}],"collection":[{"href":"https:\/\/www.deberes.net\/tesis\/wp-json\/wp\/v2\/posts"}],"about":[{"href":"https:\/\/www.deberes.net\/tesis\/wp-json\/wp\/v2\/types\/post"}],"author":[{"embeddable":true,"href":"https:\/\/www.deberes.net\/tesis\/wp-json\/wp\/v2\/users\/1"}],"replies":[{"embeddable":true,"href":"https:\/\/www.deberes.net\/tesis\/wp-json\/wp\/v2\/comments?post=77063"}],"version-history":[{"count":0,"href":"https:\/\/www.deberes.net\/tesis\/wp-json\/wp\/v2\/posts\/77063\/revisions"}],"wp:attachment":[{"href":"https:\/\/www.deberes.net\/tesis\/wp-json\/wp\/v2\/media?parent=77063"}],"wp:term":[{"taxonomy":"category","embeddable":true,"href":"https:\/\/www.deberes.net\/tesis\/wp-json\/wp\/v2\/categories?post=77063"},{"taxonomy":"post_tag","embeddable":true,"href":"https:\/\/www.deberes.net\/tesis\/wp-json\/wp\/v2\/tags?post=77063"}],"curies":[{"name":"wp","href":"https:\/\/api.w.org\/{rel}","templated":true}]}}