{"id":77086,"date":"2005-09-11T00:00:00","date_gmt":"2005-09-11T00:00:00","guid":{"rendered":"https:\/\/www.deberes.net\/tesis\/sin-categoria\/valor-del-estudio-citometrico-del-contenido-en-adn-y-fase-s-en-los-polipos-colonicos-con-cancer-focal-papel-de-la-apoptosis-en-la-secuencia-adenoma-cancer-de-colon\/"},"modified":"2005-09-11T00:00:00","modified_gmt":"2005-09-11T00:00:00","slug":"valor-del-estudio-citometrico-del-contenido-en-adn-y-fase-s-en-los-polipos-colonicos-con-cancer-focal-papel-de-la-apoptosis-en-la-secuencia-adenoma-cancer-de-colon","status":"publish","type":"post","link":"https:\/\/www.deberes.net\/tesis\/gastroenterologia\/valor-del-estudio-citometrico-del-contenido-en-adn-y-fase-s-en-los-polipos-colonicos-con-cancer-focal-papel-de-la-apoptosis-en-la-secuencia-adenoma-cancer-de-colon\/","title":{"rendered":"Valor del estudio citom\u00e9trico del contenido en adn y fase s en los p\u00f3lipos col\u00f3nicos con c\u00e1ncer focal. papel de la apoptosis en la secuencia adenoma-c\u00e1ncer de colon"},"content":{"rendered":"<h2>Tesis doctoral de <strong>  Merino Laborda Mar\u00eda Teresa <\/strong><\/h2>\n<p>Estudio realizado sobre muestras parafinadas de p\u00f3lipos de colon obtenidos por polipectom\u00eda endosc\u00f3pica, utilizando como controles muestras de mucosa normal correspondientes a los cuatro segmentos col\u00f3nicos. Se aplicaron t\u00e9cnicas de detecci\u00f3n de apoptosis mediante tinci\u00f3n tunel modificada y estudio de contenido de adn y porcentaje de c\u00e9lulas en fase s mediante cmf. Correlaci\u00f3n de los valores obtenidos con los distintos patrones hist\u00f3logos y la secuencia adenoma-c\u00e1ncer colorrectal.<\/p>\n<p>&nbsp;<\/p>\n<h3>Datos acad\u00e9micos de la tesis doctoral \u00ab<strong>Valor del estudio citom\u00e9trico del contenido en adn y fase s en los p\u00f3lipos col\u00f3nicos con c\u00e1ncer focal. papel de la apoptosis en la secuencia adenoma-c\u00e1ncer de colon<\/strong>\u00ab<\/h3>\n<ul>\n<li><strong>T\u00edtulo de la tesis:<\/strong>\u00a0 Valor del estudio citom\u00e9trico del contenido en adn y fase s en los p\u00f3lipos col\u00f3nicos con c\u00e1ncer focal. papel de la apoptosis en la secuencia adenoma-c\u00e1ncer de colon <\/li>\n<li><strong>Autor:<\/strong>\u00a0  Merino Laborda Mar\u00eda Teresa <\/li>\n<li><strong>Universidad:<\/strong>\u00a0 Lleida<\/li>\n<li><strong>Fecha de lectura de la tesis:<\/strong>\u00a0 09\/11\/2005<\/li>\n<\/ul>\n<p>&nbsp;<\/p>\n<h3>Direcci\u00f3n y tribunal<\/h3>\n<ul>\n<li><strong>Director de la tesis<\/strong>\n<ul>\n<li>Josep Mar\u00eda Re\u00f1e Espinet<\/li>\n<\/ul>\n<\/li>\n<li><strong>Tribunal<\/strong>\n<ul>\n<li>Presidente del tribunal: joan Vi\u00f1as salas <\/li>\n<li>Juan Buenestado garcia (vocal)<\/li>\n<li>joan Mones xiol (vocal)<\/li>\n<li>Miguel angel Sim\u00f3n marco (vocal)<\/li>\n<\/ul>\n<\/li>\n<\/ul>\n<p>&nbsp;<\/p>\n","protected":false},"excerpt":{"rendered":"<p>Tesis doctoral de Merino Laborda Mar\u00eda Teresa Estudio realizado sobre muestras parafinadas de p\u00f3lipos de colon obtenidos por polipectom\u00eda endosc\u00f3pica, [&hellip;]<\/p>\n","protected":false},"author":1,"featured_media":0,"comment_status":"open","ping_status":"open","sticky":false,"template":"","format":"standard","meta":{"site-sidebar-layout":"default","site-content-layout":"","ast-site-content-layout":"","site-content-style":"default","site-sidebar-style":"default","ast-global-header-display":"","ast-banner-title-visibility":"","ast-main-header-display":"","ast-hfb-above-header-display":"","ast-hfb-below-header-display":"","ast-hfb-mobile-header-display":"","site-post-title":"","ast-breadcrumbs-content":"","ast-featured-img":"","footer-sml-layout":"","theme-transparent-header-meta":"","adv-header-id-meta":"","stick-header-meta":"","header-above-stick-meta":"","header-main-stick-meta":"","header-below-stick-meta":"","astra-migrate-meta-layouts":"default","ast-page-background-enabled":"default","ast-page-background-meta":{"desktop":{"background-color":"var(--ast-global-color-4)","background-image":"","background-repeat":"repeat","background-position":"center center","background-size":"auto","background-attachment":"scroll","background-type":"","background-media":"","overlay-type":"","overlay-color":"","overlay-gradient":""},"tablet":{"background-color":"","background-image":"","background-repeat":"repeat","background-position":"center center","background-size":"auto","background-attachment":"scroll","background-type":"","background-media":"","overlay-type":"","overlay-color":"","overlay-gradient":""},"mobile":{"background-color":"","background-image":"","background-repeat":"repeat","background-position":"center center","background-size":"auto","background-attachment":"scroll","background-type":"","background-media":"","overlay-type":"","overlay-color":"","overlay-gradient":""}},"ast-content-background-meta":{"desktop":{"background-color":"var(--ast-global-color-5)","background-image":"","background-repeat":"repeat","background-position":"center center","background-size":"auto","background-attachment":"scroll","background-type":"","background-media":"","overlay-type":"","overlay-color":"","overlay-gradient":""},"tablet":{"background-color":"var(--ast-global-color-5)","background-image":"","background-repeat":"repeat","background-position":"center center","background-size":"auto","background-attachment":"scroll","background-type":"","background-media":"","overlay-type":"","overlay-color":"","overlay-gradient":""},"mobile":{"background-color":"var(--ast-global-color-5)","background-image":"","background-repeat":"repeat","background-position":"center center","background-size":"auto","background-attachment":"scroll","background-type":"","background-media":"","overlay-type":"","overlay-color":"","overlay-gradient":""}},"footnotes":""},"categories":[491,18842],"tags":[26961,32818,32820,136196,166141,69471],"class_list":["post-77086","post","type-post","status-publish","format-standard","hentry","category-gastroenterologia","category-lleida","tag-joan-mones-xiol","tag-joan-vinas-salas","tag-josep-maria-rene-espinet","tag-juan-buenestado-garcia","tag-merino-laborda-maria-teresa","tag-miguel-angel-simon-marco"],"_links":{"self":[{"href":"https:\/\/www.deberes.net\/tesis\/wp-json\/wp\/v2\/posts\/77086","targetHints":{"allow":["GET"]}}],"collection":[{"href":"https:\/\/www.deberes.net\/tesis\/wp-json\/wp\/v2\/posts"}],"about":[{"href":"https:\/\/www.deberes.net\/tesis\/wp-json\/wp\/v2\/types\/post"}],"author":[{"embeddable":true,"href":"https:\/\/www.deberes.net\/tesis\/wp-json\/wp\/v2\/users\/1"}],"replies":[{"embeddable":true,"href":"https:\/\/www.deberes.net\/tesis\/wp-json\/wp\/v2\/comments?post=77086"}],"version-history":[{"count":0,"href":"https:\/\/www.deberes.net\/tesis\/wp-json\/wp\/v2\/posts\/77086\/revisions"}],"wp:attachment":[{"href":"https:\/\/www.deberes.net\/tesis\/wp-json\/wp\/v2\/media?parent=77086"}],"wp:term":[{"taxonomy":"category","embeddable":true,"href":"https:\/\/www.deberes.net\/tesis\/wp-json\/wp\/v2\/categories?post=77086"},{"taxonomy":"post_tag","embeddable":true,"href":"https:\/\/www.deberes.net\/tesis\/wp-json\/wp\/v2\/tags?post=77086"}],"curies":[{"name":"wp","href":"https:\/\/api.w.org\/{rel}","templated":true}]}}