{"id":77105,"date":"2005-11-11T00:00:00","date_gmt":"2005-11-11T00:00:00","guid":{"rendered":"https:\/\/www.deberes.net\/tesis\/sin-categoria\/el-problamiento-iberico-del-valle-de-cabrera-de-mar-estudio-de-arqueologa%c2%ada-e-historia\/"},"modified":"2005-11-11T00:00:00","modified_gmt":"2005-11-11T00:00:00","slug":"el-problamiento-iberico-del-valle-de-cabrera-de-mar-estudio-de-arqueologa%c2%ada-e-historia","status":"publish","type":"post","link":"https:\/\/www.deberes.net\/tesis\/historia\/el-problamiento-iberico-del-valle-de-cabrera-de-mar-estudio-de-arqueologa%c2%ada-e-historia\/","title":{"rendered":"El problamiento iberico del valle de cabrera de mar. estudio de arqueolog\u00eda e historia."},"content":{"rendered":"<h2>Tesis doctoral de <strong>  Zamora Moreno M. Dolores <\/strong><\/h2>\n<p>Uno de los conjuntos arqueol\u00f3gicos m\u00e1s singulares y notables del per\u00edodo ib\u00e9rico ubicado en la zona nordeste del actual territorio catal\u00e1n es el que se halla situado en el termino municipal de cabrera de mar, un peque\u00f1o municipio que dista unos 25km de la ciudad de barcelona. De este municipio, desde el punto vista geogr\u00e1fico, destaca una modesta depresi\u00f3n que se abre al mar, enmarcada por una serie de colinas de baja altitud que no sobrepasan los 400m, donde se concentran una gran cantidad de yacimientos arqueolog\u00edcos de \u00e9poca ib\u00e9rica-siglos vi-i a.C. Este territorio era el marco natural de uno de los centros de poblaci\u00f3n de la antig\u00ed\u00bcedad pre-romana m\u00e1s importantes que pertenec\u00eda a la etnia de los iberos layetanos. En poco m\u00e1s de unas 60 hect\u00e1reas, los trabajos arqueol\u00f3gicos, que se remontan ya a finales del siglo xix, han permitido localizar y conocer un extenso oppidum &#8211; de unas 10 hect\u00e1reas &#8211; situado en la monta\u00f1a de burriac que preside y domina el valle, una serie de peque\u00f1os asentamientos rurales situados en las inmediaciones del oppidum, dos enormes campos de silos y otros muchos silos que, de manera menos concentrada, est\u00e1n dispersos por la zona, tres necr\u00f3polis, una cueva santuario y una serie de puntos de vigilancia y de defensa entre los cuales destaca una impresionante torre aislada. El trabajo que se presenta pretende ser un ejercicio de recopilaci\u00f3n, de ordenaci\u00f3n y de interpretaci\u00f3n esencialmente arqueol\u00f3gica y, en lo posible hist\u00f3rica, de lo que pudo significar este enclave en el conjunto de la layetania ib\u00e9rica. Su an\u00e1lisis exhaustivo y meticuloso nos ha permitido formular una propuesta te\u00f3rica de organizaci\u00f3n territorial y de pautas de asentamiento que parecen evidenciar una concepci\u00f3n premeditada, acomodada a las caracter\u00edsticas del territorio, que resulta compleja a la vez que l\u00f3gicamente pragm\u00e1tica en la ordenaci\u00f3n, distribuci\u00f3n y funcionalidad que se debi\u00f3 concebir en la ocupaci<\/p>\n<p>&nbsp;<\/p>\n<h3>Datos acad\u00e9micos de la tesis doctoral \u00ab<strong>El problamiento iberico del valle de cabrera de mar. estudio de arqueolog\u00eda e historia.<\/strong>\u00ab<\/h3>\n<ul>\n<li><strong>T\u00edtulo de la tesis:<\/strong>\u00a0 El problamiento iberico del valle de cabrera de mar. estudio de arqueolog\u00eda e historia. <\/li>\n<li><strong>Autor:<\/strong>\u00a0  Zamora Moreno M. Dolores <\/li>\n<li><strong>Universidad:<\/strong>\u00a0 Barcelona<\/li>\n<li><strong>Fecha de lectura de la tesis:<\/strong>\u00a0 11\/11\/2005<\/li>\n<\/ul>\n<p>&nbsp;<\/p>\n<h3>Direcci\u00f3n y tribunal<\/h3>\n<ul>\n<li><strong>Director de la tesis<\/strong>\n<ul>\n<li>Joan Sanmart\u00ed Grego<\/li>\n<\/ul>\n<\/li>\n<li><strong>Tribunal<\/strong>\n<ul>\n<li>Presidente del tribunal: arturo Ruiz rodriguez <\/li>\n<li>rosa Plana mallart (vocal)<\/li>\n<li>Jos\u00e9 P\u00e9rez ballester (vocal)<\/li>\n<li>pierre Moret (vocal)<\/li>\n<\/ul>\n<\/li>\n<\/ul>\n<p>&nbsp;<\/p>\n","protected":false},"excerpt":{"rendered":"<p>Tesis doctoral de Zamora Moreno M. Dolores Uno de los conjuntos arqueol\u00f3gicos m\u00e1s singulares y notables del per\u00edodo ib\u00e9rico ubicado [&hellip;]<\/p>\n","protected":false},"author":1,"featured_media":0,"comment_status":"open","ping_status":"open","sticky":false,"template":"","format":"standard","meta":{"site-sidebar-layout":"default","site-content-layout":"","ast-site-content-layout":"","site-content-style":"default","site-sidebar-style":"default","ast-global-header-display":"","ast-banner-title-visibility":"","ast-main-header-display":"","ast-hfb-above-header-display":"","ast-hfb-below-header-display":"","ast-hfb-mobile-header-display":"","site-post-title":"","ast-breadcrumbs-content":"","ast-featured-img":"","footer-sml-layout":"","theme-transparent-header-meta":"","adv-header-id-meta":"","stick-header-meta":"","header-above-stick-meta":"","header-main-stick-meta":"","header-below-stick-meta":"","astra-migrate-meta-layouts":"default","ast-page-background-enabled":"default","ast-page-background-meta":{"desktop":{"background-color":"var(--ast-global-color-4)","background-image":"","background-repeat":"repeat","background-position":"center center","background-size":"auto","background-attachment":"scroll","background-type":"","background-media":"","overlay-type":"","overlay-color":"","overlay-gradient":""},"tablet":{"background-color":"","background-image":"","background-repeat":"repeat","background-position":"center center","background-size":"auto","background-attachment":"scroll","background-type":"","background-media":"","overlay-type":"","overlay-color":"","overlay-gradient":""},"mobile":{"background-color":"","background-image":"","background-repeat":"repeat","background-position":"center center","background-size":"auto","background-attachment":"scroll","background-type":"","background-media":"","overlay-type":"","overlay-color":"","overlay-gradient":""}},"ast-content-background-meta":{"desktop":{"background-color":"var(--ast-global-color-5)","background-image":"","background-repeat":"repeat","background-position":"center center","background-size":"auto","background-attachment":"scroll","background-type":"","background-media":"","overlay-type":"","overlay-color":"","overlay-gradient":""},"tablet":{"background-color":"var(--ast-global-color-5)","background-image":"","background-repeat":"repeat","background-position":"center center","background-size":"auto","background-attachment":"scroll","background-type":"","background-media":"","overlay-type":"","overlay-color":"","overlay-gradient":""},"mobile":{"background-color":"var(--ast-global-color-5)","background-image":"","background-repeat":"repeat","background-position":"center center","background-size":"auto","background-attachment":"scroll","background-type":"","background-media":"","overlay-type":"","overlay-color":"","overlay-gradient":""}},"footnotes":""},"categories":[1623,951,19465,1624,104,569,220,2635],"tags":[27123,11494,11646,166175,124729,166174],"class_list":["post-77105","post","type-post","status-publish","format-standard","hentry","category-arqueologia","category-barcelona","category-ceramologia","category-ciencias-auxiliares-de-la-historia","category-historia","category-historia-antigua","category-historia-por-epocas","category-prehistoria","tag-arturo-ruiz-rodriguez","tag-joan-sanmarti-grego","tag-jose-perez-ballester","tag-pierre-moret","tag-rosa-plana-mallart","tag-zamora-moreno-m-dolores"],"_links":{"self":[{"href":"https:\/\/www.deberes.net\/tesis\/wp-json\/wp\/v2\/posts\/77105","targetHints":{"allow":["GET"]}}],"collection":[{"href":"https:\/\/www.deberes.net\/tesis\/wp-json\/wp\/v2\/posts"}],"about":[{"href":"https:\/\/www.deberes.net\/tesis\/wp-json\/wp\/v2\/types\/post"}],"author":[{"embeddable":true,"href":"https:\/\/www.deberes.net\/tesis\/wp-json\/wp\/v2\/users\/1"}],"replies":[{"embeddable":true,"href":"https:\/\/www.deberes.net\/tesis\/wp-json\/wp\/v2\/comments?post=77105"}],"version-history":[{"count":0,"href":"https:\/\/www.deberes.net\/tesis\/wp-json\/wp\/v2\/posts\/77105\/revisions"}],"wp:attachment":[{"href":"https:\/\/www.deberes.net\/tesis\/wp-json\/wp\/v2\/media?parent=77105"}],"wp:term":[{"taxonomy":"category","embeddable":true,"href":"https:\/\/www.deberes.net\/tesis\/wp-json\/wp\/v2\/categories?post=77105"},{"taxonomy":"post_tag","embeddable":true,"href":"https:\/\/www.deberes.net\/tesis\/wp-json\/wp\/v2\/tags?post=77105"}],"curies":[{"name":"wp","href":"https:\/\/api.w.org\/{rel}","templated":true}]}}