{"id":77106,"date":"2005-11-11T00:00:00","date_gmt":"2005-11-11T00:00:00","guid":{"rendered":"https:\/\/www.deberes.net\/tesis\/sin-categoria\/la-orientacion-profesional-en-2-ciclo-de-la-eso-diseno-implementacion-y-evaluacion-del-programa-atrevete\/"},"modified":"2005-11-11T00:00:00","modified_gmt":"2005-11-11T00:00:00","slug":"la-orientacion-profesional-en-2-ciclo-de-la-eso-diseno-implementacion-y-evaluacion-del-programa-atrevete","status":"publish","type":"post","link":"https:\/\/www.deberes.net\/tesis\/psicologia\/la-orientacion-profesional-en-2-ciclo-de-la-eso-diseno-implementacion-y-evaluacion-del-programa-atrevete\/","title":{"rendered":"La orientaci\u00f3n profesional en 2 ciclo de la eso: dise\u00f1o, implementaci\u00f3n y evaluaci\u00f3n del programa atr\u00e9vete."},"content":{"rendered":"<h2>Tesis doctoral de <strong>  Corpas Reina Mar\u00eda  Del Carmen <\/strong><\/h2>\n<p>Cuando la orientaci\u00f3n se circunscribe en torno al apellido acad\u00e9mico-laboral en el contexto concreto del segundo ciclo de la eso, el camino est\u00e1 trazado. el objetivo es ofertar una herramienta capaz de posibilitar la elecci\u00f3n m\u00e1s adecuada, si bien, es la persona la que  le da valor y raz\u00f3n de ser.  en la primera parte &#8211; fundamentaci\u00f3n te\u00f3rica- hemos abordado la evoluci\u00f3n hist\u00f3rica de la orientaci\u00f3n profesional, desde el realismo del  renacimiento hasta el marco actual de la orientaci\u00f3n en la uni\u00f3n europea. se analizan las corrientes de pensamiento m\u00e1s significativas,  los factores que intervienen en el proceso de elecci\u00f3n acad\u00e9mica-laboral como son el contexto social y econ\u00f3mico, y el contexto personal. Ello nos posibilita un marco te\u00f3rico propio, con una perspectiva pluridimensional, din\u00e1mica e interactiva de la orientaci\u00f3n profesional. La importancia de las tecnolog\u00edas de la informaci\u00f3n y la comunicaci\u00f3n, en el marco europeo y en los planes educativos, nos conduce a la inclusi\u00f3n de las tic en la pr\u00e1ctica de la orientaci\u00f3n profesional. El estudio exhaustivo de la proliferaci\u00f3n de estos  recursos nos lleva hacia la intervenci\u00f3n por programas a trav\u00e9s del modelo tecnol\u00f3gico para finalizar disertando sobre la evaluaci\u00f3n de programas en la orientaci\u00f3n profesional.  en la segunda parte de esta investigaci\u00f3n -el desarrollo metodol\u00f3gico- se dise\u00f1a y ensaya un original programa denominado atr\u00e9vete que pretende servir de guia de orientaci\u00f3n acad\u00e9mica-laboral al alumnado de segundo ciclo de educaci\u00f3n secundaria obligatoria. Fijamos el dise\u00f1o de investigaci\u00f3n con car\u00e1cter cuasiexperimental -dise\u00f1o de grupo control no equivalente- lo cual nos sit\u00faa en las conclusiones que se desprenden de la valoraci\u00f3n de los resultados de entrada, del proceso y del producto seg\u00fan el modelo de  evaluaci\u00f3n considerado.  podemos concluir respecto a los resultados de entrada que el alumnado se ha caracterizado po<\/p>\n<p>&nbsp;<\/p>\n<h3>Datos acad\u00e9micos de la tesis doctoral \u00ab<strong>La orientaci\u00f3n profesional en 2 ciclo de la eso: dise\u00f1o, implementaci\u00f3n y evaluaci\u00f3n del programa atr\u00e9vete.<\/strong>\u00ab<\/h3>\n<ul>\n<li><strong>T\u00edtulo de la tesis:<\/strong>\u00a0 La orientaci\u00f3n profesional en 2 ciclo de la eso: dise\u00f1o, implementaci\u00f3n y evaluaci\u00f3n del programa atr\u00e9vete. <\/li>\n<li><strong>Autor:<\/strong>\u00a0  Corpas Reina Mar\u00eda  Del Carmen <\/li>\n<li><strong>Universidad:<\/strong>\u00a0 C\u00f3rdoba<\/li>\n<li><strong>Fecha de lectura de la tesis:<\/strong>\u00a0 11\/11\/2005<\/li>\n<\/ul>\n<p>&nbsp;<\/p>\n<h3>Direcci\u00f3n y tribunal<\/h3>\n<ul>\n<li><strong>Director de la tesis<\/strong>\n<ul>\n<li>Diego Jos\u00e9 D\u00edaz Garc\u00eda<\/li>\n<\/ul>\n<\/li>\n<li><strong>Tribunal<\/strong>\n<ul>\n<li>Presidente del tribunal: victor Alvarez rojo <\/li>\n<li>Mar\u00eda  esperanza Herrera garcia (vocal)<\/li>\n<li>serrano Rosario merida (vocal)<\/li>\n<li>eugenio Hidalgo diez (vocal)<\/li>\n<\/ul>\n<\/li>\n<\/ul>\n<p>&nbsp;<\/p>\n","protected":false},"excerpt":{"rendered":"<p>Tesis doctoral de Corpas Reina Mar\u00eda Del Carmen Cuando la orientaci\u00f3n se circunscribe en torno al apellido acad\u00e9mico-laboral en el [&hellip;]<\/p>\n","protected":false},"author":1,"featured_media":0,"comment_status":"open","ping_status":"open","sticky":false,"template":"","format":"standard","meta":{"site-sidebar-layout":"default","site-content-layout":"","ast-site-content-layout":"","site-content-style":"default","site-sidebar-style":"default","ast-global-header-display":"","ast-banner-title-visibility":"","ast-main-header-display":"","ast-hfb-above-header-display":"","ast-hfb-below-header-display":"","ast-hfb-mobile-header-display":"","site-post-title":"","ast-breadcrumbs-content":"","ast-featured-img":"","footer-sml-layout":"","theme-transparent-header-meta":"","adv-header-id-meta":"","stick-header-meta":"","header-above-stick-meta":"","header-main-stick-meta":"","header-below-stick-meta":"","astra-migrate-meta-layouts":"default","ast-page-background-enabled":"default","ast-page-background-meta":{"desktop":{"background-color":"var(--ast-global-color-4)","background-image":"","background-repeat":"repeat","background-position":"center center","background-size":"auto","background-attachment":"scroll","background-type":"","background-media":"","overlay-type":"","overlay-color":"","overlay-gradient":""},"tablet":{"background-color":"","background-image":"","background-repeat":"repeat","background-position":"center center","background-size":"auto","background-attachment":"scroll","background-type":"","background-media":"","overlay-type":"","overlay-color":"","overlay-gradient":""},"mobile":{"background-color":"","background-image":"","background-repeat":"repeat","background-position":"center center","background-size":"auto","background-attachment":"scroll","background-type":"","background-media":"","overlay-type":"","overlay-color":"","overlay-gradient":""}},"ast-content-background-meta":{"desktop":{"background-color":"var(--ast-global-color-5)","background-image":"","background-repeat":"repeat","background-position":"center center","background-size":"auto","background-attachment":"scroll","background-type":"","background-media":"","overlay-type":"","overlay-color":"","overlay-gradient":""},"tablet":{"background-color":"var(--ast-global-color-5)","background-image":"","background-repeat":"repeat","background-position":"center center","background-size":"auto","background-attachment":"scroll","background-type":"","background-media":"","overlay-type":"","overlay-color":"","overlay-gradient":""},"mobile":{"background-color":"var(--ast-global-color-5)","background-image":"","background-repeat":"repeat","background-position":"center center","background-size":"auto","background-attachment":"scroll","background-type":"","background-media":"","overlay-type":"","overlay-color":"","overlay-gradient":""}},"footnotes":""},"categories":[4264,973,22157,1175,4907,5173,9469,1141,324,5174,1341],"tags":[166176,9575,45456,54858,164562,10886],"class_list":["post-77106","post","type-post","status-publish","format-standard","hentry","category-asesoramiento-y-orientacion-psicologicas","category-cordoba","category-diseno-de-experimentos-psicologicos","category-evaluacion-y-diagnostico-en-psicologia","category-metodos-audiovisuales-en-pedagogia","category-metodos-educativos","category-orientacion-vocacional-y-profesional","category-pedagogia","category-psicologia","category-psicopedagogia","category-teoria-y-metodos-educativos","tag-corpas-reina-maria-del-carmen","tag-diego-jose-diaz-garcia","tag-eugenio-hidalgo-diez","tag-maria-esperanza-herrera-garcia","tag-serrano-rosario-merida","tag-victor-alvarez-rojo"],"_links":{"self":[{"href":"https:\/\/www.deberes.net\/tesis\/wp-json\/wp\/v2\/posts\/77106","targetHints":{"allow":["GET"]}}],"collection":[{"href":"https:\/\/www.deberes.net\/tesis\/wp-json\/wp\/v2\/posts"}],"about":[{"href":"https:\/\/www.deberes.net\/tesis\/wp-json\/wp\/v2\/types\/post"}],"author":[{"embeddable":true,"href":"https:\/\/www.deberes.net\/tesis\/wp-json\/wp\/v2\/users\/1"}],"replies":[{"embeddable":true,"href":"https:\/\/www.deberes.net\/tesis\/wp-json\/wp\/v2\/comments?post=77106"}],"version-history":[{"count":0,"href":"https:\/\/www.deberes.net\/tesis\/wp-json\/wp\/v2\/posts\/77106\/revisions"}],"wp:attachment":[{"href":"https:\/\/www.deberes.net\/tesis\/wp-json\/wp\/v2\/media?parent=77106"}],"wp:term":[{"taxonomy":"category","embeddable":true,"href":"https:\/\/www.deberes.net\/tesis\/wp-json\/wp\/v2\/categories?post=77106"},{"taxonomy":"post_tag","embeddable":true,"href":"https:\/\/www.deberes.net\/tesis\/wp-json\/wp\/v2\/tags?post=77106"}],"curies":[{"name":"wp","href":"https:\/\/api.w.org\/{rel}","templated":true}]}}