{"id":77127,"date":"2005-11-11T00:00:00","date_gmt":"2005-11-11T00:00:00","guid":{"rendered":"https:\/\/www.deberes.net\/tesis\/sin-categoria\/el-control-del-gasto-publico-un-modelo-de-coordinacion\/"},"modified":"2005-11-11T00:00:00","modified_gmt":"2005-11-11T00:00:00","slug":"el-control-del-gasto-publico-un-modelo-de-coordinacion","status":"publish","type":"post","link":"https:\/\/www.deberes.net\/tesis\/hacienda-publica-y-presupuestos\/el-control-del-gasto-publico-un-modelo-de-coordinacion\/","title":{"rendered":"El control del gasto p\u00fablico: un modelo de coordinaci\u00f3n"},"content":{"rendered":"<h2>Tesis doctoral de <strong>  Bea Gonz\u00e1lez Eva Mar\u00eda <\/strong><\/h2>\n<p>Este trabajo de investigaci\u00f3n ha analizado las diferentes formas que adopta el control del gasto p\u00fablico y el funcionamiento de las diferentes instituciones que realizan tanto el control interno como externo en espa\u00f1a y sus relaciones con el tribunal de cuentas europeo, instituci\u00f3n encargada del control externo del gasto p\u00fablico en la uni\u00f3n europea, para se\u00f1alar hacia donde debe avanzar el control del gasto p\u00fablico con el fin de establecer un modelo de coordinaci\u00f3n que permita asignar la actividad de control de la forma m\u00e1s eficiente posible. esta tesis ha sido estructurada en siete cap\u00edtulos, los dos primeros tratan de los elementos necesarios para delimitar el objeto del estudio. los cuatro cap\u00edtulos siguientes tratan del estado actual de la situaci\u00f3n del control del gasto p\u00fablico. en el cap\u00edtulo final se investigan los avances hacia la b\u00fasqueda de un modelo de control del gasto m\u00e1s eficiente, tanto a nivel europeo como nacional que evite en lo posible las ineficientes duplicidades de fiscalizaci\u00f3n al as que se ven sometidos los organismos controlados.<\/p>\n<p>&nbsp;<\/p>\n<h3>Datos acad\u00e9micos de la tesis doctoral \u00ab<strong>El control del gasto p\u00fablico: un modelo de coordinaci\u00f3n<\/strong>\u00ab<\/h3>\n<ul>\n<li><strong>T\u00edtulo de la tesis:<\/strong>\u00a0 El control del gasto p\u00fablico: un modelo de coordinaci\u00f3n <\/li>\n<li><strong>Autor:<\/strong>\u00a0  Bea Gonz\u00e1lez Eva Mar\u00eda <\/li>\n<li><strong>Universidad:<\/strong>\u00a0 Pa\u00eds vasco\/euskal herriko unibertsitatea<\/li>\n<li><strong>Fecha de lectura de la tesis:<\/strong>\u00a0 11\/11\/2005<\/li>\n<\/ul>\n<p>&nbsp;<\/p>\n<h3>Direcci\u00f3n y tribunal<\/h3>\n<ul>\n<li><strong>Director de la tesis<\/strong>\n<ul>\n<li>Milagros Garcia Crespo<\/li>\n<\/ul>\n<\/li>\n<li><strong>Tribunal<\/strong>\n<ul>\n<li>Presidente del tribunal: josefa eugenia Fernandez arufe <\/li>\n<li>vicente Montesinos julve (vocal)<\/li>\n<li>gregorio Cu\u00f1ado aus\u00edn (vocal)<\/li>\n<li>  (vocal)<\/li>\n<\/ul>\n<\/li>\n<\/ul>\n<p>&nbsp;<\/p>\n","protected":false},"excerpt":{"rendered":"<p>Tesis doctoral de Bea Gonz\u00e1lez Eva Mar\u00eda Este trabajo de investigaci\u00f3n ha analizado las diferentes formas que adopta el control [&hellip;]<\/p>\n","protected":false},"author":1,"featured_media":0,"comment_status":"open","ping_status":"open","sticky":false,"template":"","format":"standard","meta":{"site-sidebar-layout":"default","site-content-layout":"","ast-site-content-layout":"","site-content-style":"default","site-sidebar-style":"default","ast-global-header-display":"","ast-banner-title-visibility":"","ast-main-header-display":"","ast-hfb-above-header-display":"","ast-hfb-below-header-display":"","ast-hfb-mobile-header-display":"","site-post-title":"","ast-breadcrumbs-content":"","ast-featured-img":"","footer-sml-layout":"","theme-transparent-header-meta":"","adv-header-id-meta":"","stick-header-meta":"","header-above-stick-meta":"","header-main-stick-meta":"","header-below-stick-meta":"","astra-migrate-meta-layouts":"default","ast-page-background-enabled":"default","ast-page-background-meta":{"desktop":{"background-color":"var(--ast-global-color-4)","background-image":"","background-repeat":"repeat","background-position":"center center","background-size":"auto","background-attachment":"scroll","background-type":"","background-media":"","overlay-type":"","overlay-color":"","overlay-gradient":""},"tablet":{"background-color":"","background-image":"","background-repeat":"repeat","background-position":"center center","background-size":"auto","background-attachment":"scroll","background-type":"","background-media":"","overlay-type":"","overlay-color":"","overlay-gradient":""},"mobile":{"background-color":"","background-image":"","background-repeat":"repeat","background-position":"center center","background-size":"auto","background-attachment":"scroll","background-type":"","background-media":"","overlay-type":"","overlay-color":"","overlay-gradient":""}},"ast-content-background-meta":{"desktop":{"background-color":"var(--ast-global-color-5)","background-image":"","background-repeat":"repeat","background-position":"center center","background-size":"auto","background-attachment":"scroll","background-type":"","background-media":"","overlay-type":"","overlay-color":"","overlay-gradient":""},"tablet":{"background-color":"var(--ast-global-color-5)","background-image":"","background-repeat":"repeat","background-position":"center center","background-size":"auto","background-attachment":"scroll","background-type":"","background-media":"","overlay-type":"","overlay-color":"","overlay-gradient":""},"mobile":{"background-color":"var(--ast-global-color-5)","background-image":"","background-repeat":"repeat","background-position":"center center","background-size":"auto","background-attachment":"scroll","background-type":"","background-media":"","overlay-type":"","overlay-color":"","overlay-gradient":""}},"footnotes":""},"categories":[6836,12909],"tags":[166223,166224,12732,12733,8327],"class_list":["post-77127","post","type-post","status-publish","format-standard","hentry","category-hacienda-publica-y-presupuestos","category-pais-vasco-euskal-herriko-unibertsitatea","tag-bea-gonzalez-eva-maria","tag-gregorio-cunado-ausin","tag-josefa-eugenia-fernandez-arufe","tag-milagros-garcia-crespo","tag-vicente-montesinos-julve"],"_links":{"self":[{"href":"https:\/\/www.deberes.net\/tesis\/wp-json\/wp\/v2\/posts\/77127","targetHints":{"allow":["GET"]}}],"collection":[{"href":"https:\/\/www.deberes.net\/tesis\/wp-json\/wp\/v2\/posts"}],"about":[{"href":"https:\/\/www.deberes.net\/tesis\/wp-json\/wp\/v2\/types\/post"}],"author":[{"embeddable":true,"href":"https:\/\/www.deberes.net\/tesis\/wp-json\/wp\/v2\/users\/1"}],"replies":[{"embeddable":true,"href":"https:\/\/www.deberes.net\/tesis\/wp-json\/wp\/v2\/comments?post=77127"}],"version-history":[{"count":0,"href":"https:\/\/www.deberes.net\/tesis\/wp-json\/wp\/v2\/posts\/77127\/revisions"}],"wp:attachment":[{"href":"https:\/\/www.deberes.net\/tesis\/wp-json\/wp\/v2\/media?parent=77127"}],"wp:term":[{"taxonomy":"category","embeddable":true,"href":"https:\/\/www.deberes.net\/tesis\/wp-json\/wp\/v2\/categories?post=77127"},{"taxonomy":"post_tag","embeddable":true,"href":"https:\/\/www.deberes.net\/tesis\/wp-json\/wp\/v2\/tags?post=77127"}],"curies":[{"name":"wp","href":"https:\/\/api.w.org\/{rel}","templated":true}]}}