{"id":77161,"date":"2018-03-09T23:22:40","date_gmt":"2018-03-09T23:22:40","guid":{"rendered":"https:\/\/www.deberes.net\/tesis\/sin-categoria\/religacion-y-libertad-en-xavier-zubiri\/"},"modified":"2018-03-09T23:22:40","modified_gmt":"2018-03-09T23:22:40","slug":"religacion-y-libertad-en-xavier-zubiri","status":"publish","type":"post","link":"https:\/\/www.deberes.net\/tesis\/filosofia\/religacion-y-libertad-en-xavier-zubiri\/","title":{"rendered":"Religaci\u00f3n y libertad en xavier zubiri"},"content":{"rendered":"<h2>Tesis doctoral de <strong> Vicente Tar\u00edn Cervera <\/strong><\/h2>\n<p>A lo largo de todas estas p\u00e1ginas hemos defendido la tesis de que el hombre es constitutivamente libre porque est\u00e1 religado a la realidad. Para ello nos hemos centrado en el estudio de la libertad desde la religaci\u00f3n a lo largo del pensamiento de xavier zubiri.  el tema lo desarrollamos en tres cap\u00edtulos en cada uno de los cuales se trataba la religaci\u00f3n y la libertad en diversas versiones:  -en el primer cap\u00edtulo estudi\u00e1bamos la religaci\u00f3n y la libertad en versi\u00f3n ontol\u00f3gica, mostrando que el hombre es libre pero atado y dependiendo totalmente de las cosas.  -en el segundo cap\u00edtulo estudiamos la religaci\u00f3n y la libertad en versi\u00f3n antropol\u00f3gico-metaf\u00edsica, mostrando que el hombre es libre quiera o no quiera para hacer su propio ser personal. Pero para ello no est\u00e1 solo sino impelido, posibilitado y fundamentado por la realidad.  en el tercer cap\u00edtulo estudiamos la religaci\u00f3n y la libertad en versi\u00f3n ontol\u00f3gica, mostrando desde un an\u00e1lisis de la inteligencia que el hombre quda en poder de la realidad desde el mismo momento en que la aprehende. desde ese momento no tiene m\u00e1s remedio que libremente dar un contenido a la realidad y explicar lo que ella es realmente.<\/p>\n<p>&nbsp;<\/p>\n<h3>Datos acad\u00e9micos de la tesis doctoral \u00ab<strong>Religaci\u00f3n y libertad en xavier zubiri<\/strong>\u00ab<\/h3>\n<ul>\n<li><strong>T\u00edtulo de la tesis:<\/strong>\u00a0 Religaci\u00f3n y libertad en xavier zubiri <\/li>\n<li><strong>Autor:<\/strong>\u00a0 Vicente Tar\u00edn Cervera <\/li>\n<li><strong>Universidad:<\/strong>\u00a0 Universitat de val\u00e9ncia (estudi general)<\/li>\n<li><strong>Fecha de lectura de la tesis:<\/strong>\u00a0 14\/11\/2005<\/li>\n<\/ul>\n<p>&nbsp;<\/p>\n<h3>Direcci\u00f3n y tribunal<\/h3>\n<ul>\n<li><strong>Director de la tesis<\/strong>\n<ul>\n<li>Jes\u00fas Marcial Conill Sancho<\/li>\n<\/ul>\n<\/li>\n<li><strong>Tribunal<\/strong>\n<ul>\n<li>Presidente del tribunal: diego Gracia guill\u00e9n <\/li>\n<li>Juan  Antonio Nicol\u00e1s mar\u00edn (vocal)<\/li>\n<li>domingo Garc\u00eda marz\u00e1 (vocal)<\/li>\n<li>salvador Cabedo manuel (vocal)<\/li>\n<\/ul>\n<\/li>\n<\/ul>\n<p>&nbsp;<\/p>\n","protected":false},"excerpt":{"rendered":"<p>Tesis doctoral de Vicente Tar\u00edn Cervera A lo largo de todas estas p\u00e1ginas hemos defendido la tesis de que el [&hellip;]<\/p>\n","protected":false},"author":1,"featured_media":0,"comment_status":"open","ping_status":"open","sticky":false,"template":"","format":"standard","meta":{"site-sidebar-layout":"default","site-content-layout":"","ast-site-content-layout":"","site-content-style":"default","site-sidebar-style":"default","ast-global-header-display":"","ast-banner-title-visibility":"","ast-main-header-display":"","ast-hfb-above-header-display":"","ast-hfb-below-header-display":"","ast-hfb-mobile-header-display":"","site-post-title":"","ast-breadcrumbs-content":"","ast-featured-img":"","footer-sml-layout":"","theme-transparent-header-meta":"","adv-header-id-meta":"","stick-header-meta":"","header-above-stick-meta":"","header-main-stick-meta":"","header-below-stick-meta":"","astra-migrate-meta-layouts":"default","ast-page-background-enabled":"default","ast-page-background-meta":{"desktop":{"background-color":"var(--ast-global-color-4)","background-image":"","background-repeat":"repeat","background-position":"center center","background-size":"auto","background-attachment":"scroll","background-type":"","background-media":"","overlay-type":"","overlay-color":"","overlay-gradient":""},"tablet":{"background-color":"","background-image":"","background-repeat":"repeat","background-position":"center center","background-size":"auto","background-attachment":"scroll","background-type":"","background-media":"","overlay-type":"","overlay-color":"","overlay-gradient":""},"mobile":{"background-color":"","background-image":"","background-repeat":"repeat","background-position":"center center","background-size":"auto","background-attachment":"scroll","background-type":"","background-media":"","overlay-type":"","overlay-color":"","overlay-gradient":""}},"ast-content-background-meta":{"desktop":{"background-color":"var(--ast-global-color-5)","background-image":"","background-repeat":"repeat","background-position":"center center","background-size":"auto","background-attachment":"scroll","background-type":"","background-media":"","overlay-type":"","overlay-color":"","overlay-gradient":""},"tablet":{"background-color":"var(--ast-global-color-5)","background-image":"","background-repeat":"repeat","background-position":"center center","background-size":"auto","background-attachment":"scroll","background-type":"","background-media":"","overlay-type":"","overlay-color":"","overlay-gradient":""},"mobile":{"background-color":"var(--ast-global-color-5)","background-image":"","background-repeat":"repeat","background-position":"center center","background-size":"auto","background-attachment":"scroll","background-type":"","background-media":"","overlay-type":"","overlay-color":"","overlay-gradient":""}},"footnotes":""},"categories":[8646,8647,8649,165,8535,990],"tags":[4600,48061,12440,69723,32713,166294],"class_list":["post-77161","post","type-post","status-publish","format-standard","hentry","category-etica","category-etica-de-individuos","category-etica-filosofica","category-filosofia","category-filosofia-actual","category-sistemas-filosoficos","tag-diego-gracia-guillen","tag-domingo-garcia-marza","tag-jesus-marcial-conill-sancho","tag-juan-antonio-nicolas-marin","tag-salvador-cabedo-manuel","tag-vicente-tarin-cervera"],"_links":{"self":[{"href":"https:\/\/www.deberes.net\/tesis\/wp-json\/wp\/v2\/posts\/77161","targetHints":{"allow":["GET"]}}],"collection":[{"href":"https:\/\/www.deberes.net\/tesis\/wp-json\/wp\/v2\/posts"}],"about":[{"href":"https:\/\/www.deberes.net\/tesis\/wp-json\/wp\/v2\/types\/post"}],"author":[{"embeddable":true,"href":"https:\/\/www.deberes.net\/tesis\/wp-json\/wp\/v2\/users\/1"}],"replies":[{"embeddable":true,"href":"https:\/\/www.deberes.net\/tesis\/wp-json\/wp\/v2\/comments?post=77161"}],"version-history":[{"count":0,"href":"https:\/\/www.deberes.net\/tesis\/wp-json\/wp\/v2\/posts\/77161\/revisions"}],"wp:attachment":[{"href":"https:\/\/www.deberes.net\/tesis\/wp-json\/wp\/v2\/media?parent=77161"}],"wp:term":[{"taxonomy":"category","embeddable":true,"href":"https:\/\/www.deberes.net\/tesis\/wp-json\/wp\/v2\/categories?post=77161"},{"taxonomy":"post_tag","embeddable":true,"href":"https:\/\/www.deberes.net\/tesis\/wp-json\/wp\/v2\/tags?post=77161"}],"curies":[{"name":"wp","href":"https:\/\/api.w.org\/{rel}","templated":true}]}}