{"id":77202,"date":"2018-03-09T23:22:40","date_gmt":"2018-03-09T23:22:40","guid":{"rendered":"https:\/\/www.deberes.net\/tesis\/sin-categoria\/la-responsabilidad-del-profesorado-y-de-la-administracion-educativa-por-la-prestacion-directa-del-servicio-publico-educativo-en-los-niveles-anteriores-a-la-universidad\/"},"modified":"2018-03-09T23:22:40","modified_gmt":"2018-03-09T23:22:40","slug":"la-responsabilidad-del-profesorado-y-de-la-administracion-educativa-por-la-prestacion-directa-del-servicio-publico-educativo-en-los-niveles-anteriores-a-la-universidad","status":"publish","type":"post","link":"https:\/\/www.deberes.net\/tesis\/ciencias-juridicas-y-derecho\/la-responsabilidad-del-profesorado-y-de-la-administracion-educativa-por-la-prestacion-directa-del-servicio-publico-educativo-en-los-niveles-anteriores-a-la-universidad\/","title":{"rendered":"La responsabilidad del profesorado y de la administraci\u00f3n educativa (por la prestaci\u00f3n directa del servicio p\u00fablico educativo en los niveles anteriores a la universidad)."},"content":{"rendered":"<h2>Tesis doctoral de <strong> Carlos Rodr\u00edguez Amunategui <\/strong><\/h2>\n<p>La tesis estudia la responsabilidad del profesorado y de la administraci\u00f3n educativa en los centros escolares p\u00fablicos. El n\u00facleo de la tesis es el cap\u00edtulo tercero, dedicado a la responsabilidad patrimonial de la abminsitaci\u00f3n en el \u00e1mbito de la educaci\u00f3n escolar. La responsabilidad patrimonial de la administraci\u00f3n en el \u00e1mbito es muy importante por el n\u00famero de casos que se producen, aunque no por la cuant\u00eda delas indemnizaciones pagadas ni de los cr\u00e9ditos presupuestarios consignados para hacer frente a la misma. es muy relevante en cuanto a su repercusi\u00f3n social, en los millones de alumnos que atiende nuestro servicio educativo y en llos miles de profesores y de centros a que afecta. Por \u00faltimo, es de rasltar la complejidad de su estudio, porque en el \u00e1mbito educativo los aspectos propios de la instituci\u00f3n de la responsabilidad patrimonial se relacionan con cuestiones como la responsabilidad extracontractual  por hecho ajeno (art\u00edculo 1903 del c.C.), los derechos y la responsabilidad de los manores de edad y las peculiaridades de los centros docentes en cuanto a su integraci\u00f3n en la administraci\u00f3n.  previamente, se estudia la responsabilidad patrimonial de la administraci\u00f3n en sus aspectos generales (cap\u00edtulo i) y la responsabilidad de las administraciones p\u00fablicas en el derecho comparado (cap\u00edtulo ii). El tema de la responsabilidad se completa con sendos cap\u00edtulos dedicados a la responsabilidad civil direvada del delito cometido por los propios profesores opor los menores a su cargo y sus consecuencias para el profesorado y la misma administraci\u00f3n (cap\u00edtulo iv) y al aseguramiento de la responsabilidad diferentes intervinientes (cap\u00edtulo v). En volumen aparte se presentan dos anexos, el primero de ellos dict\u00e1menes del consejo de estado y de otros \u00f3rganos culsutivos auton\u00f3micos, acompa\u00f1ados de unos \u00edndices para facilitar su consulta.  la tesis pretende analizar la instituci\u00f3n de la responsabilidad patri<\/p>\n<p>&nbsp;<\/p>\n<h3>Datos acad\u00e9micos de la tesis doctoral \u00ab<strong>La responsabilidad del profesorado y de la administraci\u00f3n educativa (por la prestaci\u00f3n directa del servicio p\u00fablico educativo en los niveles anteriores a la universidad).<\/strong>\u00ab<\/h3>\n<ul>\n<li><strong>T\u00edtulo de la tesis:<\/strong>\u00a0 La responsabilidad del profesorado y de la administraci\u00f3n educativa (por la prestaci\u00f3n directa del servicio p\u00fablico educativo en los niveles anteriores a la universidad). <\/li>\n<li><strong>Autor:<\/strong>\u00a0 Carlos Rodr\u00edguez Amunategui <\/li>\n<li><strong>Universidad:<\/strong>\u00a0 Nacional de educaci\u00f3n a distancia<\/li>\n<li><strong>Fecha de lectura de la tesis:<\/strong>\u00a0 17\/11\/2005<\/li>\n<\/ul>\n<p>&nbsp;<\/p>\n<h3>Direcci\u00f3n y tribunal<\/h3>\n<ul>\n<li><strong>Director de la tesis<\/strong>\n<ul>\n<li>Enrique Linde Paniagua<\/li>\n<\/ul>\n<\/li>\n<li><strong>Tribunal<\/strong>\n<ul>\n<li>Presidente del tribunal: Jos\u00e9 ram\u00f3n Parada v\u00e1zquez <\/li>\n<li>Francisco Sosa wagner (vocal)<\/li>\n<li> Parejo alfonso luciano j. (vocal)<\/li>\n<li>  (vocal)<\/li>\n<\/ul>\n<\/li>\n<\/ul>\n<p>&nbsp;<\/p>\n","protected":false},"excerpt":{"rendered":"<p>Tesis doctoral de Carlos Rodr\u00edguez Amunategui La tesis estudia la responsabilidad del profesorado y de la administraci\u00f3n educativa en los [&hellip;]<\/p>\n","protected":false},"author":1,"featured_media":0,"comment_status":"open","ping_status":"open","sticky":false,"template":"","format":"standard","meta":{"site-sidebar-layout":"default","site-content-layout":"","ast-site-content-layout":"","site-content-style":"default","site-sidebar-style":"default","ast-global-header-display":"","ast-banner-title-visibility":"","ast-main-header-display":"","ast-hfb-above-header-display":"","ast-hfb-below-header-display":"","ast-hfb-mobile-header-display":"","site-post-title":"","ast-breadcrumbs-content":"","ast-featured-img":"","footer-sml-layout":"","theme-transparent-header-meta":"","adv-header-id-meta":"","stick-header-meta":"","header-above-stick-meta":"","header-main-stick-meta":"","header-below-stick-meta":"","astra-migrate-meta-layouts":"default","ast-page-background-enabled":"default","ast-page-background-meta":{"desktop":{"background-color":"var(--ast-global-color-4)","background-image":"","background-repeat":"repeat","background-position":"center center","background-size":"auto","background-attachment":"scroll","background-type":"","background-media":"","overlay-type":"","overlay-color":"","overlay-gradient":""},"tablet":{"background-color":"","background-image":"","background-repeat":"repeat","background-position":"center center","background-size":"auto","background-attachment":"scroll","background-type":"","background-media":"","overlay-type":"","overlay-color":"","overlay-gradient":""},"mobile":{"background-color":"","background-image":"","background-repeat":"repeat","background-position":"center center","background-size":"auto","background-attachment":"scroll","background-type":"","background-media":"","overlay-type":"","overlay-color":"","overlay-gradient":""}},"ast-content-background-meta":{"desktop":{"background-color":"var(--ast-global-color-5)","background-image":"","background-repeat":"repeat","background-position":"center center","background-size":"auto","background-attachment":"scroll","background-type":"","background-media":"","overlay-type":"","overlay-color":"","overlay-gradient":""},"tablet":{"background-color":"var(--ast-global-color-5)","background-image":"","background-repeat":"repeat","background-position":"center center","background-size":"auto","background-attachment":"scroll","background-type":"","background-media":"","overlay-type":"","overlay-color":"","overlay-gradient":""},"mobile":{"background-color":"var(--ast-global-color-5)","background-image":"","background-repeat":"repeat","background-position":"center center","background-size":"auto","background-attachment":"scroll","background-type":"","background-media":"","overlay-type":"","overlay-color":"","overlay-gradient":""}},"footnotes":""},"categories":[612,1442,5964,979,17070],"tags":[166356,66202,33449,1918,18454],"class_list":["post-77202","post","type-post","status-publish","format-standard","hentry","category-ciencias-juridicas-y-derecho","category-derecho-administrativo","category-derecho-publico","category-derecho-y-legislacion-nacionales","category-nacional-de-educacion-a-distancia","tag-carlos-rodriguez-amunategui","tag-enrique-linde-paniagua","tag-francisco-sosa-wagner","tag-jose-ramon-parada-vazquez","tag-parejo-alfonso-luciano-j"],"_links":{"self":[{"href":"https:\/\/www.deberes.net\/tesis\/wp-json\/wp\/v2\/posts\/77202","targetHints":{"allow":["GET"]}}],"collection":[{"href":"https:\/\/www.deberes.net\/tesis\/wp-json\/wp\/v2\/posts"}],"about":[{"href":"https:\/\/www.deberes.net\/tesis\/wp-json\/wp\/v2\/types\/post"}],"author":[{"embeddable":true,"href":"https:\/\/www.deberes.net\/tesis\/wp-json\/wp\/v2\/users\/1"}],"replies":[{"embeddable":true,"href":"https:\/\/www.deberes.net\/tesis\/wp-json\/wp\/v2\/comments?post=77202"}],"version-history":[{"count":0,"href":"https:\/\/www.deberes.net\/tesis\/wp-json\/wp\/v2\/posts\/77202\/revisions"}],"wp:attachment":[{"href":"https:\/\/www.deberes.net\/tesis\/wp-json\/wp\/v2\/media?parent=77202"}],"wp:term":[{"taxonomy":"category","embeddable":true,"href":"https:\/\/www.deberes.net\/tesis\/wp-json\/wp\/v2\/categories?post=77202"},{"taxonomy":"post_tag","embeddable":true,"href":"https:\/\/www.deberes.net\/tesis\/wp-json\/wp\/v2\/tags?post=77202"}],"curies":[{"name":"wp","href":"https:\/\/api.w.org\/{rel}","templated":true}]}}