{"id":77204,"date":"2018-03-09T23:22:40","date_gmt":"2018-03-09T23:22:40","guid":{"rendered":"https:\/\/www.deberes.net\/tesis\/sin-categoria\/poesa%c2%ada-insolita-del-barroco\/"},"modified":"2018-03-09T23:22:40","modified_gmt":"2018-03-09T23:22:40","slug":"poesa%c2%ada-insolita-del-barroco","status":"publish","type":"post","link":"https:\/\/www.deberes.net\/tesis\/analisis-literario\/poesa%c2%ada-insolita-del-barroco\/","title":{"rendered":"Poes\u00edains\u00f3lita del barroco"},"content":{"rendered":"<h2>Tesis doctoral de <strong> Mar\u00eda Bernal Mart\u00edn <\/strong><\/h2>\n<p>A tesis aporta informaciones importantes sobre la poes\u00eda de los jesuitas del barroco y los mecanismos de ense\u00f1anza sobre literatura de la \u00abratiom studiorum\u00bb. Tambi\u00e9n aporta informaci\u00f3n sobre el uso literario de g\u00e9neros menores como jerogl\u00edficos, emblemas, etc. Al mismo tiempo, el texto que edita tiene un valor literario por si mismo y da a conocer textos desconocidos hasta ahora<\/p>\n<p>&nbsp;<\/p>\n<h3>Datos acad\u00e9micos de la tesis doctoral \u00ab<strong>Poes\u00edains\u00f3lita del barroco<\/strong>\u00ab<\/h3>\n<ul>\n<li><strong>T\u00edtulo de la tesis:<\/strong>\u00a0 Poes\u00edains\u00f3lita del barroco <\/li>\n<li><strong>Autor:<\/strong>\u00a0 Mar\u00eda Bernal Mart\u00edn <\/li>\n<li><strong>Universidad:<\/strong>\u00a0 Rovira i virgili<\/li>\n<li><strong>Fecha de lectura de la tesis:<\/strong>\u00a0 17\/11\/2005<\/li>\n<\/ul>\n<p>&nbsp;<\/p>\n<h3>Direcci\u00f3n y tribunal<\/h3>\n<ul>\n<li><strong>Director de la tesis<\/strong>\n<ul>\n<li>Juan  Francisco Alcina Rovira<\/li>\n<\/ul>\n<\/li>\n<li><strong>Tribunal<\/strong>\n<ul>\n<li>Presidente del tribunal: aurora Egido mart\u00ednez <\/li>\n<li> Massip bonet Jes\u00fas francesc (vocal)<\/li>\n<li>joan Salvad\u00f3 recasens (vocal)<\/li>\n<li>Carlos Va\u00edllo torres (vocal)<\/li>\n<\/ul>\n<\/li>\n<\/ul>\n<p>&nbsp;<\/p>\n","protected":false},"excerpt":{"rendered":"<p>Tesis doctoral de Mar\u00eda Bernal Mart\u00edn A tesis aporta informaciones importantes sobre la poes\u00eda de los jesuitas del barroco y [&hellip;]<\/p>\n","protected":false},"author":1,"featured_media":0,"comment_status":"open","ping_status":"open","sticky":false,"template":"","format":"standard","meta":{"site-sidebar-layout":"default","site-content-layout":"","ast-site-content-layout":"","site-content-style":"default","site-sidebar-style":"default","ast-global-header-display":"","ast-banner-title-visibility":"","ast-main-header-display":"","ast-hfb-above-header-display":"","ast-hfb-below-header-display":"","ast-hfb-mobile-header-display":"","site-post-title":"","ast-breadcrumbs-content":"","ast-featured-img":"","footer-sml-layout":"","theme-transparent-header-meta":"","adv-header-id-meta":"","stick-header-meta":"","header-above-stick-meta":"","header-main-stick-meta":"","header-below-stick-meta":"","astra-migrate-meta-layouts":"default","ast-page-background-enabled":"default","ast-page-background-meta":{"desktop":{"background-color":"var(--ast-global-color-4)","background-image":"","background-repeat":"repeat","background-position":"center center","background-size":"auto","background-attachment":"scroll","background-type":"","background-media":"","overlay-type":"","overlay-color":"","overlay-gradient":""},"tablet":{"background-color":"","background-image":"","background-repeat":"repeat","background-position":"center center","background-size":"auto","background-attachment":"scroll","background-type":"","background-media":"","overlay-type":"","overlay-color":"","overlay-gradient":""},"mobile":{"background-color":"","background-image":"","background-repeat":"repeat","background-position":"center center","background-size":"auto","background-attachment":"scroll","background-type":"","background-media":"","overlay-type":"","overlay-color":"","overlay-gradient":""}},"ast-content-background-meta":{"desktop":{"background-color":"var(--ast-global-color-5)","background-image":"","background-repeat":"repeat","background-position":"center center","background-size":"auto","background-attachment":"scroll","background-type":"","background-media":"","overlay-type":"","overlay-color":"","overlay-gradient":""},"tablet":{"background-color":"var(--ast-global-color-5)","background-image":"","background-repeat":"repeat","background-position":"center center","background-size":"auto","background-attachment":"scroll","background-type":"","background-media":"","overlay-type":"","overlay-color":"","overlay-gradient":""},"mobile":{"background-color":"var(--ast-global-color-5)","background-image":"","background-repeat":"repeat","background-position":"center center","background-size":"auto","background-attachment":"scroll","background-type":"","background-media":"","overlay-type":"","overlay-color":"","overlay-gradient":""}},"footnotes":""},"categories":[148,2965,636,18759,6185],"tags":[78736,91182,166364,3929,166362,166363],"class_list":["post-77204","post","type-post","status-publish","format-standard","hentry","category-analisis-literario","category-estilo-y-estetica-literarios","category-lengua-y-literatura","category-rovira-i-virgili","category-vocabulario-literario","tag-aurora-egido-Martinez","tag-carlos-vaillo-torres","tag-joan-salvado-recasens","tag-juan-francisco-alcina-rovira","tag-maria-bernal-martin","tag-massip-bonet-jesus-francesc"],"_links":{"self":[{"href":"https:\/\/www.deberes.net\/tesis\/wp-json\/wp\/v2\/posts\/77204","targetHints":{"allow":["GET"]}}],"collection":[{"href":"https:\/\/www.deberes.net\/tesis\/wp-json\/wp\/v2\/posts"}],"about":[{"href":"https:\/\/www.deberes.net\/tesis\/wp-json\/wp\/v2\/types\/post"}],"author":[{"embeddable":true,"href":"https:\/\/www.deberes.net\/tesis\/wp-json\/wp\/v2\/users\/1"}],"replies":[{"embeddable":true,"href":"https:\/\/www.deberes.net\/tesis\/wp-json\/wp\/v2\/comments?post=77204"}],"version-history":[{"count":0,"href":"https:\/\/www.deberes.net\/tesis\/wp-json\/wp\/v2\/posts\/77204\/revisions"}],"wp:attachment":[{"href":"https:\/\/www.deberes.net\/tesis\/wp-json\/wp\/v2\/media?parent=77204"}],"wp:term":[{"taxonomy":"category","embeddable":true,"href":"https:\/\/www.deberes.net\/tesis\/wp-json\/wp\/v2\/categories?post=77204"},{"taxonomy":"post_tag","embeddable":true,"href":"https:\/\/www.deberes.net\/tesis\/wp-json\/wp\/v2\/tags?post=77204"}],"curies":[{"name":"wp","href":"https:\/\/api.w.org\/{rel}","templated":true}]}}