{"id":77235,"date":"2018-03-09T23:22:44","date_gmt":"2018-03-09T23:22:44","guid":{"rendered":"https:\/\/www.deberes.net\/tesis\/sin-categoria\/la-estructura-de-la-razon-moral-dialogo-teologico-con-la-noologa%c2%ada-de-xavier-zubiri\/"},"modified":"2018-03-09T23:22:44","modified_gmt":"2018-03-09T23:22:44","slug":"la-estructura-de-la-razon-moral-dialogo-teologico-con-la-noologa%c2%ada-de-xavier-zubiri","status":"publish","type":"post","link":"https:\/\/www.deberes.net\/tesis\/filosofia\/la-estructura-de-la-razon-moral-dialogo-teologico-con-la-noologa%c2%ada-de-xavier-zubiri\/","title":{"rendered":"La estructura de la raz\u00f3n moral. di\u00e1logo teol\u00f3gico con la noolog\u00eda de xavier zubiri."},"content":{"rendered":"<h2>Tesis doctoral de <strong> Dami\u00e1n Picornell Gallar <\/strong><\/h2>\n<p>El punto de partida de la tesis viene dado por la escasa presencia de la filosof\u00eda de xavier zuburi en la reflexi\u00f3n de la teolog\u00eda moral, y por la necesidad en enfocar el hecho de la raz\u00f3n moral desde nuevas claves te\u00f3ricas y netodol\u00f3gicas.  en consonancia con dicho estado de la cuesti\u00f3n, la investigaci\u00f3n se plantea dos objetivos:  1. Abrir nuevos cauces de di\u00e1logo  e intercambio te\u00f3rico entre la teolog\u00eda moral y la filosof\u00eda de xavier zubiri:  2. Analizar la estructura de la raz\u00f3n moral del creyente con la ayuda de la noolog\u00eda desarrollada por zubiri en su obra inteligente sentiene.  las principales conclusiones de la investigaci\u00f3n son las siguientes:  1. Xavier zubiri es un interlocutor te\u00f3rico de gran valor para la teolog\u00eda moral actual.  2. Las aportaciones m\u00e1s relevantes de su filosof\u00eda se articulan en torno a las nociones de \u00abinteligencia sentiente\u00bb, \u00abrealidad\u00bb, \u00abanimal de realidades\u00bb y \u00abreligaci\u00f3n\u00bb.  3. La estructura de la raz\u00f3n moral es sentiente, es decir, se halla implantada en la realidad, es una modalidad intelectiva y se despliega din\u00e1micamente.<\/p>\n<p>&nbsp;<\/p>\n<h3>Datos acad\u00e9micos de la tesis doctoral \u00ab<strong>La estructura de la raz\u00f3n moral. di\u00e1logo teol\u00f3gico con la noolog\u00eda de xavier zubiri.<\/strong>\u00ab<\/h3>\n<ul>\n<li><strong>T\u00edtulo de la tesis:<\/strong>\u00a0 La estructura de la raz\u00f3n moral. di\u00e1logo teol\u00f3gico con la noolog\u00eda de xavier zubiri. <\/li>\n<li><strong>Autor:<\/strong>\u00a0 Dami\u00e1n Picornell Gallar <\/li>\n<li><strong>Universidad:<\/strong>\u00a0 Pontificia comillas<\/li>\n<li><strong>Fecha de lectura de la tesis:<\/strong>\u00a0 18\/11\/2005<\/li>\n<\/ul>\n<p>&nbsp;<\/p>\n<h3>Direcci\u00f3n y tribunal<\/h3>\n<ul>\n<li><strong>Director de la tesis<\/strong>\n<ul>\n<li>Miguel Rubio Carrasco<\/li>\n<\/ul>\n<\/li>\n<li><strong>Tribunal<\/strong>\n<ul>\n<li>Presidente del tribunal: julio Luis Martinez Martinez <\/li>\n<li>vicente G\u00f3mez mier (vocal)<\/li>\n<li> Gonz\u00e1lez r. arnaiz graciano (vocal)<\/li>\n<li>  (vocal)<\/li>\n<\/ul>\n<\/li>\n<\/ul>\n<p>&nbsp;<\/p>\n","protected":false},"excerpt":{"rendered":"<p>Tesis doctoral de Dami\u00e1n Picornell Gallar El punto de partida de la tesis viene dado por la escasa presencia de [&hellip;]<\/p>\n","protected":false},"author":1,"featured_media":0,"comment_status":"open","ping_status":"open","sticky":false,"template":"","format":"standard","meta":{"site-sidebar-layout":"default","site-content-layout":"","ast-site-content-layout":"","site-content-style":"default","site-sidebar-style":"default","ast-global-header-display":"","ast-banner-title-visibility":"","ast-main-header-display":"","ast-hfb-above-header-display":"","ast-hfb-below-header-display":"","ast-hfb-mobile-header-display":"","site-post-title":"","ast-breadcrumbs-content":"","ast-featured-img":"","footer-sml-layout":"","theme-transparent-header-meta":"","adv-header-id-meta":"","stick-header-meta":"","header-above-stick-meta":"","header-main-stick-meta":"","header-below-stick-meta":"","astra-migrate-meta-layouts":"default","ast-page-background-enabled":"default","ast-page-background-meta":{"desktop":{"background-color":"var(--ast-global-color-4)","background-image":"","background-repeat":"repeat","background-position":"center center","background-size":"auto","background-attachment":"scroll","background-type":"","background-media":"","overlay-type":"","overlay-color":"","overlay-gradient":""},"tablet":{"background-color":"","background-image":"","background-repeat":"repeat","background-position":"center center","background-size":"auto","background-attachment":"scroll","background-type":"","background-media":"","overlay-type":"","overlay-color":"","overlay-gradient":""},"mobile":{"background-color":"","background-image":"","background-repeat":"repeat","background-position":"center center","background-size":"auto","background-attachment":"scroll","background-type":"","background-media":"","overlay-type":"","overlay-color":"","overlay-gradient":""}},"ast-content-background-meta":{"desktop":{"background-color":"var(--ast-global-color-5)","background-image":"","background-repeat":"repeat","background-position":"center center","background-size":"auto","background-attachment":"scroll","background-type":"","background-media":"","overlay-type":"","overlay-color":"","overlay-gradient":""},"tablet":{"background-color":"var(--ast-global-color-5)","background-image":"","background-repeat":"repeat","background-position":"center center","background-size":"auto","background-attachment":"scroll","background-type":"","background-media":"","overlay-type":"","overlay-color":"","overlay-gradient":""},"mobile":{"background-color":"var(--ast-global-color-5)","background-image":"","background-repeat":"repeat","background-position":"center center","background-size":"auto","background-attachment":"scroll","background-type":"","background-media":"","overlay-type":"","overlay-color":"","overlay-gradient":""}},"footnotes":""},"categories":[165,18397,990,18402],"tags":[166415,161683,70316,18420,18417],"class_list":["post-77235","post","type-post","status-publish","format-standard","hentry","category-filosofia","category-pontificia-comillas","category-sistemas-filosoficos","category-sistemas-teologico-filosoficos","tag-damian-picornell-gallar","tag-gonzalez-r-arnaiz-graciano","tag-julio-luis-Martinez-Martinez","tag-miguel-rubio-carrasco","tag-vicente-gomez-mier"],"_links":{"self":[{"href":"https:\/\/www.deberes.net\/tesis\/wp-json\/wp\/v2\/posts\/77235","targetHints":{"allow":["GET"]}}],"collection":[{"href":"https:\/\/www.deberes.net\/tesis\/wp-json\/wp\/v2\/posts"}],"about":[{"href":"https:\/\/www.deberes.net\/tesis\/wp-json\/wp\/v2\/types\/post"}],"author":[{"embeddable":true,"href":"https:\/\/www.deberes.net\/tesis\/wp-json\/wp\/v2\/users\/1"}],"replies":[{"embeddable":true,"href":"https:\/\/www.deberes.net\/tesis\/wp-json\/wp\/v2\/comments?post=77235"}],"version-history":[{"count":0,"href":"https:\/\/www.deberes.net\/tesis\/wp-json\/wp\/v2\/posts\/77235\/revisions"}],"wp:attachment":[{"href":"https:\/\/www.deberes.net\/tesis\/wp-json\/wp\/v2\/media?parent=77235"}],"wp:term":[{"taxonomy":"category","embeddable":true,"href":"https:\/\/www.deberes.net\/tesis\/wp-json\/wp\/v2\/categories?post=77235"},{"taxonomy":"post_tag","embeddable":true,"href":"https:\/\/www.deberes.net\/tesis\/wp-json\/wp\/v2\/tags?post=77235"}],"curies":[{"name":"wp","href":"https:\/\/api.w.org\/{rel}","templated":true}]}}