{"id":77296,"date":"2018-03-09T23:22:48","date_gmt":"2018-03-09T23:22:48","guid":{"rendered":"https:\/\/www.deberes.net\/tesis\/sin-categoria\/estudio-y-analisis-sobre-la-acustica-y-organologa%c2%ada-del-clarinete-y-su-optimizacion\/"},"modified":"2018-03-09T23:22:48","modified_gmt":"2018-03-09T23:22:48","slug":"estudio-y-analisis-sobre-la-acustica-y-organologa%c2%ada-del-clarinete-y-su-optimizacion","status":"publish","type":"post","link":"https:\/\/www.deberes.net\/tesis\/ciencias-de-las-artes-y-las-letras\/estudio-y-analisis-sobre-la-acustica-y-organologa%c2%ada-del-clarinete-y-su-optimizacion\/","title":{"rendered":"Estudio y an\u00e1lisis sobre la ac\u00fastica y organolog\u00eda del clarinete y su optimizaci\u00f3n"},"content":{"rendered":"<h2>Tesis doctoral de <strong> Vicente Pastor Garc\u00eda <\/strong><\/h2>\n<p>El clarinete es el \u00fanico instrumento de la familia de las maderas que se comportan ac\u00fasticamente de forma diferente al resto de sus hom\u00f3logos. Por su especial funcionamiento ac\u00fastico y su naturaleza f\u00edsica, el clarinete se halla sometido a determinados fen\u00f3menos f\u00edsico-ac\u00fasticos en sus columnas a\u00e9reas, lo que reduce notablemente su rendimiento ac\u00fastico desde el punto de vista de la afinaci\u00f3n y el timbre. En los \u00faltimos a\u00f1os las nuevas tecnolog\u00edas y los innovadores medios que aporta la f\u00edsica han estimulado el inter\u00e9s del m\u00fasico y el ac\u00fastico a investigar estos temas. As\u00ed, el estudio cient\u00edfico de la ac\u00fastica de los instrumentos de viento ha experimentado un considerable auge con el uso de la impedancia de entrada en el tubo y el modelo ac\u00fastico lineal, aunque varias preguntas permanecen todav\u00eda sin respuesta.  el dise\u00f1o del clarinete ideal se toma  una empresa \u00edmproba y compleja debido a las desviaciones que se producen del modelo geom\u00e9trico ideal por la forma irregular de su tubo y por la influencia de determinados fen\u00f3menos. Asimismo, la cooperaci\u00f3n entre las frecuencias resonantes se ve contaminada por factores de muy diversa \u00edndole y por ciertos fen\u00f3menos cuya magnitud e influencia en el proceso sonoro todav\u00eda se desconoce, todo lo cual dificulta enormemente la caracterizaci\u00f3n y el modelado del instrumento ac\u00fasticamente perfecto. aunque el m\u00fasico demanda un clarinete m\u00e1s perfeccionado, este s\u00f3lo puede dise\u00f1arse modificando su personal timbre y su mecanismo, lo que conllevar\u00eda alterar la t\u00e9cnica del  instrumento actual. No es de extra\u00f1ar que, ante esta situaci\u00f3n, las empresas de fabricaci\u00f3n de instrumentos mantengan ciertas reservas en la aplicaci\u00f3n de los escasos avances en este campo, sin olvidar el conservadurismo del m\u00fasico a modificar su t\u00e9cnica.  con este panorama, se impone la optimizaci\u00f3n ac\u00fastica del instrumento por parte del clarinetista, desde el conocimiento y la comprensi\u00f3n de<\/p>\n<p>&nbsp;<\/p>\n<h3>Datos acad\u00e9micos de la tesis doctoral \u00ab<strong>Estudio y an\u00e1lisis sobre la ac\u00fastica y organolog\u00eda del clarinete y su optimizaci\u00f3n<\/strong>\u00ab<\/h3>\n<ul>\n<li><strong>T\u00edtulo de la tesis:<\/strong>\u00a0 Estudio y an\u00e1lisis sobre la ac\u00fastica y organolog\u00eda del clarinete y su optimizaci\u00f3n <\/li>\n<li><strong>Autor:<\/strong>\u00a0 Vicente Pastor Garc\u00eda <\/li>\n<li><strong>Universidad:<\/strong>\u00a0 Polit\u00e9cnica de Valencia<\/li>\n<li><strong>Fecha de lectura de la tesis:<\/strong>\u00a0 22\/11\/2005<\/li>\n<\/ul>\n<p>&nbsp;<\/p>\n<h3>Direcci\u00f3n y tribunal<\/h3>\n<ul>\n<li><strong>Director de la tesis<\/strong>\n<ul>\n<li>Vicente G\u00f3mez Lozano<\/li>\n<\/ul>\n<\/li>\n<li><strong>Tribunal<\/strong>\n<ul>\n<li>Presidente del tribunal: Jaime Llinares galiana <\/li>\n<li>Francisco Bueno conejo (vocal)<\/li>\n<li>jenaro Vera guarinos (vocal)<\/li>\n<li>ram\u00f3n Ram\u00edrez beneyto (vocal)<\/li>\n<\/ul>\n<\/li>\n<\/ul>\n<p>&nbsp;<\/p>\n","protected":false},"excerpt":{"rendered":"<p>Tesis doctoral de Vicente Pastor Garc\u00eda El clarinete es el \u00fanico instrumento de la familia de las maderas que se [&hellip;]<\/p>\n","protected":false},"author":1,"featured_media":0,"comment_status":"open","ping_status":"open","sticky":false,"template":"","format":"standard","meta":{"site-sidebar-layout":"default","site-content-layout":"","ast-site-content-layout":"","site-content-style":"default","site-sidebar-style":"default","ast-global-header-display":"","ast-banner-title-visibility":"","ast-main-header-display":"","ast-hfb-above-header-display":"","ast-hfb-below-header-display":"","ast-hfb-mobile-header-display":"","site-post-title":"","ast-breadcrumbs-content":"","ast-featured-img":"","footer-sml-layout":"","theme-transparent-header-meta":"","adv-header-id-meta":"","stick-header-meta":"","header-above-stick-meta":"","header-main-stick-meta":"","header-below-stick-meta":"","astra-migrate-meta-layouts":"default","ast-page-background-enabled":"default","ast-page-background-meta":{"desktop":{"background-color":"var(--ast-global-color-4)","background-image":"","background-repeat":"repeat","background-position":"center center","background-size":"auto","background-attachment":"scroll","background-type":"","background-media":"","overlay-type":"","overlay-color":"","overlay-gradient":""},"tablet":{"background-color":"","background-image":"","background-repeat":"repeat","background-position":"center center","background-size":"auto","background-attachment":"scroll","background-type":"","background-media":"","overlay-type":"","overlay-color":"","overlay-gradient":""},"mobile":{"background-color":"","background-image":"","background-repeat":"repeat","background-position":"center center","background-size":"auto","background-attachment":"scroll","background-type":"","background-media":"","overlay-type":"","overlay-color":"","overlay-gradient":""}},"ast-content-background-meta":{"desktop":{"background-color":"var(--ast-global-color-5)","background-image":"","background-repeat":"repeat","background-position":"center center","background-size":"auto","background-attachment":"scroll","background-type":"","background-media":"","overlay-type":"","overlay-color":"","overlay-gradient":""},"tablet":{"background-color":"var(--ast-global-color-5)","background-image":"","background-repeat":"repeat","background-position":"center center","background-size":"auto","background-attachment":"scroll","background-type":"","background-media":"","overlay-type":"","overlay-color":"","overlay-gradient":""},"mobile":{"background-color":"var(--ast-global-color-5)","background-image":"","background-repeat":"repeat","background-position":"center center","background-size":"auto","background-attachment":"scroll","background-type":"","background-media":"","overlay-type":"","overlay-color":"","overlay-gradient":""}},"footnotes":""},"categories":[5190,147,199,40490,30902,9132,16820,1111],"tags":[166520,11530,57497,166521,39281,166519],"class_list":["post-77296","post","type-post","status-publish","format-standard","hentry","category-acustica","category-ciencias-de-las-artes-y-las-letras","category-fisica","category-fisica-de-la-audicion","category-fisica-de-la-musica","category-musica-y-musicologia","category-politecnica-de-valencia","category-teoria-analisis-y-critica-de-las-bellas-artes","tag-francisco-bueno-conejo","tag-jaime-llinares-galiana","tag-jenaro-vera-guarinos","tag-ramon-ramirez-beneyto","tag-vicente-gomez-lozano","tag-vicente-pastor-garcia"],"_links":{"self":[{"href":"https:\/\/www.deberes.net\/tesis\/wp-json\/wp\/v2\/posts\/77296","targetHints":{"allow":["GET"]}}],"collection":[{"href":"https:\/\/www.deberes.net\/tesis\/wp-json\/wp\/v2\/posts"}],"about":[{"href":"https:\/\/www.deberes.net\/tesis\/wp-json\/wp\/v2\/types\/post"}],"author":[{"embeddable":true,"href":"https:\/\/www.deberes.net\/tesis\/wp-json\/wp\/v2\/users\/1"}],"replies":[{"embeddable":true,"href":"https:\/\/www.deberes.net\/tesis\/wp-json\/wp\/v2\/comments?post=77296"}],"version-history":[{"count":0,"href":"https:\/\/www.deberes.net\/tesis\/wp-json\/wp\/v2\/posts\/77296\/revisions"}],"wp:attachment":[{"href":"https:\/\/www.deberes.net\/tesis\/wp-json\/wp\/v2\/media?parent=77296"}],"wp:term":[{"taxonomy":"category","embeddable":true,"href":"https:\/\/www.deberes.net\/tesis\/wp-json\/wp\/v2\/categories?post=77296"},{"taxonomy":"post_tag","embeddable":true,"href":"https:\/\/www.deberes.net\/tesis\/wp-json\/wp\/v2\/tags?post=77296"}],"curies":[{"name":"wp","href":"https:\/\/api.w.org\/{rel}","templated":true}]}}