{"id":77304,"date":"2018-03-09T23:22:48","date_gmt":"2018-03-09T23:22:48","guid":{"rendered":"https:\/\/www.deberes.net\/tesis\/sin-categoria\/mercado-de-trabajo-capital-humano-y-salarios\/"},"modified":"2018-03-09T23:22:48","modified_gmt":"2018-03-09T23:22:48","slug":"mercado-de-trabajo-capital-humano-y-salarios","status":"publish","type":"post","link":"https:\/\/www.deberes.net\/tesis\/extremadura\/mercado-de-trabajo-capital-humano-y-salarios\/","title":{"rendered":"Mercado de trabajo, capital humano y salarios"},"content":{"rendered":"<h2>Tesis doctoral de <strong> In\u00e9s Pedraescrita Murillo Huertas <\/strong><\/h2>\n<p>El objetivo de la tesis doctoral es contribuir al mejor conocimiento del mercado laboral en espa\u00f1a, centr\u00e1ndose en el estudio de dos aspectos diferenciados. en primer lugar siguiendo uno de los principales enfoques que han examinado el mercado de trabajo en los \u00faltimos a\u00f1os, se analizan las notables diferencias entre las tasas de desempleo desde una perspectiva regional en espa\u00f1a. en segundo lugar, se plantea un an\u00e1lisis basado en el nivel educativo de la fuerza laboral en espa\u00f1a, siguiendo la teor\u00eda del capital humano. en concreto, se aborda el estudio de la rentabilidad privada de la inversi\u00f3n en educaci\u00f3n y los efectos de la depreciaci\u00f3n del capital humano sobre los salarios.<\/p>\n<p>&nbsp;<\/p>\n<h3>Datos acad\u00e9micos de la tesis doctoral \u00ab<strong>Mercado de trabajo, capital humano y salarios<\/strong>\u00ab<\/h3>\n<ul>\n<li><strong>T\u00edtulo de la tesis:<\/strong>\u00a0 Mercado de trabajo, capital humano y salarios <\/li>\n<li><strong>Autor:<\/strong>\u00a0 In\u00e9s Pedraescrita Murillo Huertas <\/li>\n<li><strong>Universidad:<\/strong>\u00a0 Extremadura<\/li>\n<li><strong>Fecha de lectura de la tesis:<\/strong>\u00a0 23\/11\/2005<\/li>\n<\/ul>\n<p>&nbsp;<\/p>\n<h3>Direcci\u00f3n y tribunal<\/h3>\n<ul>\n<li><strong>Director de la tesis<\/strong>\n<ul>\n<li>Jos\u00e9 Luis Raymond Bara<\/li>\n<\/ul>\n<\/li>\n<li><strong>Tribunal<\/strong>\n<ul>\n<li>Presidente del tribunal: Francisco Pedraja chaparro <\/li>\n<li>esteban Sanrom\u00e1 mel\u00e9ndez (vocal)<\/li>\n<li>Juli\u00e1n Ramajo hern\u00e1ndez (vocal)<\/li>\n<li>Carlos Ujabiaga ib\u00e1\u00f1ez (vocal)<\/li>\n<\/ul>\n<\/li>\n<\/ul>\n<p>&nbsp;<\/p>\n","protected":false},"excerpt":{"rendered":"<p>Tesis doctoral de In\u00e9s Pedraescrita Murillo Huertas El objetivo de la tesis doctoral es contribuir al mejor conocimiento del mercado [&hellip;]<\/p>\n","protected":false},"author":1,"featured_media":0,"comment_status":"open","ping_status":"open","sticky":false,"template":"","format":"standard","meta":{"site-sidebar-layout":"default","site-content-layout":"","ast-site-content-layout":"","site-content-style":"default","site-sidebar-style":"default","ast-global-header-display":"","ast-banner-title-visibility":"","ast-main-header-display":"","ast-hfb-above-header-display":"","ast-hfb-below-header-display":"","ast-hfb-mobile-header-display":"","site-post-title":"","ast-breadcrumbs-content":"","ast-featured-img":"","footer-sml-layout":"","theme-transparent-header-meta":"","adv-header-id-meta":"","stick-header-meta":"","header-above-stick-meta":"","header-main-stick-meta":"","header-below-stick-meta":"","astra-migrate-meta-layouts":"default","ast-page-background-enabled":"default","ast-page-background-meta":{"desktop":{"background-color":"var(--ast-global-color-4)","background-image":"","background-repeat":"repeat","background-position":"center center","background-size":"auto","background-attachment":"scroll","background-type":"","background-media":"","overlay-type":"","overlay-color":"","overlay-gradient":""},"tablet":{"background-color":"","background-image":"","background-repeat":"repeat","background-position":"center center","background-size":"auto","background-attachment":"scroll","background-type":"","background-media":"","overlay-type":"","overlay-color":"","overlay-gradient":""},"mobile":{"background-color":"","background-image":"","background-repeat":"repeat","background-position":"center center","background-size":"auto","background-attachment":"scroll","background-type":"","background-media":"","overlay-type":"","overlay-color":"","overlay-gradient":""}},"ast-content-background-meta":{"desktop":{"background-color":"var(--ast-global-color-5)","background-image":"","background-repeat":"repeat","background-position":"center center","background-size":"auto","background-attachment":"scroll","background-type":"","background-media":"","overlay-type":"","overlay-color":"","overlay-gradient":""},"tablet":{"background-color":"var(--ast-global-color-5)","background-image":"","background-repeat":"repeat","background-position":"center center","background-size":"auto","background-attachment":"scroll","background-type":"","background-media":"","overlay-type":"","overlay-color":"","overlay-gradient":""},"mobile":{"background-color":"var(--ast-global-color-5)","background-image":"","background-repeat":"repeat","background-position":"center center","background-size":"auto","background-attachment":"scroll","background-type":"","background-media":"","overlay-type":"","overlay-color":"","overlay-gradient":""}},"footnotes":""},"categories":[949,22393,4725],"tags":[166536,141272,19606,166535,11538,25883],"class_list":["post-77304","post","type-post","status-publish","format-standard","hentry","category-extremadura","category-sector-de-la-educacion","category-teoria-y-modelos-de-empleo","tag-carlos-ujabiaga-ibanez","tag-esteban-sanroma-melendez","tag-francisco-pedraja-chaparro","tag-ines-pedraescrita-murillo-huertas","tag-jose-luis-raymond-bara","tag-julian-ramajo-hernandez"],"_links":{"self":[{"href":"https:\/\/www.deberes.net\/tesis\/wp-json\/wp\/v2\/posts\/77304","targetHints":{"allow":["GET"]}}],"collection":[{"href":"https:\/\/www.deberes.net\/tesis\/wp-json\/wp\/v2\/posts"}],"about":[{"href":"https:\/\/www.deberes.net\/tesis\/wp-json\/wp\/v2\/types\/post"}],"author":[{"embeddable":true,"href":"https:\/\/www.deberes.net\/tesis\/wp-json\/wp\/v2\/users\/1"}],"replies":[{"embeddable":true,"href":"https:\/\/www.deberes.net\/tesis\/wp-json\/wp\/v2\/comments?post=77304"}],"version-history":[{"count":0,"href":"https:\/\/www.deberes.net\/tesis\/wp-json\/wp\/v2\/posts\/77304\/revisions"}],"wp:attachment":[{"href":"https:\/\/www.deberes.net\/tesis\/wp-json\/wp\/v2\/media?parent=77304"}],"wp:term":[{"taxonomy":"category","embeddable":true,"href":"https:\/\/www.deberes.net\/tesis\/wp-json\/wp\/v2\/categories?post=77304"},{"taxonomy":"post_tag","embeddable":true,"href":"https:\/\/www.deberes.net\/tesis\/wp-json\/wp\/v2\/tags?post=77304"}],"curies":[{"name":"wp","href":"https:\/\/api.w.org\/{rel}","templated":true}]}}