{"id":77317,"date":"2018-03-09T23:22:48","date_gmt":"2018-03-09T23:22:48","guid":{"rendered":"https:\/\/www.deberes.net\/tesis\/sin-categoria\/el-desarrollo-humano-en-la-economa%c2%ada-etica-de-amartya-sen\/"},"modified":"2018-03-09T23:22:48","modified_gmt":"2018-03-09T23:22:48","slug":"el-desarrollo-humano-en-la-economa%c2%ada-etica-de-amartya-sen","status":"publish","type":"post","link":"https:\/\/www.deberes.net\/tesis\/ciencias-economicas\/el-desarrollo-humano-en-la-economa%c2%ada-etica-de-amartya-sen\/","title":{"rendered":"El desarrollo humano en la econom\u00eda\u00e9tica de amartya sen."},"content":{"rendered":"<h2>Tesis doctoral de <strong> Marta Pedrajas Herrero <\/strong><\/h2>\n<p>La tesis tiene como objetivo la fundamentaci\u00f3n filos\u00f3fica y el an\u00e1lisis desde la teor\u00eda econ\u00f3mica del concepto de desarrollo humano seg\u00fan la propuesta de amartya sen para que pueda servir de gu\u00eda responsable y de fundamento de las distintas propuestas te\u00f3ricas y de la actividad de la cooperaci\u00f3n al desarrollo que realizan los distintos organismos y los grupos solidarios en un contexto de globalizaci\u00f3n. A lo largo de la tesis se realiza una contextualizaci\u00f3n de la teor\u00eda de desarrollo tanto en el campo de la \u00e9tica aplicada como en el de la econom\u00eda del desarrollo, revis\u00e1ndose cr\u00edticamente los principales paradigmas del desarrollo como crecimiento econ\u00f3mico. El modelo social de desarrollo articulado en torno al paradigma de la  satisfacci\u00f3n de las necesidades b\u00e1sicas de streeten tambi\u00e9n es analizado. A partir de una trasformaci\u00f3n \u00e9tica  de la racionalidad econ\u00f3mica, tal y como propone sen, se sientan las bases del enfoque de las capacidades como alternativa no s\u00f3lo al modelo de streeten sino tambi\u00e9n al de bienes primarios de rawls y, finalmente, al utilitarismo. Por \u00faltimo, se analiza en profundidad el modelo de desarrollo humano consistente en una expansi\u00f3n de las libertades reales de las que gozan los individuos. Este modelo es estructurado en torno a tres puntos. La perspectiva de la libertad real (libertad como fin y libertades instrumentales), el enfoque de las capacidades y el modelo de persona. La fundamentaci\u00f3n filos\u00f3fica que se ofrecen en la tesis es una fundamentaci\u00f3n kantiana de las capacidades. El an\u00e1lisis desde la teor\u00eda econ\u00f3mica de la elecci\u00f3n social tambi\u00e9n es revisado en cuanto a las posibilidades de fundamentaci\u00f3n democr\u00e1tica del modelo abri\u00e9ndose a la \u00e9tica discursiva. y finalmente, se propone el concepto de autonom\u00eda como sustituto de la agencia seniana. En conclusi\u00f3n, la teor\u00eda del desarrollo humano de amartya sen, revisada y fundamentada filos\u00f3ficamente desde una perspectiva neo<\/p>\n<p>&nbsp;<\/p>\n<h3>Datos acad\u00e9micos de la tesis doctoral \u00ab<strong>El desarrollo humano en la econom\u00eda\u00e9tica de amartya sen.<\/strong>\u00ab<\/h3>\n<ul>\n<li><strong>T\u00edtulo de la tesis:<\/strong>\u00a0 El desarrollo humano en la econom\u00eda\u00e9tica de amartya sen. <\/li>\n<li><strong>Autor:<\/strong>\u00a0 Marta Pedrajas Herrero <\/li>\n<li><strong>Universidad:<\/strong>\u00a0 Universitat de val\u00e9ncia (estudi general)<\/li>\n<li><strong>Fecha de lectura de la tesis:<\/strong>\u00a0 23\/11\/2005<\/li>\n<\/ul>\n<p>&nbsp;<\/p>\n<h3>Direcci\u00f3n y tribunal<\/h3>\n<ul>\n<li><strong>Director de la tesis<\/strong>\n<ul>\n<li>Jes\u00fas Marcial Conill Sancho<\/li>\n<\/ul>\n<\/li>\n<li><strong>Tribunal<\/strong>\n<ul>\n<li>Presidente del tribunal: adela Cortina orts <\/li>\n<li>domingo Garc\u00eda marz\u00e1 (vocal)<\/li>\n<li>david Crocker (vocal)<\/li>\n<li>Jos\u00e9 Mar\u00eda Jord\u00e1n galduf (vocal)<\/li>\n<\/ul>\n<\/li>\n<\/ul>\n<p>&nbsp;<\/p>\n","protected":false},"excerpt":{"rendered":"<p>Tesis doctoral de Marta Pedrajas Herrero La tesis tiene como objetivo la fundamentaci\u00f3n filos\u00f3fica y el an\u00e1lisis desde la teor\u00eda [&hellip;]<\/p>\n","protected":false},"author":1,"featured_media":0,"comment_status":"open","ping_status":"open","sticky":false,"template":"","format":"standard","meta":{"site-sidebar-layout":"default","site-content-layout":"","ast-site-content-layout":"","site-content-style":"default","site-sidebar-style":"default","ast-global-header-display":"","ast-banner-title-visibility":"","ast-main-header-display":"","ast-hfb-above-header-display":"","ast-hfb-below-header-display":"","ast-hfb-mobile-header-display":"","site-post-title":"","ast-breadcrumbs-content":"","ast-featured-img":"","footer-sml-layout":"","theme-transparent-header-meta":"","adv-header-id-meta":"","stick-header-meta":"","header-above-stick-meta":"","header-main-stick-meta":"","header-below-stick-meta":"","astra-migrate-meta-layouts":"default","ast-page-background-enabled":"default","ast-page-background-meta":{"desktop":{"background-color":"var(--ast-global-color-4)","background-image":"","background-repeat":"repeat","background-position":"center center","background-size":"auto","background-attachment":"scroll","background-type":"","background-media":"","overlay-type":"","overlay-color":"","overlay-gradient":""},"tablet":{"background-color":"","background-image":"","background-repeat":"repeat","background-position":"center center","background-size":"auto","background-attachment":"scroll","background-type":"","background-media":"","overlay-type":"","overlay-color":"","overlay-gradient":""},"mobile":{"background-color":"","background-image":"","background-repeat":"repeat","background-position":"center center","background-size":"auto","background-attachment":"scroll","background-type":"","background-media":"","overlay-type":"","overlay-color":"","overlay-gradient":""}},"ast-content-background-meta":{"desktop":{"background-color":"var(--ast-global-color-5)","background-image":"","background-repeat":"repeat","background-position":"center center","background-size":"auto","background-attachment":"scroll","background-type":"","background-media":"","overlay-type":"","overlay-color":"","overlay-gradient":""},"tablet":{"background-color":"var(--ast-global-color-5)","background-image":"","background-repeat":"repeat","background-position":"center center","background-size":"auto","background-attachment":"scroll","background-type":"","background-media":"","overlay-type":"","overlay-color":"","overlay-gradient":""},"mobile":{"background-color":"var(--ast-global-color-5)","background-image":"","background-repeat":"repeat","background-position":"center center","background-size":"auto","background-attachment":"scroll","background-type":"","background-media":"","overlay-type":"","overlay-color":"","overlay-gradient":""}},"footnotes":""},"categories":[82,8646,17875,8647,17874,8649,165,6008,1078,829,737],"tags":[12012,166557,48061,12440,11698,166556],"class_list":["post-77317","post","type-post","status-publish","format-standard","hentry","category-ciencias-economicas","category-etica","category-etica-de-grupo","category-etica-de-individuos","category-etica-economica","category-etica-filosofica","category-filosofia","category-filosofia-politica","category-filosofia-social","category-modelos-y-teorias-del-desarrollo-economico","category-teoria-economica","tag-adela-cortina-orts","tag-david-crocker","tag-domingo-garcia-marza","tag-jesus-marcial-conill-sancho","tag-jose-maria-jordan-galduf","tag-marta-pedrajas-herrero"],"_links":{"self":[{"href":"https:\/\/www.deberes.net\/tesis\/wp-json\/wp\/v2\/posts\/77317","targetHints":{"allow":["GET"]}}],"collection":[{"href":"https:\/\/www.deberes.net\/tesis\/wp-json\/wp\/v2\/posts"}],"about":[{"href":"https:\/\/www.deberes.net\/tesis\/wp-json\/wp\/v2\/types\/post"}],"author":[{"embeddable":true,"href":"https:\/\/www.deberes.net\/tesis\/wp-json\/wp\/v2\/users\/1"}],"replies":[{"embeddable":true,"href":"https:\/\/www.deberes.net\/tesis\/wp-json\/wp\/v2\/comments?post=77317"}],"version-history":[{"count":0,"href":"https:\/\/www.deberes.net\/tesis\/wp-json\/wp\/v2\/posts\/77317\/revisions"}],"wp:attachment":[{"href":"https:\/\/www.deberes.net\/tesis\/wp-json\/wp\/v2\/media?parent=77317"}],"wp:term":[{"taxonomy":"category","embeddable":true,"href":"https:\/\/www.deberes.net\/tesis\/wp-json\/wp\/v2\/categories?post=77317"},{"taxonomy":"post_tag","embeddable":true,"href":"https:\/\/www.deberes.net\/tesis\/wp-json\/wp\/v2\/tags?post=77317"}],"curies":[{"name":"wp","href":"https:\/\/api.w.org\/{rel}","templated":true}]}}