{"id":77328,"date":"2018-03-09T23:22:48","date_gmt":"2018-03-09T23:22:48","guid":{"rendered":"https:\/\/www.deberes.net\/tesis\/sin-categoria\/el-aprendizaje-de-las-tecnologa%c2%adas-de-la-informacion-y-la-comunicacion-en-personas-con-sa%c2%adndrome-de-down\/"},"modified":"2018-03-09T23:22:48","modified_gmt":"2018-03-09T23:22:48","slug":"el-aprendizaje-de-las-tecnologa%c2%adas-de-la-informacion-y-la-comunicacion-en-personas-con-sa%c2%adndrome-de-down","status":"publish","type":"post","link":"https:\/\/www.deberes.net\/tesis\/analisis-de-datos\/el-aprendizaje-de-las-tecnologa%c2%adas-de-la-informacion-y-la-comunicacion-en-personas-con-sa%c2%adndrome-de-down\/","title":{"rendered":"El aprendizaje de las tecnolog\u00edas de la informaci\u00f3n y la comunicaci\u00f3n en personas con s\u00edndrome de down"},"content":{"rendered":"<h2>Tesis doctoral de <strong> Susana Valverde Montesino <\/strong><\/h2>\n<p>Las tecnolog\u00edas de la informaci\u00f3n y la comunicaci\u00f3n (tic) est\u00e1n presentes en diferentes \u00e1mbitos y su uso se est\u00e1 convirtiendo en una condicion\u00f3 indispensable para desenvolverse en la sociedad actual, la denominada sociedad de la informaci\u00f3n o sociedad del conocimiento. Aunque en los \u00faltimos a\u00f1os las tic se han expandido considerablemente existen ciertos sectores de la poblaci\u00f3n, con escasas posibilidades para acceder a estas tecnolog\u00edas, debido principalmente a dificultades econ\u00f3micas y de formaci\u00f3n, como es el caso de las personas con discapacidad intelectual. Este hecho est\u00e1 provocando que surja una divisi\u00f3n entre los que tienen acceso a las tic y los que no, produci\u00e9ndose as\u00ed el fen\u00f3meno de la \u00abbrecha digital\u00bb. Esta brecha fragmenta a la sociedad en dos, dando lugar a una nueva exclusi\u00f3n social: la \u00abinfoexclusi\u00f3n\u00bb.     el sistema de formaci\u00f3n bit es un sistema dirigido a paliar la \u00abbrecha digital\u00bb facilitando el aprendizaje de las tic a personas con s\u00edndrome de down y\/o discapacidad intelectual. El acceso a las tic mediante la participaci\u00f3n en este sistema de formaci\u00f3n posibilita que personas con limitaciones cognitivas aprendan a utilizar herramientas inform\u00e1ticas de uso com\u00fan. la aplicaci\u00f3n de diferentes pruebas estad\u00edsticas a los resutlados ofrecidos por una muestra de ciento cuarenta y tres personas con s\u00edndrome de down y\/o discapacidad intelectual indican que el sistema de formaci\u00f3n bit es un sistema de formaci\u00f3n eficaz para que personas con discapacidad intelectual aprendan a utilizar las tic. Adem\u00e1s, las personas con s\u00edndrome de down y\/o discapacidad intelectual que formaron parte del grupo experimental participando en el sistema de formaci\u00f3n bit, obtuvieron mejoras significativas en procesos cognitivos relacionados con la atenci\u00f3n, velocidad psicomotora y discriminaci\u00f3n visual. La realizaci\u00f3n de un an\u00e1lisis de regresi\u00f3n permito comprobar que variables como la edad, el cociente intelectual, el an\u00e1lisis y reprodu<\/p>\n<p>&nbsp;<\/p>\n<h3>Datos acad\u00e9micos de la tesis doctoral \u00ab<strong>El aprendizaje de las tecnolog\u00edas de la informaci\u00f3n y la comunicaci\u00f3n en personas con s\u00edndrome de down<\/strong>\u00ab<\/h3>\n<ul>\n<li><strong>T\u00edtulo de la tesis:<\/strong>\u00a0 El aprendizaje de las tecnolog\u00edas de la informaci\u00f3n y la comunicaci\u00f3n en personas con s\u00edndrome de down <\/li>\n<li><strong>Autor:<\/strong>\u00a0 Susana Valverde Montesino <\/li>\n<li><strong>Universidad:<\/strong>\u00a0 Complutense de Madrid<\/li>\n<li><strong>Fecha de lectura de la tesis:<\/strong>\u00a0 24\/11\/2005<\/li>\n<\/ul>\n<p>&nbsp;<\/p>\n<h3>Direcci\u00f3n y tribunal<\/h3>\n<ul>\n<li><strong>Director de la tesis<\/strong>\n<ul>\n<li>Luz Florinda P\u00e9rez S\u00e1nchez<\/li>\n<\/ul>\n<\/li>\n<li><strong>Tribunal<\/strong>\n<ul>\n<li>Presidente del tribunal: v\u00edctor Santiuste bermejo <\/li>\n<li>dolores Izuzquiza gasset (vocal)<\/li>\n<li>olga Diaz fernandez (vocal)<\/li>\n<li>Mar\u00eda isabel Fajardo caldera (vocal)<\/li>\n<\/ul>\n<\/li>\n<\/ul>\n<p>&nbsp;<\/p>\n","protected":false},"excerpt":{"rendered":"<p>Tesis doctoral de Susana Valverde Montesino Las tecnolog\u00edas de la informaci\u00f3n y la comunicaci\u00f3n (tic) est\u00e1n presentes en diferentes \u00e1mbitos [&hellip;]<\/p>\n","protected":false},"author":1,"featured_media":0,"comment_status":"open","ping_status":"open","sticky":false,"template":"","format":"standard","meta":{"site-sidebar-layout":"default","site-content-layout":"","ast-site-content-layout":"","site-content-style":"default","site-sidebar-style":"default","ast-global-header-display":"","ast-banner-title-visibility":"","ast-main-header-display":"","ast-hfb-above-header-display":"","ast-hfb-below-header-display":"","ast-hfb-mobile-header-display":"","site-post-title":"","ast-breadcrumbs-content":"","ast-featured-img":"","footer-sml-layout":"","theme-transparent-header-meta":"","adv-header-id-meta":"","stick-header-meta":"","header-above-stick-meta":"","header-main-stick-meta":"","header-below-stick-meta":"","astra-migrate-meta-layouts":"default","ast-page-background-enabled":"default","ast-page-background-meta":{"desktop":{"background-color":"var(--ast-global-color-4)","background-image":"","background-repeat":"repeat","background-position":"center center","background-size":"auto","background-attachment":"scroll","background-type":"","background-media":"","overlay-type":"","overlay-color":"","overlay-gradient":""},"tablet":{"background-color":"","background-image":"","background-repeat":"repeat","background-position":"center center","background-size":"auto","background-attachment":"scroll","background-type":"","background-media":"","overlay-type":"","overlay-color":"","overlay-gradient":""},"mobile":{"background-color":"","background-image":"","background-repeat":"repeat","background-position":"center center","background-size":"auto","background-attachment":"scroll","background-type":"","background-media":"","overlay-type":"","overlay-color":"","overlay-gradient":""}},"ast-content-background-meta":{"desktop":{"background-color":"var(--ast-global-color-5)","background-image":"","background-repeat":"repeat","background-position":"center center","background-size":"auto","background-attachment":"scroll","background-type":"","background-media":"","overlay-type":"","overlay-color":"","overlay-gradient":""},"tablet":{"background-color":"var(--ast-global-color-5)","background-image":"","background-repeat":"repeat","background-position":"center center","background-size":"auto","background-attachment":"scroll","background-type":"","background-media":"","overlay-type":"","overlay-color":"","overlay-gradient":""},"mobile":{"background-color":"var(--ast-global-color-5)","background-image":"","background-repeat":"repeat","background-position":"center center","background-size":"auto","background-attachment":"scroll","background-type":"","background-media":"","overlay-type":"","overlay-color":"","overlay-gradient":""}},"footnotes":""},"categories":[2207,3289,6222,14126],"tags":[69148,21105,56535,2952,166574,18438],"class_list":["post-77328","post","type-post","status-publish","format-standard","hentry","category-analisis-de-datos","category-deficiencia-mental-del-nino-y-del-adolescente","category-educacion-especial","category-tecnologia-y-cambio-social","tag-dolores-izuzquiza-gasset","tag-luz-florinda-perez-sanchez","tag-maria-isabel-fajardo-caldera","tag-olga-diaz-fernandez","tag-susana-valverde-montesino","tag-victor-santiuste-bermejo"],"_links":{"self":[{"href":"https:\/\/www.deberes.net\/tesis\/wp-json\/wp\/v2\/posts\/77328","targetHints":{"allow":["GET"]}}],"collection":[{"href":"https:\/\/www.deberes.net\/tesis\/wp-json\/wp\/v2\/posts"}],"about":[{"href":"https:\/\/www.deberes.net\/tesis\/wp-json\/wp\/v2\/types\/post"}],"author":[{"embeddable":true,"href":"https:\/\/www.deberes.net\/tesis\/wp-json\/wp\/v2\/users\/1"}],"replies":[{"embeddable":true,"href":"https:\/\/www.deberes.net\/tesis\/wp-json\/wp\/v2\/comments?post=77328"}],"version-history":[{"count":0,"href":"https:\/\/www.deberes.net\/tesis\/wp-json\/wp\/v2\/posts\/77328\/revisions"}],"wp:attachment":[{"href":"https:\/\/www.deberes.net\/tesis\/wp-json\/wp\/v2\/media?parent=77328"}],"wp:term":[{"taxonomy":"category","embeddable":true,"href":"https:\/\/www.deberes.net\/tesis\/wp-json\/wp\/v2\/categories?post=77328"},{"taxonomy":"post_tag","embeddable":true,"href":"https:\/\/www.deberes.net\/tesis\/wp-json\/wp\/v2\/tags?post=77328"}],"curies":[{"name":"wp","href":"https:\/\/api.w.org\/{rel}","templated":true}]}}