{"id":77337,"date":"2018-03-09T23:22:53","date_gmt":"2018-03-09T23:22:53","guid":{"rendered":"https:\/\/www.deberes.net\/tesis\/sin-categoria\/la-reforma-beneficial-en-la-diocesis-de-palencia\/"},"modified":"2018-03-09T23:22:53","modified_gmt":"2018-03-09T23:22:53","slug":"la-reforma-beneficial-en-la-diocesis-de-palencia","status":"publish","type":"post","link":"https:\/\/www.deberes.net\/tesis\/historia\/la-reforma-beneficial-en-la-diocesis-de-palencia\/","title":{"rendered":"La reforma beneficial en la diocesis de palencia."},"content":{"rendered":"<h2>Tesis doctoral de <strong> Mar\u00eda  Purificacion Almudena Garcia Herreros <\/strong><\/h2>\n<p>La tesis doctoral la reforma beneficial en la di\u00f3cesis de palencia analiza de forma muy pormenozida el clero secular palentino en la segunda mitad del siglo xviii. Los prelados, siguiendo las directrices amanadas de la c\u00e1mara de castilla, fueron los encargados de realizar en las diferentes di\u00f3cesis. Objetivos que persuguieron: restructuraci\u00f3n de los cargos parroquiales, potenciando la figura del p\u00e1rroco y supirmiendo los cargos innecesarios; estabilidad econ\u00f3mica de sus miembros, preferentemente del curato, primera autoridad en la parroquia, pero en general de todos los cargos; y formaci\u00f3n intelectural de los futuros sacerdotes para lo que establecieron los seminarios como centros de  formaci\u00f3n. La puesta en pr\u00e1ctica de estas medidas no estuvo exenta de problemas, en general las comunidades seculares fueron las que mostraron una mayor oposici\u00f3n, mientras que las eclesi\u00e1sticas fueron las grandes benefeciarias y las mayores defensoras. Las reforma fue el intento de sistematizar el benefici\u00f3 pero conjugando los intereses de las distintas partes implicadas en el proceso. La iglesia, la corona y las oligarqu\u00edas locales.<\/p>\n<p>&nbsp;<\/p>\n<h3>Datos acad\u00e9micos de la tesis doctoral \u00ab<strong>La reforma beneficial en la diocesis de palencia.<\/strong>\u00ab<\/h3>\n<ul>\n<li><strong>T\u00edtulo de la tesis:<\/strong>\u00a0 La reforma beneficial en la diocesis de palencia. <\/li>\n<li><strong>Autor:<\/strong>\u00a0 Mar\u00eda  Purificacion Almudena Garcia Herreros <\/li>\n<li><strong>Universidad:<\/strong>\u00a0 Nacional de educaci\u00f3n a distancia<\/li>\n<li><strong>Fecha de lectura de la tesis:<\/strong>\u00a0 24\/11\/2005<\/li>\n<\/ul>\n<p>&nbsp;<\/p>\n<h3>Direcci\u00f3n y tribunal<\/h3>\n<ul>\n<li><strong>Director de la tesis<\/strong>\n<ul>\n<li> S\u00e1nchez Bel\u00e9n Juan  Antonio<\/li>\n<\/ul>\n<\/li>\n<li><strong>Tribunal<\/strong>\n<ul>\n<li>Presidente del tribunal: Carlos Martinez shaw <\/li>\n<li>maximiliano Barrio gozalo (vocal)<\/li>\n<li>feliciano Montero garcia (vocal)<\/li>\n<li>Antonio Prada santamaria (vocal)<\/li>\n<\/ul>\n<\/li>\n<\/ul>\n<p>&nbsp;<\/p>\n","protected":false},"excerpt":{"rendered":"<p>Tesis doctoral de Mar\u00eda Purificacion Almudena Garcia Herreros La tesis doctoral la reforma beneficial en la di\u00f3cesis de palencia analiza [&hellip;]<\/p>\n","protected":false},"author":1,"featured_media":0,"comment_status":"open","ping_status":"open","sticky":false,"template":"","format":"standard","meta":{"site-sidebar-layout":"default","site-content-layout":"","ast-site-content-layout":"","site-content-style":"default","site-sidebar-style":"default","ast-global-header-display":"","ast-banner-title-visibility":"","ast-main-header-display":"","ast-hfb-above-header-display":"","ast-hfb-below-header-display":"","ast-hfb-mobile-header-display":"","site-post-title":"","ast-breadcrumbs-content":"","ast-featured-img":"","footer-sml-layout":"","theme-transparent-header-meta":"","adv-header-id-meta":"","stick-header-meta":"","header-above-stick-meta":"","header-main-stick-meta":"","header-below-stick-meta":"","astra-migrate-meta-layouts":"default","ast-page-background-enabled":"default","ast-page-background-meta":{"desktop":{"background-color":"var(--ast-global-color-4)","background-image":"","background-repeat":"repeat","background-position":"center center","background-size":"auto","background-attachment":"scroll","background-type":"","background-media":"","overlay-type":"","overlay-color":"","overlay-gradient":""},"tablet":{"background-color":"","background-image":"","background-repeat":"repeat","background-position":"center center","background-size":"auto","background-attachment":"scroll","background-type":"","background-media":"","overlay-type":"","overlay-color":"","overlay-gradient":""},"mobile":{"background-color":"","background-image":"","background-repeat":"repeat","background-position":"center center","background-size":"auto","background-attachment":"scroll","background-type":"","background-media":"","overlay-type":"","overlay-color":"","overlay-gradient":""}},"ast-content-background-meta":{"desktop":{"background-color":"var(--ast-global-color-5)","background-image":"","background-repeat":"repeat","background-position":"center center","background-size":"auto","background-attachment":"scroll","background-type":"","background-media":"","overlay-type":"","overlay-color":"","overlay-gradient":""},"tablet":{"background-color":"var(--ast-global-color-5)","background-image":"","background-repeat":"repeat","background-position":"center center","background-size":"auto","background-attachment":"scroll","background-type":"","background-media":"","overlay-type":"","overlay-color":"","overlay-gradient":""},"mobile":{"background-color":"var(--ast-global-color-5)","background-image":"","background-repeat":"repeat","background-position":"center center","background-size":"auto","background-attachment":"scroll","background-type":"","background-media":"","overlay-type":"","overlay-color":"","overlay-gradient":""}},"footnotes":""},"categories":[104,989,220,17070],"tags":[158891,1356,6390,166585,53411,31623],"class_list":["post-77337","post","type-post","status-publish","format-standard","hentry","category-historia","category-historia-moderna","category-historia-por-epocas","category-nacional-de-educacion-a-distancia","tag-antonio-prada-santamaria","tag-carlos-Martinez-shaw","tag-feliciano-montero-garcia","tag-maria-purificacion-almudena-garcia-herreros","tag-maximiliano-barrio-gozalo","tag-sanchez-belen-juan-antonio"],"_links":{"self":[{"href":"https:\/\/www.deberes.net\/tesis\/wp-json\/wp\/v2\/posts\/77337","targetHints":{"allow":["GET"]}}],"collection":[{"href":"https:\/\/www.deberes.net\/tesis\/wp-json\/wp\/v2\/posts"}],"about":[{"href":"https:\/\/www.deberes.net\/tesis\/wp-json\/wp\/v2\/types\/post"}],"author":[{"embeddable":true,"href":"https:\/\/www.deberes.net\/tesis\/wp-json\/wp\/v2\/users\/1"}],"replies":[{"embeddable":true,"href":"https:\/\/www.deberes.net\/tesis\/wp-json\/wp\/v2\/comments?post=77337"}],"version-history":[{"count":0,"href":"https:\/\/www.deberes.net\/tesis\/wp-json\/wp\/v2\/posts\/77337\/revisions"}],"wp:attachment":[{"href":"https:\/\/www.deberes.net\/tesis\/wp-json\/wp\/v2\/media?parent=77337"}],"wp:term":[{"taxonomy":"category","embeddable":true,"href":"https:\/\/www.deberes.net\/tesis\/wp-json\/wp\/v2\/categories?post=77337"},{"taxonomy":"post_tag","embeddable":true,"href":"https:\/\/www.deberes.net\/tesis\/wp-json\/wp\/v2\/tags?post=77337"}],"curies":[{"name":"wp","href":"https:\/\/api.w.org\/{rel}","templated":true}]}}