{"id":77352,"date":"2018-03-09T23:22:53","date_gmt":"2018-03-09T23:22:53","guid":{"rendered":"https:\/\/www.deberes.net\/tesis\/sin-categoria\/construccion-y-validacion-de-una-escala-de-percepcion-personal-de-competencias-profesionales-del-prelicenciado-en-enfermeria\/"},"modified":"2018-03-09T23:22:53","modified_gmt":"2018-03-09T23:22:53","slug":"construccion-y-validacion-de-una-escala-de-percepcion-personal-de-competencias-profesionales-del-prelicenciado-en-enfermeria","status":"publish","type":"post","link":"https:\/\/www.deberes.net\/tesis\/extremadura\/construccion-y-validacion-de-una-escala-de-percepcion-personal-de-competencias-profesionales-del-prelicenciado-en-enfermeria\/","title":{"rendered":"Construcci\u00f3n y validaci\u00f3n de una escala de percepci\u00f3n personal de competencias profesionales del prelicenciado en enfermer\u00eda"},"content":{"rendered":"<h2>Tesis doctoral de <strong>  Garcia Do Nascimento Graveto Joao Manuel <\/strong><\/h2>\n<p>Considerando que el \u00e9xito profesional depende tanto de la utilizaci\u00f3n adecuada de conocimientos y procedimientos, como de la percepci\u00f3n del dominio (seguridad) manifestado en relaci\u00f3n a los mismos, inherentes al desempe\u00f1o profesional, as\u00ed como a la de la percepci\u00f3n de s\u00ed mismo o dela imagen de s\u00ed mismo, especialmente en el caso de la profesi\u00f3n de enfermer\u00eda, el presente estudio est\u00e1 dirigido a la construcci\u00f3n y prueba de un instrumento psicom\u00e9trico denominado \u00abescala de percepci\u00f3n personal de competencias profesionales en el pre-licenciado en enfermer\u00eda (eppcpple)\u00bb.     para la construcci\u00f3n y validaci\u00f3n del instrumento de medida se trabaj\u00f3 en varias fases distintas. Una inicial, de tipo exploratorio, a trav\u00e9s de la aplicaci\u00f3n de un cuestionario a enfermeros, a docentes y a estudiantes pr\u00f3ximos a terminar el curso de licenciatura en enfermer\u00eda. Ello posibilit\u00f3 efectuar el an\u00e1lisis del contenido de las respuestas conseguidas. Esos resultados exploratorios los complementamos con aspectos extra\u00eddos de la revisi\u00f3n bibliogr\u00e1fica.     posteriormente se realz\u00f3 un trabajo de revisi\u00f3n constante de los \u00edtems construidos, pasando de las 500 proposiciones iniciales, a 302 que consideramos eran suficientemente amplias para abarcar gran parte delos elementos de la competencia profesional percibidos por los pre-licenciados en enfermer\u00eda (ple- estudiantes del 4\u00c2\u00ba de licenciatura en enfermer\u00eda pr\u00f3ximos a terminar el curso y a iniciar su actividad profesional).     la escala fue sometida posteriormente a dos procesos de an\u00e1lisis, revisi\u00f3n y reconstrucci\u00f3n de los \u00edtems, validaci\u00f3n de contenido -uno primero compuesto por un panel de peritos y otros constituido por un panel de ple. Una vez terminada esa revisi\u00f3n y reconstrucci\u00f3n de los \u00edtems, se confecciona una primera versi\u00f3n de la eppcpple compuesta todav\u00eda por 282 proposiciones. Se efect\u00faan las primeras aplicaciones de la escala, ya corregida y validada en tres escuelas del pa\u00eds, dos<\/p>\n<p>&nbsp;<\/p>\n<h3>Datos acad\u00e9micos de la tesis doctoral \u00ab<strong>Construcci\u00f3n y validaci\u00f3n de una escala de percepci\u00f3n personal de competencias profesionales del prelicenciado en enfermer\u00eda<\/strong>\u00ab<\/h3>\n<ul>\n<li><strong>T\u00edtulo de la tesis:<\/strong>\u00a0 Construcci\u00f3n y validaci\u00f3n de una escala de percepci\u00f3n personal de competencias profesionales del prelicenciado en enfermer\u00eda <\/li>\n<li><strong>Autor:<\/strong>\u00a0  Garcia Do Nascimento Graveto Joao Manuel <\/li>\n<li><strong>Universidad:<\/strong>\u00a0 Extremadura<\/li>\n<li><strong>Fecha de lectura de la tesis:<\/strong>\u00a0 25\/11\/2005<\/li>\n<\/ul>\n<p>&nbsp;<\/p>\n<h3>Direcci\u00f3n y tribunal<\/h3>\n<ul>\n<li><strong>Director de la tesis<\/strong>\n<ul>\n<li>Florencio Vicente Castro<\/li>\n<\/ul>\n<\/li>\n<li><strong>Tribunal<\/strong>\n<ul>\n<li>Presidente del tribunal: girogio Soro <\/li>\n<li>Fernando Lara ortega (vocal)<\/li>\n<li>fulvio Giardina (vocal)<\/li>\n<li>Mar\u00eda isabel Fajardo caldera (vocal)<\/li>\n<\/ul>\n<\/li>\n<\/ul>\n<p>&nbsp;<\/p>\n","protected":false},"excerpt":{"rendered":"<p>Tesis doctoral de Garcia Do Nascimento Graveto Joao Manuel Considerando que el \u00e9xito profesional depende tanto de la utilizaci\u00f3n adecuada [&hellip;]<\/p>\n","protected":false},"author":1,"featured_media":0,"comment_status":"open","ping_status":"open","sticky":false,"template":"","format":"standard","meta":{"site-sidebar-layout":"default","site-content-layout":"","ast-site-content-layout":"","site-content-style":"default","site-sidebar-style":"default","ast-global-header-display":"","ast-banner-title-visibility":"","ast-main-header-display":"","ast-hfb-above-header-display":"","ast-hfb-below-header-display":"","ast-hfb-mobile-header-display":"","site-post-title":"","ast-breadcrumbs-content":"","ast-featured-img":"","footer-sml-layout":"","theme-transparent-header-meta":"","adv-header-id-meta":"","stick-header-meta":"","header-above-stick-meta":"","header-main-stick-meta":"","header-below-stick-meta":"","astra-migrate-meta-layouts":"default","ast-page-background-enabled":"default","ast-page-background-meta":{"desktop":{"background-color":"var(--ast-global-color-4)","background-image":"","background-repeat":"repeat","background-position":"center center","background-size":"auto","background-attachment":"scroll","background-type":"","background-media":"","overlay-type":"","overlay-color":"","overlay-gradient":""},"tablet":{"background-color":"","background-image":"","background-repeat":"repeat","background-position":"center center","background-size":"auto","background-attachment":"scroll","background-type":"","background-media":"","overlay-type":"","overlay-color":"","overlay-gradient":""},"mobile":{"background-color":"","background-image":"","background-repeat":"repeat","background-position":"center center","background-size":"auto","background-attachment":"scroll","background-type":"","background-media":"","overlay-type":"","overlay-color":"","overlay-gradient":""}},"ast-content-background-meta":{"desktop":{"background-color":"var(--ast-global-color-5)","background-image":"","background-repeat":"repeat","background-position":"center center","background-size":"auto","background-attachment":"scroll","background-type":"","background-media":"","overlay-type":"","overlay-color":"","overlay-gradient":""},"tablet":{"background-color":"var(--ast-global-color-5)","background-image":"","background-repeat":"repeat","background-position":"center center","background-size":"auto","background-attachment":"scroll","background-type":"","background-media":"","overlay-type":"","overlay-color":"","overlay-gradient":""},"mobile":{"background-color":"var(--ast-global-color-5)","background-image":"","background-repeat":"repeat","background-position":"center center","background-size":"auto","background-attachment":"scroll","background-type":"","background-media":"","overlay-type":"","overlay-color":"","overlay-gradient":""}},"footnotes":""},"categories":[949,40321],"tags":[7145,7144,142498,166612,166613,56535],"class_list":["post-77352","post","type-post","status-publish","format-standard","hentry","category-extremadura","category-niveles-de-actividad","tag-fernando-lara-ortega","tag-florencio-vicente-castro","tag-fulvio-giardina","tag-garcia-do-nascimento-graveto-joao-manuel","tag-girogio-soro","tag-maria-isabel-fajardo-caldera"],"_links":{"self":[{"href":"https:\/\/www.deberes.net\/tesis\/wp-json\/wp\/v2\/posts\/77352","targetHints":{"allow":["GET"]}}],"collection":[{"href":"https:\/\/www.deberes.net\/tesis\/wp-json\/wp\/v2\/posts"}],"about":[{"href":"https:\/\/www.deberes.net\/tesis\/wp-json\/wp\/v2\/types\/post"}],"author":[{"embeddable":true,"href":"https:\/\/www.deberes.net\/tesis\/wp-json\/wp\/v2\/users\/1"}],"replies":[{"embeddable":true,"href":"https:\/\/www.deberes.net\/tesis\/wp-json\/wp\/v2\/comments?post=77352"}],"version-history":[{"count":0,"href":"https:\/\/www.deberes.net\/tesis\/wp-json\/wp\/v2\/posts\/77352\/revisions"}],"wp:attachment":[{"href":"https:\/\/www.deberes.net\/tesis\/wp-json\/wp\/v2\/media?parent=77352"}],"wp:term":[{"taxonomy":"category","embeddable":true,"href":"https:\/\/www.deberes.net\/tesis\/wp-json\/wp\/v2\/categories?post=77352"},{"taxonomy":"post_tag","embeddable":true,"href":"https:\/\/www.deberes.net\/tesis\/wp-json\/wp\/v2\/tags?post=77352"}],"curies":[{"name":"wp","href":"https:\/\/api.w.org\/{rel}","templated":true}]}}