{"id":77366,"date":"2018-03-09T23:22:53","date_gmt":"2018-03-09T23:22:53","guid":{"rendered":"https:\/\/www.deberes.net\/tesis\/sin-categoria\/identidad-personal-y-marginacion-en-contextos-socioculturales-un-estudio-de-la-mentalidad-de-los-deambulantes-en-puerto-rico\/"},"modified":"2018-03-09T23:22:53","modified_gmt":"2018-03-09T23:22:53","slug":"identidad-personal-y-marginacion-en-contextos-socioculturales-un-estudio-de-la-mentalidad-de-los-deambulantes-en-puerto-rico","status":"publish","type":"post","link":"https:\/\/www.deberes.net\/tesis\/sin-categoria\/identidad-personal-y-marginacion-en-contextos-socioculturales-un-estudio-de-la-mentalidad-de-los-deambulantes-en-puerto-rico\/","title":{"rendered":"Identidad personal y marginaci\u00f3n en contextos socioculturales un estudio de la mentalidad de los deambulantes en puerto rico"},"content":{"rendered":"<h2>Tesis doctoral de <strong>  Goicoechea Fuentes Felsie E. <\/strong><\/h2>\n<p>En el trabajo se abordan los diversos conceptos relacionados a la identidad humana apara adscribir nuestro modo de interpretarla a lo que en la filosof\u00eda contempor\u00e1nea se entiende como \u00abidentidad narrativa\u00bb. Bajo este concepto se conjugan y concilian la dimensi\u00f3n singular e intransferible de la subjetividad con dimensiones hist\u00f3rico\/pr\u00e1cticas en las que transcurre la vida de cada ser humano, situ\u00e1ndonos, por tanto, fuera de la discusi\u00f3n entre fenomenismo y substancialismo, siguiendo la forma en que se aborda el problema de la identidad en la obra de paul ricoeur. Para \u00e9l, la persona es una realidad viva, ligada a su propio desarrollo, centro de auto creaci\u00f3n, que sin dejar de ser la misma (ipse) a lo largo de la vida, no puede ser concebida como si ella fuese lo mismo (idem), ya que nada es m\u00e1s evidente que el cambio y la mutaci\u00f3n. Trat\u00e1ndose dela persona, pues, es m\u00e1s adecuado hablar de ipse\u00eddad que de identidad.     en la ipseidad humana juegan un papel determinante las condiciones y situaciones sociales, las formas de vida, las modalidades dela educaci\u00f3n, la religi\u00f3n, comunicaci\u00f3n y dem\u00e1s factores que intervienen en la relaci\u00f3n del hombre con su propio mundo. A lo que se dedica gran parte de la tesis. Desde estos supuestos su analizan y valoran los factores que quedan intervinieren en el an\u00e1lisis comprensivo de la poblaci\u00f3n demabulante, especialmente en puerto rico. Se han utilizado teor\u00edas que permiten reforzar los criterios para conocer y entender las opciones y formas de vida de tales personas, tanto en su personalidad afectiva como en sus formas de vida.     como convulsiones se se\u00f1ala: el valor del ambiente familiar, el papel de la educaci\u00f3n, la formaci\u00f3n en la convivencia. Y como primordial conclusi\u00f3n pr\u00e1ctica, se se\u00f1ala que le gobierno y las agencias pertinentes deben enfocarse en las instituciones y pol\u00edticas de reinserci\u00f3n, ofrecer atenci\u00f3n sanitaria a las adicciones problemas fundamentales de la deambulancia como fen\u00f3<\/p>\n<p>&nbsp;<\/p>\n<h3>Datos acad\u00e9micos de la tesis doctoral \u00ab<strong>Identidad personal y marginaci\u00f3n en contextos socioculturales un estudio de la mentalidad de los deambulantes en puerto rico<\/strong>\u00ab<\/h3>\n<ul>\n<li><strong>T\u00edtulo de la tesis:<\/strong>\u00a0 Identidad personal y marginaci\u00f3n en contextos socioculturales un estudio de la mentalidad de los deambulantes en puerto rico <\/li>\n<li><strong>Autor:<\/strong>\u00a0  Goicoechea Fuentes Felsie E. <\/li>\n<li><strong>Universidad:<\/strong>\u00a0 Complutense de Madrid<\/li>\n<li><strong>Fecha de lectura de la tesis:<\/strong>\u00a0 25\/11\/2005<\/li>\n<\/ul>\n<p>&nbsp;<\/p>\n<h3>Direcci\u00f3n y tribunal<\/h3>\n<ul>\n<li><strong>Director de la tesis<\/strong>\n<ul>\n<li>Manuel Maceiras Fafi\u00e1n<\/li>\n<\/ul>\n<\/li>\n<li><strong>Tribunal<\/strong>\n<ul>\n<li>Presidente del tribunal: Luis Mendez Francisco <\/li>\n<li>alicia Villar ezcurra (vocal)<\/li>\n<li> Barreiro barreiro Jos\u00e9 Luis (vocal)<\/li>\n<li>Emilio Garcia garcia (vocal)<\/li>\n<\/ul>\n<\/li>\n<\/ul>\n<p>&nbsp;<\/p>\n","protected":false},"excerpt":{"rendered":"<p>Tesis doctoral de Goicoechea Fuentes Felsie E. En el trabajo se abordan los diversos conceptos relacionados a la identidad humana [&hellip;]<\/p>\n","protected":false},"author":1,"featured_media":0,"comment_status":"open","ping_status":"open","sticky":false,"template":"","format":"standard","meta":{"site-sidebar-layout":"default","site-content-layout":"","ast-site-content-layout":"","site-content-style":"default","site-sidebar-style":"default","ast-global-header-display":"","ast-banner-title-visibility":"","ast-main-header-display":"","ast-hfb-above-header-display":"","ast-hfb-below-header-display":"","ast-hfb-mobile-header-display":"","site-post-title":"","ast-breadcrumbs-content":"","ast-featured-img":"","footer-sml-layout":"","theme-transparent-header-meta":"","adv-header-id-meta":"","stick-header-meta":"","header-above-stick-meta":"","header-main-stick-meta":"","header-below-stick-meta":"","astra-migrate-meta-layouts":"default","ast-page-background-enabled":"default","ast-page-background-meta":{"desktop":{"background-color":"var(--ast-global-color-4)","background-image":"","background-repeat":"repeat","background-position":"center center","background-size":"auto","background-attachment":"scroll","background-type":"","background-media":"","overlay-type":"","overlay-color":"","overlay-gradient":""},"tablet":{"background-color":"","background-image":"","background-repeat":"repeat","background-position":"center center","background-size":"auto","background-attachment":"scroll","background-type":"","background-media":"","overlay-type":"","overlay-color":"","overlay-gradient":""},"mobile":{"background-color":"","background-image":"","background-repeat":"repeat","background-position":"center center","background-size":"auto","background-attachment":"scroll","background-type":"","background-media":"","overlay-type":"","overlay-color":"","overlay-gradient":""}},"ast-content-background-meta":{"desktop":{"background-color":"var(--ast-global-color-5)","background-image":"","background-repeat":"repeat","background-position":"center center","background-size":"auto","background-attachment":"scroll","background-type":"","background-media":"","overlay-type":"","overlay-color":"","overlay-gradient":""},"tablet":{"background-color":"var(--ast-global-color-5)","background-image":"","background-repeat":"repeat","background-position":"center center","background-size":"auto","background-attachment":"scroll","background-type":"","background-media":"","overlay-type":"","overlay-color":"","overlay-gradient":""},"mobile":{"background-color":"var(--ast-global-color-5)","background-image":"","background-repeat":"repeat","background-position":"center center","background-size":"auto","background-attachment":"scroll","background-type":"","background-media":"","overlay-type":"","overlay-color":"","overlay-gradient":""}},"footnotes":""},"categories":[1],"tags":[44182,34965,5137,166638,53660,5345],"class_list":["post-77366","post","type-post","status-publish","format-standard","hentry","category-sin-categoria","tag-alicia-villar-ezcurra","tag-barreiro-barreiro-jose-luis","tag-emilio-garcia-garcia","tag-goicoechea-fuentes-felsie-e","tag-luis-mendez-francisco","tag-manuel-maceiras-fafian"],"_links":{"self":[{"href":"https:\/\/www.deberes.net\/tesis\/wp-json\/wp\/v2\/posts\/77366","targetHints":{"allow":["GET"]}}],"collection":[{"href":"https:\/\/www.deberes.net\/tesis\/wp-json\/wp\/v2\/posts"}],"about":[{"href":"https:\/\/www.deberes.net\/tesis\/wp-json\/wp\/v2\/types\/post"}],"author":[{"embeddable":true,"href":"https:\/\/www.deberes.net\/tesis\/wp-json\/wp\/v2\/users\/1"}],"replies":[{"embeddable":true,"href":"https:\/\/www.deberes.net\/tesis\/wp-json\/wp\/v2\/comments?post=77366"}],"version-history":[{"count":0,"href":"https:\/\/www.deberes.net\/tesis\/wp-json\/wp\/v2\/posts\/77366\/revisions"}],"wp:attachment":[{"href":"https:\/\/www.deberes.net\/tesis\/wp-json\/wp\/v2\/media?parent=77366"}],"wp:term":[{"taxonomy":"category","embeddable":true,"href":"https:\/\/www.deberes.net\/tesis\/wp-json\/wp\/v2\/categories?post=77366"},{"taxonomy":"post_tag","embeddable":true,"href":"https:\/\/www.deberes.net\/tesis\/wp-json\/wp\/v2\/tags?post=77366"}],"curies":[{"name":"wp","href":"https:\/\/api.w.org\/{rel}","templated":true}]}}