{"id":77386,"date":"2018-03-09T23:22:53","date_gmt":"2018-03-09T23:22:53","guid":{"rendered":"https:\/\/www.deberes.net\/tesis\/sin-categoria\/la-prohibicion-de-la-utilizacion-indebid-de-informacion-privilegiada-en-el-mercado-de-valores\/"},"modified":"2018-03-09T23:22:53","modified_gmt":"2018-03-09T23:22:53","slug":"la-prohibicion-de-la-utilizacion-indebid-de-informacion-privilegiada-en-el-mercado-de-valores","status":"publish","type":"post","link":"https:\/\/www.deberes.net\/tesis\/derecho-administrativo\/la-prohibicion-de-la-utilizacion-indebid-de-informacion-privilegiada-en-el-mercado-de-valores\/","title":{"rendered":"La prohibici\u00f3n de la utilizaci\u00f3n indebid de informaci\u00f3n privilegiada en el mercado de valores."},"content":{"rendered":"<h2>Tesis doctoral de <strong> Esther Hernandez Sainz <\/strong><\/h2>\n<p>La tesis analiza de forma minuciosa la prohibici\u00f3n del uso indebido de informaci\u00f3n privilegiada contenida en el art. 81 de la ley del mercado de valores. Se ofrece una nueva fundamentaci\u00f3n de la prohibici\u00f3n, estimando que el bien jur\u00eddico protegido por la misma es la integridad de los mercados de valores, entendida como aquella cualidad que hace que los mercados sean justos porque los intervinientes en su tr\u00e1fico se comportan de forma correcta.  Se estudia en profundidad cada uno de los elementos que componen la prohibici\u00f3n; concepto de informaci\u00f3n privilegiada, destinatarios de la prohibici\u00f3n, conductas prohibidas (negociaci\u00f3n, comunicaci\u00f3n y recomendaci\u00f3n de operaciones base en informaci\u00f3n privilegiada), detecci\u00f3n, investigacion y sanci\u00f3n de los abusos de informaci\u00f3n privilegiada y el uso indebido de informaci\u00f3n privilegiada cuando concurren elementos de extranjer\u00eda<\/p>\n<p>&nbsp;<\/p>\n<h3>Datos acad\u00e9micos de la tesis doctoral \u00ab<strong>La prohibici\u00f3n de la utilizaci\u00f3n indebid de informaci\u00f3n privilegiada en el mercado de valores.<\/strong>\u00ab<\/h3>\n<ul>\n<li><strong>T\u00edtulo de la tesis:<\/strong>\u00a0 La prohibici\u00f3n de la utilizaci\u00f3n indebid de informaci\u00f3n privilegiada en el mercado de valores. <\/li>\n<li><strong>Autor:<\/strong>\u00a0 Esther Hernandez Sainz <\/li>\n<li><strong>Universidad:<\/strong>\u00a0 Zaragoza<\/li>\n<li><strong>Fecha de lectura de la tesis:<\/strong>\u00a0 25\/11\/2005<\/li>\n<\/ul>\n<p>&nbsp;<\/p>\n<h3>Direcci\u00f3n y tribunal<\/h3>\n<ul>\n<li><strong>Director de la tesis<\/strong>\n<ul>\n<li>Rita Largo Gil<\/li>\n<\/ul>\n<\/li>\n<li><strong>Tribunal<\/strong>\n<ul>\n<li>Presidente del tribunal: an\u00edbal S\u00e1nchez andr\u00e9s <\/li>\n<li>Alberto Alonso ureba (vocal)<\/li>\n<li>ignacio Quintana carlo (vocal)<\/li>\n<li>Juan Sanchez-calero guilarte (vocal)<\/li>\n<\/ul>\n<\/li>\n<\/ul>\n<p>&nbsp;<\/p>\n","protected":false},"excerpt":{"rendered":"<p>Tesis doctoral de Esther Hernandez Sainz La tesis analiza de forma minuciosa la prohibici\u00f3n del uso indebido de informaci\u00f3n privilegiada [&hellip;]<\/p>\n","protected":false},"author":1,"featured_media":0,"comment_status":"open","ping_status":"open","sticky":false,"template":"","format":"standard","meta":{"site-sidebar-layout":"default","site-content-layout":"","ast-site-content-layout":"","site-content-style":"default","site-sidebar-style":"default","ast-global-header-display":"","ast-banner-title-visibility":"","ast-main-header-display":"","ast-hfb-above-header-display":"","ast-hfb-below-header-display":"","ast-hfb-mobile-header-display":"","site-post-title":"","ast-breadcrumbs-content":"","ast-featured-img":"","footer-sml-layout":"","theme-transparent-header-meta":"","adv-header-id-meta":"","stick-header-meta":"","header-above-stick-meta":"","header-main-stick-meta":"","header-below-stick-meta":"","astra-migrate-meta-layouts":"default","ast-page-background-enabled":"default","ast-page-background-meta":{"desktop":{"background-color":"var(--ast-global-color-4)","background-image":"","background-repeat":"repeat","background-position":"center center","background-size":"auto","background-attachment":"scroll","background-type":"","background-media":"","overlay-type":"","overlay-color":"","overlay-gradient":""},"tablet":{"background-color":"","background-image":"","background-repeat":"repeat","background-position":"center center","background-size":"auto","background-attachment":"scroll","background-type":"","background-media":"","overlay-type":"","overlay-color":"","overlay-gradient":""},"mobile":{"background-color":"","background-image":"","background-repeat":"repeat","background-position":"center center","background-size":"auto","background-attachment":"scroll","background-type":"","background-media":"","overlay-type":"","overlay-color":"","overlay-gradient":""}},"ast-content-background-meta":{"desktop":{"background-color":"var(--ast-global-color-5)","background-image":"","background-repeat":"repeat","background-position":"center center","background-size":"auto","background-attachment":"scroll","background-type":"","background-media":"","overlay-type":"","overlay-color":"","overlay-gradient":""},"tablet":{"background-color":"var(--ast-global-color-5)","background-image":"","background-repeat":"repeat","background-position":"center center","background-size":"auto","background-attachment":"scroll","background-type":"","background-media":"","overlay-type":"","overlay-color":"","overlay-gradient":""},"mobile":{"background-color":"var(--ast-global-color-5)","background-image":"","background-repeat":"repeat","background-position":"center center","background-size":"auto","background-attachment":"scroll","background-type":"","background-media":"","overlay-type":"","overlay-color":"","overlay-gradient":""}},"footnotes":""},"categories":[1442,2826,13610],"tags":[32465,15154,166676,11969,40305,166677],"class_list":["post-77386","post","type-post","status-publish","format-standard","hentry","category-derecho-administrativo","category-derecho-mercantil","category-zaragoza","tag-alberto-alonso-ureba","tag-anibal-sanchez-andres","tag-esther-hernandez-sainz","tag-ignacio-quintana-carlo","tag-juan-sanchez-calero-guilarte","tag-rita-largo-gil"],"_links":{"self":[{"href":"https:\/\/www.deberes.net\/tesis\/wp-json\/wp\/v2\/posts\/77386","targetHints":{"allow":["GET"]}}],"collection":[{"href":"https:\/\/www.deberes.net\/tesis\/wp-json\/wp\/v2\/posts"}],"about":[{"href":"https:\/\/www.deberes.net\/tesis\/wp-json\/wp\/v2\/types\/post"}],"author":[{"embeddable":true,"href":"https:\/\/www.deberes.net\/tesis\/wp-json\/wp\/v2\/users\/1"}],"replies":[{"embeddable":true,"href":"https:\/\/www.deberes.net\/tesis\/wp-json\/wp\/v2\/comments?post=77386"}],"version-history":[{"count":0,"href":"https:\/\/www.deberes.net\/tesis\/wp-json\/wp\/v2\/posts\/77386\/revisions"}],"wp:attachment":[{"href":"https:\/\/www.deberes.net\/tesis\/wp-json\/wp\/v2\/media?parent=77386"}],"wp:term":[{"taxonomy":"category","embeddable":true,"href":"https:\/\/www.deberes.net\/tesis\/wp-json\/wp\/v2\/categories?post=77386"},{"taxonomy":"post_tag","embeddable":true,"href":"https:\/\/www.deberes.net\/tesis\/wp-json\/wp\/v2\/tags?post=77386"}],"curies":[{"name":"wp","href":"https:\/\/api.w.org\/{rel}","templated":true}]}}