{"id":7739,"date":"1995-01-01T00:00:00","date_gmt":"1995-01-01T00:00:00","guid":{"rendered":"https:\/\/www.deberes.net\/tesis\/1995\/01\/01\/aproximacio-a-la-sintaxi-dels-pronoms-clitics-catalans\/"},"modified":"1995-01-01T00:00:00","modified_gmt":"1995-01-01T00:00:00","slug":"aproximacio-a-la-sintaxi-dels-pronoms-clitics-catalans","status":"publish","type":"post","link":"https:\/\/www.deberes.net\/tesis\/linguistica\/aproximacio-a-la-sintaxi-dels-pronoms-clitics-catalans\/","title":{"rendered":"Aproximacio a la sintaxi dels pronoms clitics catalans."},"content":{"rendered":"<h2>Tesis doctoral de <strong>  Todoli Cervera M. Julia <\/strong><\/h2>\n<p>La tesis es una introduccion a los pronombres personales en general y a los pronombres cliticos en particular. A partir del comportamiento sintactico, morfologico y fonologico de los cliticos catalanes se debate su estatus argumental o flexivo. El primer capitulo es una introduccion a los pronombres personales y a la distribucion pronombre tonico\/pronombre vacio en las lenguas de sujeto nulo. En el capitulo segundo se analizan las relaciones de correferencia entre los pronombres y sus posibles antecedentes. El capitulo tercero es una descripcion del comportamiento de los cliticos en catalan y se discute su estatus categorial, entre las palabras independientes y los morfemas flexivos. En el capitulo cuarto se describe el proceso de gramaticalizacion de los pronombres romanicos desde un punto de vista cognitivo. El capitulo quinto esta dedicado al pleonasmo pronominal (sincronia y diacronia).  en el ultimo capitulo se describen los diferentes enfoques generativistas sobre la cliticizacion.  finalmente se realizan diferentes propuestas y se adopta un enfoque eclectico de los pronombres cliticos catalanes (hipotesis argumental e hipotesis flexiva).<\/p>\n<p>&nbsp;<\/p>\n<h3>Datos acad\u00e9micos de la tesis doctoral \u00ab<strong>Aproximacio a la sintaxi dels pronoms clitics catalans.<\/strong>\u00ab<\/h3>\n<ul>\n<li><strong>T\u00edtulo de la tesis:<\/strong>\u00a0 Aproximacio a la sintaxi dels pronoms clitics catalans. <\/li>\n<li><strong>Autor:<\/strong>\u00a0  Todoli Cervera M. Julia <\/li>\n<li><strong>Universidad:<\/strong>\u00a0 Universitat de val\u00e9ncia (estudi general)<\/li>\n<li><strong>Fecha de lectura de la tesis:<\/strong>\u00a0 01\/01\/1995<\/li>\n<\/ul>\n<p>&nbsp;<\/p>\n<h3>Direcci\u00f3n y tribunal<\/h3>\n<ul>\n<li><strong>Director de la tesis<\/strong>\n<ul>\n<li>Manuel Perez Saldanya<\/li>\n<\/ul>\n<\/li>\n<li><strong>Tribunal<\/strong>\n<ul>\n<li>Presidente del tribunal: \u00e1ngel L\u00f3pez Garc\u00eda <\/li>\n<li> Cuenca Ordinyana Mar\u00eda  Josep (vocal)<\/li>\n<li>Joan Sol\u00e1 Cortasa (vocal)<\/li>\n<li>Gemma Rigau Oliver (vocal)<\/li>\n<\/ul>\n<\/li>\n<\/ul>\n<p>&nbsp;<\/p>\n","protected":false},"excerpt":{"rendered":"<p>Tesis doctoral de Todoli Cervera M. Julia La tesis es una introduccion a los pronombres personales en general y a [&hellip;]<\/p>\n","protected":false},"author":1,"featured_media":0,"comment_status":"open","ping_status":"open","sticky":false,"template":"","format":"standard","meta":{"site-sidebar-layout":"default","site-content-layout":"","ast-site-content-layout":"","site-content-style":"default","site-sidebar-style":"default","ast-global-header-display":"","ast-banner-title-visibility":"","ast-main-header-display":"","ast-hfb-above-header-display":"","ast-hfb-below-header-display":"","ast-hfb-mobile-header-display":"","site-post-title":"","ast-breadcrumbs-content":"","ast-featured-img":"","footer-sml-layout":"","theme-transparent-header-meta":"","adv-header-id-meta":"","stick-header-meta":"","header-above-stick-meta":"","header-main-stick-meta":"","header-below-stick-meta":"","astra-migrate-meta-layouts":"default","ast-page-background-enabled":"default","ast-page-background-meta":{"desktop":{"background-color":"var(--ast-global-color-4)","background-image":"","background-repeat":"repeat","background-position":"center center","background-size":"auto","background-attachment":"scroll","background-type":"","background-media":"","overlay-type":"","overlay-color":"","overlay-gradient":""},"tablet":{"background-color":"","background-image":"","background-repeat":"repeat","background-position":"center center","background-size":"auto","background-attachment":"scroll","background-type":"","background-media":"","overlay-type":"","overlay-color":"","overlay-gradient":""},"mobile":{"background-color":"","background-image":"","background-repeat":"repeat","background-position":"center center","background-size":"auto","background-attachment":"scroll","background-type":"","background-media":"","overlay-type":"","overlay-color":"","overlay-gradient":""}},"ast-content-background-meta":{"desktop":{"background-color":"var(--ast-global-color-5)","background-image":"","background-repeat":"repeat","background-position":"center center","background-size":"auto","background-attachment":"scroll","background-type":"","background-media":"","overlay-type":"","overlay-color":"","overlay-gradient":""},"tablet":{"background-color":"var(--ast-global-color-5)","background-image":"","background-repeat":"repeat","background-position":"center center","background-size":"auto","background-attachment":"scroll","background-type":"","background-media":"","overlay-type":"","overlay-color":"","overlay-gradient":""},"mobile":{"background-color":"var(--ast-global-color-5)","background-image":"","background-repeat":"repeat","background-position":"center center","background-size":"auto","background-attachment":"scroll","background-type":"","background-media":"","overlay-type":"","overlay-color":"","overlay-gradient":""}},"footnotes":""},"categories":[59,62,409],"tags":[1515,27605,27607,27606,27604,27603],"class_list":["post-7739","post","type-post","status-publish","format-standard","hentry","category-linguistica","category-linguistica-sincronica","category-sintaxis-y-analisis-sintactico","tag-angel-lopez-garcia","tag-cuenca-ordinyana-maria-josep","tag-gemma-rigau-oliver","tag-joan-sola-cortasa","tag-manuel-perez-saldanya","tag-todoli-cervera-m-julia"],"_links":{"self":[{"href":"https:\/\/www.deberes.net\/tesis\/wp-json\/wp\/v2\/posts\/7739","targetHints":{"allow":["GET"]}}],"collection":[{"href":"https:\/\/www.deberes.net\/tesis\/wp-json\/wp\/v2\/posts"}],"about":[{"href":"https:\/\/www.deberes.net\/tesis\/wp-json\/wp\/v2\/types\/post"}],"author":[{"embeddable":true,"href":"https:\/\/www.deberes.net\/tesis\/wp-json\/wp\/v2\/users\/1"}],"replies":[{"embeddable":true,"href":"https:\/\/www.deberes.net\/tesis\/wp-json\/wp\/v2\/comments?post=7739"}],"version-history":[{"count":0,"href":"https:\/\/www.deberes.net\/tesis\/wp-json\/wp\/v2\/posts\/7739\/revisions"}],"wp:attachment":[{"href":"https:\/\/www.deberes.net\/tesis\/wp-json\/wp\/v2\/media?parent=7739"}],"wp:term":[{"taxonomy":"category","embeddable":true,"href":"https:\/\/www.deberes.net\/tesis\/wp-json\/wp\/v2\/categories?post=7739"},{"taxonomy":"post_tag","embeddable":true,"href":"https:\/\/www.deberes.net\/tesis\/wp-json\/wp\/v2\/tags?post=7739"}],"curies":[{"name":"wp","href":"https:\/\/api.w.org\/{rel}","templated":true}]}}