{"id":77394,"date":"2018-03-09T23:22:53","date_gmt":"2018-03-09T23:22:53","guid":{"rendered":"https:\/\/www.deberes.net\/tesis\/sin-categoria\/inventario-de-emisiones-atmosfericas-en-la-comunidad-valenciana-para-el-uso-en-modelizacion-fotoquimica-y-de-material-particulado\/"},"modified":"2018-03-09T23:22:53","modified_gmt":"2018-03-09T23:22:53","slug":"inventario-de-emisiones-atmosfericas-en-la-comunidad-valenciana-para-el-uso-en-modelizacion-fotoquimica-y-de-material-particulado","status":"publish","type":"post","link":"https:\/\/www.deberes.net\/tesis\/ciencias-de-la-tierra-y-del-espacio\/inventario-de-emisiones-atmosfericas-en-la-comunidad-valenciana-para-el-uso-en-modelizacion-fotoquimica-y-de-material-particulado\/","title":{"rendered":"Inventario de emisiones atmosfericas en la comunidad  Valenciana  para el uso en modelizacion fotoquimica y de material particulado"},"content":{"rendered":"<h2>Tesis doctoral de <strong> Gustavo Eliecer Arevalo Roa <\/strong><\/h2>\n<p>El estudio de la problem\u00e1tica de contaminaci\u00f3n atmosf\u00e9rica en la comunidad Valenciana est\u00e1 sujeto a complejas interacciones entre las condiciones meteorol\u00f3gicas, la variaci\u00f3n temporal y espacial de las emisiones y la compleja topograf\u00eda. En este sentido, la utilizaci\u00f3n de modelos de transporte qu\u00edmico, es una herramienta muy \u00fatil para conocer su din\u00e1mica, lo cual a su vez requiere de modelos de inventarios de emisiones para su implementaci\u00f3n.  el inventario de emisiones de la comunidad Valenciana para el a\u00f1o 2000 (emival2000), es un modelo de inventario de emisiones implementado en un sig y preparado para ser utilizado en modelizaci\u00f3n fotoqu\u00edmica. Emival2000 permite la estimaci\u00f3n de las emisiones de los principales contaminantes primarios: nox, so2, co, covnms, material particulado, as\u00ed como de los principales gases de efecto invernadero: co2, n2o, ch4, con una resoluci\u00f3n espacial de 1 km2 y temporal de 1 hora, para las fuentes de emisi\u00f3n biog\u00e9nicas, tr\u00e1fico rodado, industria y generaci\u00f3n el\u00e9ctrica, y para los sectores dom\u00e9stico, comercial y gesti\u00f3n de rsu.  para la estimaci\u00f3n de las emisiones de las fuentes de emisi\u00f3n biog\u00e9nicas y de tr\u00e1fico vehicular, se ha utilizado el programa inform\u00e1tico implementado en el laboratorio de modelizaci\u00f3n ambiental de la upc (parra, 2004), el cual ha sido alimentado con la informaci\u00f3n base propia de la comunidad Valenciana, seg\u00fan la metodolog\u00eda propuesta por guenther et al. (1993) para la estimaci\u00f3n de las emisiones biog\u00e9nicas y la metodolog\u00edas emep\/corinair para la estimaci\u00f3n de las emisiones de tr\u00e1fico vehicular.  para la estimaci\u00f3n de las emisiones de los sectores industriales y de generaci\u00f3n el\u00e9ctrica y sector dom\u00e9stico y comercial se han utilizado principalmente las metodolog\u00edas emep\/corinair y chief de la usepa.  para la estimaci\u00f3n de las emisiones biog\u00e9nicas de covbs se han tenido en cuenta las emisiones de isopreno, monoterpenos y ocovbs. La informac<\/p>\n<p>&nbsp;<\/p>\n<h3>Datos acad\u00e9micos de la tesis doctoral \u00ab<strong>Inventario de emisiones atmosfericas en la comunidad  Valenciana  para el uso en modelizacion fotoquimica y de material particulado<\/strong>\u00ab<\/h3>\n<ul>\n<li><strong>T\u00edtulo de la tesis:<\/strong>\u00a0 Inventario de emisiones atmosfericas en la comunidad  Valenciana  para el uso en modelizacion fotoquimica y de material particulado <\/li>\n<li><strong>Autor:<\/strong>\u00a0 Gustavo Eliecer Arevalo Roa <\/li>\n<li><strong>Universidad:<\/strong>\u00a0 Polit\u00e9cnica de catalunya<\/li>\n<li><strong>Fecha de lectura de la tesis:<\/strong>\u00a0 25\/11\/2005<\/li>\n<\/ul>\n<p>&nbsp;<\/p>\n<h3>Direcci\u00f3n y tribunal<\/h3>\n<ul>\n<li><strong>Director de la tesis<\/strong>\n<ul>\n<li>Jos\u00e9 Mar\u00eda Baldasano Recio<\/li>\n<\/ul>\n<\/li>\n<li><strong>Tribunal<\/strong>\n<ul>\n<li>Presidente del tribunal: Carlos Borrego <\/li>\n<li>Fernando Mart\u00edn llorente (vocal)<\/li>\n<li>pedro Jimenez (vocal)<\/li>\n<li>leonor Tarrason (vocal)<\/li>\n<\/ul>\n<\/li>\n<\/ul>\n<p>&nbsp;<\/p>\n","protected":false},"excerpt":{"rendered":"<p>Tesis doctoral de Gustavo Eliecer Arevalo Roa El estudio de la problem\u00e1tica de contaminaci\u00f3n atmosf\u00e9rica en la comunidad Valenciana est\u00e1 [&hellip;]<\/p>\n","protected":false},"author":1,"featured_media":0,"comment_status":"open","ping_status":"open","sticky":false,"template":"","format":"standard","meta":{"site-sidebar-layout":"default","site-content-layout":"","ast-site-content-layout":"","site-content-style":"default","site-sidebar-style":"default","ast-global-header-display":"","ast-banner-title-visibility":"","ast-main-header-display":"","ast-hfb-above-header-display":"","ast-hfb-below-header-display":"","ast-hfb-mobile-header-display":"","site-post-title":"","ast-breadcrumbs-content":"","ast-featured-img":"","footer-sml-layout":"","theme-transparent-header-meta":"","adv-header-id-meta":"","stick-header-meta":"","header-above-stick-meta":"","header-main-stick-meta":"","header-below-stick-meta":"","astra-migrate-meta-layouts":"default","ast-page-background-enabled":"default","ast-page-background-meta":{"desktop":{"background-color":"var(--ast-global-color-4)","background-image":"","background-repeat":"repeat","background-position":"center center","background-size":"auto","background-attachment":"scroll","background-type":"","background-media":"","overlay-type":"","overlay-color":"","overlay-gradient":""},"tablet":{"background-color":"","background-image":"","background-repeat":"repeat","background-position":"center center","background-size":"auto","background-attachment":"scroll","background-type":"","background-media":"","overlay-type":"","overlay-color":"","overlay-gradient":""},"mobile":{"background-color":"","background-image":"","background-repeat":"repeat","background-position":"center center","background-size":"auto","background-attachment":"scroll","background-type":"","background-media":"","overlay-type":"","overlay-color":"","overlay-gradient":""}},"ast-content-background-meta":{"desktop":{"background-color":"var(--ast-global-color-5)","background-image":"","background-repeat":"repeat","background-position":"center center","background-size":"auto","background-attachment":"scroll","background-type":"","background-media":"","overlay-type":"","overlay-color":"","overlay-gradient":""},"tablet":{"background-color":"var(--ast-global-color-5)","background-image":"","background-repeat":"repeat","background-position":"center center","background-size":"auto","background-attachment":"scroll","background-type":"","background-media":"","overlay-type":"","overlay-color":"","overlay-gradient":""},"mobile":{"background-color":"var(--ast-global-color-5)","background-image":"","background-repeat":"repeat","background-position":"center center","background-size":"auto","background-attachment":"scroll","background-type":"","background-media":"","overlay-type":"","overlay-color":"","overlay-gradient":""}},"footnotes":""},"categories":[950,27,332,4520,11675,12888,1333,429,5877,15596],"tags":[97120,7205,166697,13193,166699,166698],"class_list":["post-77394","post","type-post","status-publish","format-standard","hentry","category-ciencias-de-la-atmosfera","category-ciencias-de-la-tierra-y-del-espacio","category-ciencias-tecnologicas","category-contaminacion-atmosferica","category-control-de-la-contaminacion-atmosferica","category-ingenieria-de-la-contaminacion","category-ingenieria-y-tecnologia-del-medio-ambiente","category-meteorologia","category-modelos-numericos-de-la-atmosfera","category-politecnica-de-catalunya","tag-carlos-borrego","tag-fernando-martin-llorente","tag-gustavo-eliecer-arevalo-roa","tag-jose-maria-baldasano-recio","tag-leonor-tarrason","tag-pedro-jimenez"],"_links":{"self":[{"href":"https:\/\/www.deberes.net\/tesis\/wp-json\/wp\/v2\/posts\/77394","targetHints":{"allow":["GET"]}}],"collection":[{"href":"https:\/\/www.deberes.net\/tesis\/wp-json\/wp\/v2\/posts"}],"about":[{"href":"https:\/\/www.deberes.net\/tesis\/wp-json\/wp\/v2\/types\/post"}],"author":[{"embeddable":true,"href":"https:\/\/www.deberes.net\/tesis\/wp-json\/wp\/v2\/users\/1"}],"replies":[{"embeddable":true,"href":"https:\/\/www.deberes.net\/tesis\/wp-json\/wp\/v2\/comments?post=77394"}],"version-history":[{"count":0,"href":"https:\/\/www.deberes.net\/tesis\/wp-json\/wp\/v2\/posts\/77394\/revisions"}],"wp:attachment":[{"href":"https:\/\/www.deberes.net\/tesis\/wp-json\/wp\/v2\/media?parent=77394"}],"wp:term":[{"taxonomy":"category","embeddable":true,"href":"https:\/\/www.deberes.net\/tesis\/wp-json\/wp\/v2\/categories?post=77394"},{"taxonomy":"post_tag","embeddable":true,"href":"https:\/\/www.deberes.net\/tesis\/wp-json\/wp\/v2\/tags?post=77394"}],"curies":[{"name":"wp","href":"https:\/\/api.w.org\/{rel}","templated":true}]}}