{"id":77454,"date":"2018-03-09T23:22:57","date_gmt":"2018-03-09T23:22:57","guid":{"rendered":"https:\/\/www.deberes.net\/tesis\/sin-categoria\/estilo-directivo-y-comunicacion-interna-analisis-aplicado-al-sector-de-las-agencias-de-publicidad-en-espana\/"},"modified":"2018-03-09T23:22:57","modified_gmt":"2018-03-09T23:22:57","slug":"estilo-directivo-y-comunicacion-interna-analisis-aplicado-al-sector-de-las-agencias-de-publicidad-en-espana","status":"publish","type":"post","link":"https:\/\/www.deberes.net\/tesis\/organizacion-y-gestion-de-empresas\/estilo-directivo-y-comunicacion-interna-analisis-aplicado-al-sector-de-las-agencias-de-publicidad-en-espana\/","title":{"rendered":"Estilo directivo y comunicaci\u00f3n interna. an\u00e1lisis aplicado al sector de las agencias de publicidad en espa\u00f1a"},"content":{"rendered":"<h2>Tesis doctoral de <strong> Angela Sofia Preciado Hoyos <\/strong><\/h2>\n<p>Titulo: estilo directivo y comunicaci\u00f3n interna. An\u00e1lisis aplicado al sector de las agencias de publicidad en espa\u00f1a.  resumen: esta investigaci\u00f3n toma como premisa de partida que la manera como se dirige una organizaci\u00f3n entra\u00f1a una forma espec\u00edfica de comunicaci\u00f3n, por lo que al identificar el tipo de direcci\u00f3n que se ejerce, pueden preverse los comportamientos de comunicaci\u00f3n de un directivo. Para tal efecto se formula un modelo de relaciones entre estilo directivo y comunicaci\u00f3n interna. A partir del an\u00e1lisis te\u00f3rico se identifican cinco estilos directivos esenciales: el laissez-faire, el orientado a la tarea, el orientado a las relaciones, el liderazgo y el liderazgo carism\u00e1tico. Para probar las relaciones propuestas en el modelo se hace un an\u00e1lisis aplicado en el sector de las agencias de publicidad espa\u00f1olas. La muestra est\u00e1 compuesta por diez y ocho directivos, los cuales constituyen las fuentes primarias de la investigaci\u00f3n. Han aportado informaci\u00f3n mediante una entrevista en profundidad, apoyada en un cuestionario y de la que han podido tomarse datos cualitativos y cuantitativos. Entre el grupo de directivos entrevistados se presenta una tendencia hacia el estilo orientado a las relaciones, la cual viene dada por la toma de decisiones participativa, y por la alta valoraci\u00f3n que se hace de las recompensas intr\u00ednsecas. En materia de comunicaci\u00f3n, estos comportamientos se corresponden con la preferencia por la realizaci\u00f3n de reuniones peri\u00f3dicas y el acceso informal al directivo, como sucede en la muestra. Los resultados tambi\u00e9n muestran tendencias, aunque menos significativas, hacia el liderazgo y el estilo orientado a la tarea. Las relaciones m\u00e1s significativas entre las variables del estilo y la comunicaci\u00f3n interna se han dado entre disponer de una visi\u00f3n y una misi\u00f3n formalmente escritas, y el acceso que los empleados de la agencias tienen a los contenidos de ambas premisas. Palabras clave: estilo directivo, comunicaci\u00f3n interna, comunicaci\u00f3n estrat\u00e9gica, agencias de publicidad en espa\u00f1a<\/p>\n<p>&nbsp;<\/p>\n<h3>Datos acad\u00e9micos de la tesis doctoral \u00ab<strong>Estilo directivo y comunicaci\u00f3n interna. an\u00e1lisis aplicado al sector de las agencias de publicidad en espa\u00f1a<\/strong>\u00ab<\/h3>\n<ul>\n<li><strong>T\u00edtulo de la tesis:<\/strong>\u00a0 Estilo directivo y comunicaci\u00f3n interna. an\u00e1lisis aplicado al sector de las agencias de publicidad en espa\u00f1a <\/li>\n<li><strong>Autor:<\/strong>\u00a0 Angela Sofia Preciado Hoyos <\/li>\n<li><strong>Universidad:<\/strong>\u00a0 Navarra<\/li>\n<li><strong>Fecha de lectura de la tesis:<\/strong>\u00a0 28\/11\/2005<\/li>\n<\/ul>\n<p>&nbsp;<\/p>\n<h3>Direcci\u00f3n y tribunal<\/h3>\n<ul>\n<li><strong>Director de la tesis<\/strong>\n<ul>\n<li>Cristina Etayo Perez<\/li>\n<\/ul>\n<\/li>\n<li><strong>Tribunal<\/strong>\n<ul>\n<li>Presidente del tribunal: alfonso Mar\u00eda S\u00e1nchez-tabernero s\u00e1nchez <\/li>\n<li>xavier Oliver conti (vocal)<\/li>\n<li>Mar\u00eda isabel De salas nestares (vocal)<\/li>\n<li>ofelia Giquel arribas (vocal)<\/li>\n<\/ul>\n<\/li>\n<\/ul>\n<p>&nbsp;<\/p>\n","protected":false},"excerpt":{"rendered":"<p>Tesis doctoral de Angela Sofia Preciado Hoyos Titulo: estilo directivo y comunicaci\u00f3n interna. An\u00e1lisis aplicado al sector de las agencias [&hellip;]<\/p>\n","protected":false},"author":1,"featured_media":0,"comment_status":"open","ping_status":"open","sticky":false,"template":"","format":"standard","meta":{"site-sidebar-layout":"default","site-content-layout":"","ast-site-content-layout":"","site-content-style":"default","site-sidebar-style":"default","ast-global-header-display":"","ast-banner-title-visibility":"","ast-main-header-display":"","ast-hfb-above-header-display":"","ast-hfb-below-header-display":"","ast-hfb-mobile-header-display":"","site-post-title":"","ast-breadcrumbs-content":"","ast-featured-img":"","footer-sml-layout":"","theme-transparent-header-meta":"","adv-header-id-meta":"","stick-header-meta":"","header-above-stick-meta":"","header-main-stick-meta":"","header-below-stick-meta":"","astra-migrate-meta-layouts":"default","ast-page-background-enabled":"default","ast-page-background-meta":{"desktop":{"background-color":"var(--ast-global-color-4)","background-image":"","background-repeat":"repeat","background-position":"center center","background-size":"auto","background-attachment":"scroll","background-type":"","background-media":"","overlay-type":"","overlay-color":"","overlay-gradient":""},"tablet":{"background-color":"","background-image":"","background-repeat":"repeat","background-position":"center center","background-size":"auto","background-attachment":"scroll","background-type":"","background-media":"","overlay-type":"","overlay-color":"","overlay-gradient":""},"mobile":{"background-color":"","background-image":"","background-repeat":"repeat","background-position":"center center","background-size":"auto","background-attachment":"scroll","background-type":"","background-media":"","overlay-type":"","overlay-color":"","overlay-gradient":""}},"ast-content-background-meta":{"desktop":{"background-color":"var(--ast-global-color-5)","background-image":"","background-repeat":"repeat","background-position":"center center","background-size":"auto","background-attachment":"scroll","background-type":"","background-media":"","overlay-type":"","overlay-color":"","overlay-gradient":""},"tablet":{"background-color":"var(--ast-global-color-5)","background-image":"","background-repeat":"repeat","background-position":"center center","background-size":"auto","background-attachment":"scroll","background-type":"","background-media":"","overlay-type":"","overlay-color":"","overlay-gradient":""},"mobile":{"background-color":"var(--ast-global-color-5)","background-image":"","background-repeat":"repeat","background-position":"center center","background-size":"auto","background-attachment":"scroll","background-type":"","background-media":"","overlay-type":"","overlay-color":"","overlay-gradient":""}},"footnotes":""},"categories":[4735,17749,1302],"tags":[17928,166807,166808,58564,157019,166809],"class_list":["post-77454","post","type-post","status-publish","format-standard","hentry","category-comunicaciones-sociales","category-navarra","category-organizacion-y-gestion-de-empresas","tag-alfonso-maria-sanchez-tabernero-sanchez","tag-angela-sofia-preciado-hoyos","tag-cristina-etayo-perez","tag-maria-isabel-de-salas-nestares","tag-ofelia-giquel-arribas","tag-xavier-oliver-conti"],"_links":{"self":[{"href":"https:\/\/www.deberes.net\/tesis\/wp-json\/wp\/v2\/posts\/77454","targetHints":{"allow":["GET"]}}],"collection":[{"href":"https:\/\/www.deberes.net\/tesis\/wp-json\/wp\/v2\/posts"}],"about":[{"href":"https:\/\/www.deberes.net\/tesis\/wp-json\/wp\/v2\/types\/post"}],"author":[{"embeddable":true,"href":"https:\/\/www.deberes.net\/tesis\/wp-json\/wp\/v2\/users\/1"}],"replies":[{"embeddable":true,"href":"https:\/\/www.deberes.net\/tesis\/wp-json\/wp\/v2\/comments?post=77454"}],"version-history":[{"count":0,"href":"https:\/\/www.deberes.net\/tesis\/wp-json\/wp\/v2\/posts\/77454\/revisions"}],"wp:attachment":[{"href":"https:\/\/www.deberes.net\/tesis\/wp-json\/wp\/v2\/media?parent=77454"}],"wp:term":[{"taxonomy":"category","embeddable":true,"href":"https:\/\/www.deberes.net\/tesis\/wp-json\/wp\/v2\/categories?post=77454"},{"taxonomy":"post_tag","embeddable":true,"href":"https:\/\/www.deberes.net\/tesis\/wp-json\/wp\/v2\/tags?post=77454"}],"curies":[{"name":"wp","href":"https:\/\/api.w.org\/{rel}","templated":true}]}}