{"id":77506,"date":"2018-03-09T23:23:01","date_gmt":"2018-03-09T23:23:01","guid":{"rendered":"https:\/\/www.deberes.net\/tesis\/sin-categoria\/retraso-mental-conducta-adaptativa-y-transicion-a-la-vida-adulta-evaluacion-del-programa-educativo-de-las-aulas-de-aprendizaje-de-tareas-de-alava\/"},"modified":"2018-03-09T23:23:01","modified_gmt":"2018-03-09T23:23:01","slug":"retraso-mental-conducta-adaptativa-y-transicion-a-la-vida-adulta-evaluacion-del-programa-educativo-de-las-aulas-de-aprendizaje-de-tareas-de-alava","status":"publish","type":"post","link":"https:\/\/www.deberes.net\/tesis\/deficiencia-mental-del-nino-y-del-adolescente\/retraso-mental-conducta-adaptativa-y-transicion-a-la-vida-adulta-evaluacion-del-programa-educativo-de-las-aulas-de-aprendizaje-de-tareas-de-alava\/","title":{"rendered":"Retraso mental: conducta adaptativa y transici\u00f3n a la vida adulta. evaluaci\u00f3n del programa educativo de las aulas de aprendizaje de tareas de alava"},"content":{"rendered":"<h2>Tesis doctoral de <strong> Aitziber Zulueta Fernandez <\/strong><\/h2>\n<p>Titulo: retraso mental:   conducta adaptativa y transici\u00f3n a la vida adulta.  Evaluaci\u00f3n del programa educativo de las aulas de aprendizaje de tareas de \u00e1lava   la tesis se enmarca en el \u00e1mbito especifico del retraso mental y se estructura en dos partes: a) en una primera parte, de car\u00e1cter descriptivo, se revisa el estado actual del \u00e1mbito del retraso mental. En concreto, se analiza la pol\u00e9mica existente acerca de los aspectos cr\u00edticos detectados en las propuestas sobre la definici\u00f3n, el diagn\u00f3stico y la clasificaci\u00f3n existentes en la literatura (la inteligencia, la conducta adaptativa, el contexto y la edad) y se propone un cuerpo de referencia que sistematiza las aportaciones m\u00e1s recientes. Asimismo, se recoge una visi\u00f3n general de la transici\u00f3n a la vida adulta de las personas con retraso mental como \u00e1mbito especifico de intervenci\u00f3n, as\u00ed como de los criterios b\u00e1sicos que deben orientar la planificaci\u00f3n de servicios para una intervenci\u00f3n educativa eficaz. \u00e9stos hacen referencia a la conducta autodeterminada, es decir, la capacidad de ser aut\u00f3nomo y poder decidir sobre la vida de uno (con independencia de las caracter\u00edsticas individuales de cada sujeto), teniendo como referente u objetivo general la calidad de vida. En una segunda parte, de car\u00e1cter emp\u00edrico, considerando que la evaluaci\u00f3n de programas es una medida fundamental para obtener certezas de que se est\u00e1n ofreciendo servicios que responden a los criterios de eficacia y calidad que las personas merecen, se presenta el proceso y los resultados obtenidos en la evaluaci\u00f3n de una realidad educativa ubicada en dos centros de vitoria-gasteiz (\u00e1lava) en los que se imparte el programa de aprendizaje de tareas para 17 alumnos que presentan retraso mental ligero o moderado.<\/p>\n<p>&nbsp;<\/p>\n<h3>Datos acad\u00e9micos de la tesis doctoral \u00ab<strong>Retraso mental: conducta adaptativa y transici\u00f3n a la vida adulta. evaluaci\u00f3n del programa educativo de las aulas de aprendizaje de tareas de alava<\/strong>\u00ab<\/h3>\n<ul>\n<li><strong>T\u00edtulo de la tesis:<\/strong>\u00a0 Retraso mental: conducta adaptativa y transici\u00f3n a la vida adulta. evaluaci\u00f3n del programa educativo de las aulas de aprendizaje de tareas de alava <\/li>\n<li><strong>Autor:<\/strong>\u00a0 Aitziber Zulueta Fernandez <\/li>\n<li><strong>Universidad:<\/strong>\u00a0 Navarra<\/li>\n<li><strong>Fecha de lectura de la tesis:<\/strong>\u00a0 30\/11\/2005<\/li>\n<\/ul>\n<p>&nbsp;<\/p>\n<h3>Direcci\u00f3n y tribunal<\/h3>\n<ul>\n<li><strong>Director de la tesis<\/strong>\n<ul>\n<li>Mar\u00eda  Felisa Peralta Lopez<\/li>\n<\/ul>\n<\/li>\n<li><strong>Tribunal<\/strong>\n<ul>\n<li>Presidente del tribunal: Jos\u00e9 Antonio Del barrio del campo <\/li>\n<li>Javier Galarreta lasa (vocal)<\/li>\n<li>delf\u00edn Montero centeno (vocal)<\/li>\n<li>olga Lizasoain rumeu (vocal)<\/li>\n<\/ul>\n<\/li>\n<\/ul>\n<p>&nbsp;<\/p>\n","protected":false},"excerpt":{"rendered":"<p>Tesis doctoral de Aitziber Zulueta Fernandez Titulo: retraso mental: conducta adaptativa y transici\u00f3n a la vida adulta. Evaluaci\u00f3n del programa [&hellip;]<\/p>\n","protected":false},"author":1,"featured_media":0,"comment_status":"open","ping_status":"open","sticky":false,"template":"","format":"standard","meta":{"site-sidebar-layout":"default","site-content-layout":"","ast-site-content-layout":"","site-content-style":"default","site-sidebar-style":"default","ast-global-header-display":"","ast-banner-title-visibility":"","ast-main-header-display":"","ast-hfb-above-header-display":"","ast-hfb-below-header-display":"","ast-hfb-mobile-header-display":"","site-post-title":"","ast-breadcrumbs-content":"","ast-featured-img":"","footer-sml-layout":"","theme-transparent-header-meta":"","adv-header-id-meta":"","stick-header-meta":"","header-above-stick-meta":"","header-main-stick-meta":"","header-below-stick-meta":"","astra-migrate-meta-layouts":"default","ast-page-background-enabled":"default","ast-page-background-meta":{"desktop":{"background-color":"var(--ast-global-color-4)","background-image":"","background-repeat":"repeat","background-position":"center center","background-size":"auto","background-attachment":"scroll","background-type":"","background-media":"","overlay-type":"","overlay-color":"","overlay-gradient":""},"tablet":{"background-color":"","background-image":"","background-repeat":"repeat","background-position":"center center","background-size":"auto","background-attachment":"scroll","background-type":"","background-media":"","overlay-type":"","overlay-color":"","overlay-gradient":""},"mobile":{"background-color":"","background-image":"","background-repeat":"repeat","background-position":"center center","background-size":"auto","background-attachment":"scroll","background-type":"","background-media":"","overlay-type":"","overlay-color":"","overlay-gradient":""}},"ast-content-background-meta":{"desktop":{"background-color":"var(--ast-global-color-5)","background-image":"","background-repeat":"repeat","background-position":"center center","background-size":"auto","background-attachment":"scroll","background-type":"","background-media":"","overlay-type":"","overlay-color":"","overlay-gradient":""},"tablet":{"background-color":"var(--ast-global-color-5)","background-image":"","background-repeat":"repeat","background-position":"center center","background-size":"auto","background-attachment":"scroll","background-type":"","background-media":"","overlay-type":"","overlay-color":"","overlay-gradient":""},"mobile":{"background-color":"var(--ast-global-color-5)","background-image":"","background-repeat":"repeat","background-position":"center center","background-size":"auto","background-attachment":"scroll","background-type":"","background-media":"","overlay-type":"","overlay-color":"","overlay-gradient":""}},"footnotes":""},"categories":[15568,3289,6222,17749,11995],"tags":[166903,15572,28210,25515,166904,166905],"class_list":["post-77506","post","type-post","status-publish","format-standard","hentry","category-deficiencia-mental","category-deficiencia-mental-del-nino-y-del-adolescente","category-educacion-especial","category-navarra","category-tratamiento-psicologico-de-la-deficiencia-mental","tag-aitziber-zulueta-fernandez","tag-delfin-montero-centeno","tag-javier-galarreta-lasa","tag-jose-antonio-del-barrio-del-campo","tag-maria-felisa-peralta-lopez","tag-olga-lizasoain-rumeu"],"_links":{"self":[{"href":"https:\/\/www.deberes.net\/tesis\/wp-json\/wp\/v2\/posts\/77506","targetHints":{"allow":["GET"]}}],"collection":[{"href":"https:\/\/www.deberes.net\/tesis\/wp-json\/wp\/v2\/posts"}],"about":[{"href":"https:\/\/www.deberes.net\/tesis\/wp-json\/wp\/v2\/types\/post"}],"author":[{"embeddable":true,"href":"https:\/\/www.deberes.net\/tesis\/wp-json\/wp\/v2\/users\/1"}],"replies":[{"embeddable":true,"href":"https:\/\/www.deberes.net\/tesis\/wp-json\/wp\/v2\/comments?post=77506"}],"version-history":[{"count":0,"href":"https:\/\/www.deberes.net\/tesis\/wp-json\/wp\/v2\/posts\/77506\/revisions"}],"wp:attachment":[{"href":"https:\/\/www.deberes.net\/tesis\/wp-json\/wp\/v2\/media?parent=77506"}],"wp:term":[{"taxonomy":"category","embeddable":true,"href":"https:\/\/www.deberes.net\/tesis\/wp-json\/wp\/v2\/categories?post=77506"},{"taxonomy":"post_tag","embeddable":true,"href":"https:\/\/www.deberes.net\/tesis\/wp-json\/wp\/v2\/tags?post=77506"}],"curies":[{"name":"wp","href":"https:\/\/api.w.org\/{rel}","templated":true}]}}