{"id":77527,"date":"2005-01-12T00:00:00","date_gmt":"2005-01-12T00:00:00","guid":{"rendered":"https:\/\/www.deberes.net\/tesis\/sin-categoria\/estudio-secuencial-de-la-edad-del-bronce-en-la-ribera-del-duero-provincia-de-valladolid\/"},"modified":"2005-01-12T00:00:00","modified_gmt":"2005-01-12T00:00:00","slug":"estudio-secuencial-de-la-edad-del-bronce-en-la-ribera-del-duero-provincia-de-valladolid","status":"publish","type":"post","link":"https:\/\/www.deberes.net\/tesis\/historia\/estudio-secuencial-de-la-edad-del-bronce-en-la-ribera-del-duero-provincia-de-valladolid\/","title":{"rendered":"Estudio secuencial de la edad del bronce en la ribera del duero (provincia de valladolid)"},"content":{"rendered":"<h2>Tesis doctoral de <strong> Jos\u00e9 Antonio Rodr\u00edguez Marcos <\/strong><\/h2>\n<p>El presente trabajo trata de reconstruir la edad del bronce en un territorio muy concreto de la meseta castellano-leonesa: el tramo vallisoletano de la ribera del duero.  fruto de una laboriosa investigaci\u00f3n, en la que las fuentes principales han sido, por un lado las intensas prospecciones desarrolladas en sector y por otro las derivadas de las excavaciones arqueol\u00f3gicas, se ha pretendido elaborar una visi\u00f3n bastante completa, a la par que novedosa, de la edad del bronce del sector, prestando especial atenci\u00f3n a los siguientes aspectos:  1,- determinar una secuencia cultural (cronolog\u00eda, tipolog\u00eda de los artefactos, estructuras de h\u00e1bitat, etc.) De esta etapa cultural, inscribi\u00e9ndola en el marco geogr\u00e1fico del centro de la meseta peninsular y rastreando sus posibles conexiones con otras \u00e1reas culturales durante parte de los milenios ii y i a.C.; Ii) reconocer las caracter\u00edsticas generales de la ocupaci\u00f3n en este territorio, intentando adem\u00e1s de esta forma que la ribera vallisoletana pudiera servir de elementos de contrastaci\u00f3n para futuros trabajos en el valle del duero.  2,- profundizar en los caracteres de la ocupaci\u00f3n del territorio, su organizaci\u00f3n (distribuci\u00f3n, jerarqu\u00eda, etc.) Y evoluci\u00f3n a lo largo del periodo protohist\u00f3rico citado. En definitiva, el estudio de los modos de vida de estas gentes y de c\u00f3mo dejan su huella en el medio f\u00edsico en cuesti\u00f3n.  para abordar el estudio, previamente, se procedi\u00f3 a la subdivisi\u00f3n de la etapa en una serie de fases que, pretendidamente, coinciden con las que habitualmente configuran la secuencia general de la edad del bronce de la meseta norte; motivo por el cual hemos intentado adoptar para cada uno de tales periodos las denominaciones m\u00e1s tradicionales y las que suelen ser de aplicaci\u00f3n general en los trabajos que abordan la periodizaci\u00f3n de esta etapa en la zona.  dentro de dicha din\u00e1mica, en el estudio, a grandes rasgos, se incluye el per\u00edodo comprendido<\/p>\n<p>&nbsp;<\/p>\n<h3>Datos acad\u00e9micos de la tesis doctoral \u00ab<strong>Estudio secuencial de la edad del bronce en la ribera del duero (provincia de valladolid)<\/strong>\u00ab<\/h3>\n<ul>\n<li><strong>T\u00edtulo de la tesis:<\/strong>\u00a0 Estudio secuencial de la edad del bronce en la ribera del duero (provincia de valladolid) <\/li>\n<li><strong>Autor:<\/strong>\u00a0 Jos\u00e9 Antonio Rodr\u00edguez Marcos <\/li>\n<li><strong>Universidad:<\/strong>\u00a0 Valladolid<\/li>\n<li><strong>Fecha de lectura de la tesis:<\/strong>\u00a0 01\/12\/2005<\/li>\n<\/ul>\n<p>&nbsp;<\/p>\n<h3>Direcci\u00f3n y tribunal<\/h3>\n<ul>\n<li><strong>Director de la tesis<\/strong>\n<ul>\n<li>German Delibes De Castro<\/li>\n<\/ul>\n<\/li>\n<li><strong>Tribunal<\/strong>\n<ul>\n<li>Presidente del tribunal: fernando Romero carnicero <\/li>\n<li>concepcion Blasco bosqued (vocal)<\/li>\n<li>martin Almagro gorbea (vocal)<\/li>\n<li>angel Esparza arroyo (vocal)<\/li>\n<\/ul>\n<\/li>\n<\/ul>\n<p>&nbsp;<\/p>\n","protected":false},"excerpt":{"rendered":"<p>Tesis doctoral de Jos\u00e9 Antonio Rodr\u00edguez Marcos El presente trabajo trata de reconstruir la edad del bronce en un territorio [&hellip;]<\/p>\n","protected":false},"author":1,"featured_media":0,"comment_status":"open","ping_status":"open","sticky":false,"template":"","format":"standard","meta":{"site-sidebar-layout":"default","site-content-layout":"","ast-site-content-layout":"","site-content-style":"default","site-sidebar-style":"default","ast-global-header-display":"","ast-banner-title-visibility":"","ast-main-header-display":"","ast-hfb-above-header-display":"","ast-hfb-below-header-display":"","ast-hfb-mobile-header-display":"","site-post-title":"","ast-breadcrumbs-content":"","ast-featured-img":"","footer-sml-layout":"","theme-transparent-header-meta":"","adv-header-id-meta":"","stick-header-meta":"","header-above-stick-meta":"","header-main-stick-meta":"","header-below-stick-meta":"","astra-migrate-meta-layouts":"default","ast-page-background-enabled":"default","ast-page-background-meta":{"desktop":{"background-color":"var(--ast-global-color-4)","background-image":"","background-repeat":"repeat","background-position":"center center","background-size":"auto","background-attachment":"scroll","background-type":"","background-media":"","overlay-type":"","overlay-color":"","overlay-gradient":""},"tablet":{"background-color":"","background-image":"","background-repeat":"repeat","background-position":"center center","background-size":"auto","background-attachment":"scroll","background-type":"","background-media":"","overlay-type":"","overlay-color":"","overlay-gradient":""},"mobile":{"background-color":"","background-image":"","background-repeat":"repeat","background-position":"center center","background-size":"auto","background-attachment":"scroll","background-type":"","background-media":"","overlay-type":"","overlay-color":"","overlay-gradient":""}},"ast-content-background-meta":{"desktop":{"background-color":"var(--ast-global-color-5)","background-image":"","background-repeat":"repeat","background-position":"center center","background-size":"auto","background-attachment":"scroll","background-type":"","background-media":"","overlay-type":"","overlay-color":"","overlay-gradient":""},"tablet":{"background-color":"var(--ast-global-color-5)","background-image":"","background-repeat":"repeat","background-position":"center center","background-size":"auto","background-attachment":"scroll","background-type":"","background-media":"","overlay-type":"","overlay-color":"","overlay-gradient":""},"mobile":{"background-color":"var(--ast-global-color-5)","background-image":"","background-repeat":"repeat","background-position":"center center","background-size":"auto","background-attachment":"scroll","background-type":"","background-media":"","overlay-type":"","overlay-color":"","overlay-gradient":""}},"footnotes":""},"categories":[104,220,2635,12451],"tags":[27945,14506,23759,2640,141361,6607],"class_list":["post-77527","post","type-post","status-publish","format-standard","hentry","category-historia","category-historia-por-epocas","category-prehistoria","category-valladolid","tag-angel-esparza-arroyo","tag-concepcion-blasco-bosqued","tag-fernando-romero-carnicero","tag-german-delibes-de-castro","tag-jose-antonio-rodriguez-marcos","tag-martin-almagro-gorbea"],"_links":{"self":[{"href":"https:\/\/www.deberes.net\/tesis\/wp-json\/wp\/v2\/posts\/77527","targetHints":{"allow":["GET"]}}],"collection":[{"href":"https:\/\/www.deberes.net\/tesis\/wp-json\/wp\/v2\/posts"}],"about":[{"href":"https:\/\/www.deberes.net\/tesis\/wp-json\/wp\/v2\/types\/post"}],"author":[{"embeddable":true,"href":"https:\/\/www.deberes.net\/tesis\/wp-json\/wp\/v2\/users\/1"}],"replies":[{"embeddable":true,"href":"https:\/\/www.deberes.net\/tesis\/wp-json\/wp\/v2\/comments?post=77527"}],"version-history":[{"count":0,"href":"https:\/\/www.deberes.net\/tesis\/wp-json\/wp\/v2\/posts\/77527\/revisions"}],"wp:attachment":[{"href":"https:\/\/www.deberes.net\/tesis\/wp-json\/wp\/v2\/media?parent=77527"}],"wp:term":[{"taxonomy":"category","embeddable":true,"href":"https:\/\/www.deberes.net\/tesis\/wp-json\/wp\/v2\/categories?post=77527"},{"taxonomy":"post_tag","embeddable":true,"href":"https:\/\/www.deberes.net\/tesis\/wp-json\/wp\/v2\/tags?post=77527"}],"curies":[{"name":"wp","href":"https:\/\/api.w.org\/{rel}","templated":true}]}}