{"id":77549,"date":"2005-02-12T00:00:00","date_gmt":"2005-02-12T00:00:00","guid":{"rendered":"https:\/\/www.deberes.net\/tesis\/sin-categoria\/discapacidad-y-genero-estudio-etnografico-sobre-mujeres-discapacitadas\/"},"modified":"2005-02-12T00:00:00","modified_gmt":"2005-02-12T00:00:00","slug":"discapacidad-y-genero-estudio-etnografico-sobre-mujeres-discapacitadas","status":"publish","type":"post","link":"https:\/\/www.deberes.net\/tesis\/sociologia\/discapacidad-y-genero-estudio-etnografico-sobre-mujeres-discapacitadas\/","title":{"rendered":"Discapacidad y g\u00e9nero. estudio etnogr\u00e1fico sobre mujeres discapacitadas."},"content":{"rendered":"<h2>Tesis doctoral de <strong> Mar\u00eda Lopez Gonzalez <\/strong><\/h2>\n<p>El estudio aborda la realidad vital de las mujeres con discapacidad. En la primera parte, de fundamentaci\u00f3n te\u00f3rica, se expone una visi\u00f3n retrospectiva del enfoque de la investigaci\u00f3n en el \u00e1mbito de la discapacidad y las aportaciones de la perspectiva feminista al modelo social de discapacidad. Tambi\u00e9n se refieren las contribuciones de los \u00faltimos a\u00f1os, que reflejan la importancia y creciente literatura sobre distintos t\u00f3picos en relaci\u00f3n con el tema objeto de estudio. Autopercepci\u00f3n, imagen social, relacciones interpersonales, relaciones de pareja, maternidad, trabajo y violencia.  el desarrollo pr\u00e1ctico del trabajo, que sigue la metodolog\u00eda cualitariva y el enfoque feminista, se centra en las trayectorias de vida de 26 mujeres discapacitadas de dos generaciones (adultas y j\u00f3venes), y tres tipos de discapacidad (f\u00edsica, visual y auditiva). Se analizan las aportaciones de las participantes en los distintos \u00e1mbitos o dimensiones que aparecen como relevantes en sus vidas: familia de origen: bienestar material (aspectos econ\u00f3micos y h\u00e1bitat); experiencia de pareja y maternidad; y trabajo. En algunas dimensiones se consideran tambi\u00e9n dos referencias temporales; pasado y presente.  los resultados de la investigaci\u00f3n muestran tanto elementos comunes y compartidos, como otros aspectos especiales, tambi\u00e9n relevanes, apuntados por las participantes. unos y otros ponen de relieve cultural respecto ala consideraci\u00f3n y actuaci\u00f3n social en relaci\u00f3n con las mujeres con discapacidad, as\u00ed como la diversidad de experiencias, proyectos, caminos y logros personales. Compartir dos rasgos diferenciales fundamentales, el sexo y la discapacidad, comporta muchos aspectos comunes, pero no significa uniformidad, sino una diversidad que evidencia el desaf\u00edo de los estereotipos sociales, un importante sentido de individualidad, y la competencia personal de estas mujeres.  el trabajo se complementa con una bibliograf\u00eda y los anexos, qu<\/p>\n<p>&nbsp;<\/p>\n<h3>Datos acad\u00e9micos de la tesis doctoral \u00ab<strong>Discapacidad y g\u00e9nero. estudio etnogr\u00e1fico sobre mujeres discapacitadas.<\/strong>\u00ab<\/h3>\n<ul>\n<li><strong>T\u00edtulo de la tesis:<\/strong>\u00a0 Discapacidad y g\u00e9nero. estudio etnogr\u00e1fico sobre mujeres discapacitadas. <\/li>\n<li><strong>Autor:<\/strong>\u00a0 Mar\u00eda Lopez Gonzalez <\/li>\n<li><strong>Universidad:<\/strong>\u00a0 C\u00f3rdoba<\/li>\n<li><strong>Fecha de lectura de la tesis:<\/strong>\u00a0 02\/12\/2005<\/li>\n<\/ul>\n<p>&nbsp;<\/p>\n<h3>Direcci\u00f3n y tribunal<\/h3>\n<ul>\n<li><strong>Director de la tesis<\/strong>\n<ul>\n<li>Anna Freixas Farre<\/li>\n<\/ul>\n<\/li>\n<li><strong>Tribunal<\/strong>\n<ul>\n<li>Presidente del tribunal: dolores Juliano corregido <\/li>\n<li>pilar Arnaiz sanchez (vocal)<\/li>\n<li>marina Fuentes guerra soldevilla (vocal)<\/li>\n<li>Mar\u00eda  vicenta Perez ferrando (vocal)<\/li>\n<\/ul>\n<\/li>\n<\/ul>\n<p>&nbsp;<\/p>\n","protected":false},"excerpt":{"rendered":"<p>Tesis doctoral de Mar\u00eda Lopez Gonzalez El estudio aborda la realidad vital de las mujeres con discapacidad. En la primera [&hellip;]<\/p>\n","protected":false},"author":1,"featured_media":0,"comment_status":"open","ping_status":"open","sticky":false,"template":"","format":"standard","meta":{"site-sidebar-layout":"default","site-content-layout":"","ast-site-content-layout":"","site-content-style":"default","site-sidebar-style":"default","ast-global-header-display":"","ast-banner-title-visibility":"","ast-main-header-display":"","ast-hfb-above-header-display":"","ast-hfb-below-header-display":"","ast-hfb-mobile-header-display":"","site-post-title":"","ast-breadcrumbs-content":"","ast-featured-img":"","footer-sml-layout":"","theme-transparent-header-meta":"","adv-header-id-meta":"","stick-header-meta":"","header-above-stick-meta":"","header-main-stick-meta":"","header-below-stick-meta":"","astra-migrate-meta-layouts":"default","ast-page-background-enabled":"default","ast-page-background-meta":{"desktop":{"background-color":"var(--ast-global-color-4)","background-image":"","background-repeat":"repeat","background-position":"center center","background-size":"auto","background-attachment":"scroll","background-type":"","background-media":"","overlay-type":"","overlay-color":"","overlay-gradient":""},"tablet":{"background-color":"","background-image":"","background-repeat":"repeat","background-position":"center center","background-size":"auto","background-attachment":"scroll","background-type":"","background-media":"","overlay-type":"","overlay-color":"","overlay-gradient":""},"mobile":{"background-color":"","background-image":"","background-repeat":"repeat","background-position":"center center","background-size":"auto","background-attachment":"scroll","background-type":"","background-media":"","overlay-type":"","overlay-color":"","overlay-gradient":""}},"ast-content-background-meta":{"desktop":{"background-color":"var(--ast-global-color-5)","background-image":"","background-repeat":"repeat","background-position":"center center","background-size":"auto","background-attachment":"scroll","background-type":"","background-media":"","overlay-type":"","overlay-color":"","overlay-gradient":""},"tablet":{"background-color":"var(--ast-global-color-5)","background-image":"","background-repeat":"repeat","background-position":"center center","background-size":"auto","background-attachment":"scroll","background-type":"","background-media":"","overlay-type":"","overlay-color":"","overlay-gradient":""},"mobile":{"background-color":"var(--ast-global-color-5)","background-image":"","background-repeat":"repeat","background-position":"center center","background-size":"auto","background-attachment":"scroll","background-type":"","background-media":"","overlay-type":"","overlay-color":"","overlay-gradient":""}},"footnotes":""},"categories":[973,6025,6024,291,56648,8113,1295,324,269],"tags":[52494,37447,166982,34610,127242,8593],"class_list":["post-77549","post","type-post","status-publish","format-standard","hentry","category-cordoba","category-estudio-psicologico-de-cuestiones-sociales","category-fenomenos-de-grupos-minoritarios","category-grupos-sociales","category-minusvalia","category-posicion-social-de-la-mujer","category-problemas-y-conflictos-sociales","category-psicologia","category-sociologia","tag-anna-freixas-farre","tag-dolores-juliano-corregido","tag-maria-lopez-gonzalez","tag-maria-vicenta-perez-ferrando","tag-marina-fuentes-guerra-soldevilla","tag-pilar-arnaiz-sanchez"],"_links":{"self":[{"href":"https:\/\/www.deberes.net\/tesis\/wp-json\/wp\/v2\/posts\/77549","targetHints":{"allow":["GET"]}}],"collection":[{"href":"https:\/\/www.deberes.net\/tesis\/wp-json\/wp\/v2\/posts"}],"about":[{"href":"https:\/\/www.deberes.net\/tesis\/wp-json\/wp\/v2\/types\/post"}],"author":[{"embeddable":true,"href":"https:\/\/www.deberes.net\/tesis\/wp-json\/wp\/v2\/users\/1"}],"replies":[{"embeddable":true,"href":"https:\/\/www.deberes.net\/tesis\/wp-json\/wp\/v2\/comments?post=77549"}],"version-history":[{"count":0,"href":"https:\/\/www.deberes.net\/tesis\/wp-json\/wp\/v2\/posts\/77549\/revisions"}],"wp:attachment":[{"href":"https:\/\/www.deberes.net\/tesis\/wp-json\/wp\/v2\/media?parent=77549"}],"wp:term":[{"taxonomy":"category","embeddable":true,"href":"https:\/\/www.deberes.net\/tesis\/wp-json\/wp\/v2\/categories?post=77549"},{"taxonomy":"post_tag","embeddable":true,"href":"https:\/\/www.deberes.net\/tesis\/wp-json\/wp\/v2\/tags?post=77549"}],"curies":[{"name":"wp","href":"https:\/\/api.w.org\/{rel}","templated":true}]}}