{"id":77570,"date":"2005-02-12T00:00:00","date_gmt":"2005-02-12T00:00:00","guid":{"rendered":"https:\/\/www.deberes.net\/tesis\/sin-categoria\/intervencion-en-adolescentes-con-fobia-social-frente-a-grupos-de-control-activo-y-lista-de-espera\/"},"modified":"2005-02-12T00:00:00","modified_gmt":"2005-02-12T00:00:00","slug":"intervencion-en-adolescentes-con-fobia-social-frente-a-grupos-de-control-activo-y-lista-de-espera","status":"publish","type":"post","link":"https:\/\/www.deberes.net\/tesis\/psicologia\/intervencion-en-adolescentes-con-fobia-social-frente-a-grupos-de-control-activo-y-lista-de-espera\/","title":{"rendered":"Intervenci\u00f3n en adolescentes con fobia social frente a grupos de control activo y lista de espera"},"content":{"rendered":"<h2>Tesis doctoral de <strong> Antonio Vall\u00e9s Ar\u00e1ndiga <\/strong><\/h2>\n<p>La fobia social (fs) es un temor acusado y persistente por una o m\u00e1s situaciones o actuaciones en p\u00fablico en las que el sujeto se ve expuesto a personas que no pertenecen al \u00e1mbito familiar o a la posible evaluaci\u00f3n por parte de los dem\u00e1s. El individuo teme actuar de modo (o mostrar s\u00edntomas de ansiedad) que sea humillante o embarazoso (dsm-iv, 1994; 9. 427). La adolescencia se revela como un periodo cr\u00edtico en el que debe realizarse la detecci\u00f3n y la intervenci\u00f3n precoz sobre la fobia social, habida cuenta del importante impacto que tiene en la vida personal, escolar y social del sujeto.  desde el punto de vista del tratamiento de la fs en la adolescencia, el iafs (intervenci\u00f3n en adolescentes con fobia social)(olivares y garc\u00eda-l\u00f3pez, 1998) es un programa de tratamiento multicomponente dise\u00f1ado para disminuir y\/o eliminar las respuestas de ansiedad social, mejorar las habilidades sociales e incrementar el n\u00famero de actividades sociales placenteras con el fin de permitir a los adolescentes su reinserci\u00f3n y participaci\u00f3n en el contexto social, de acuerdo con las pautas de relaci\u00f3n e interacci\u00f3n social esperadas para su edad y grupo cultural de referencia, cuya eficacia ha sido probada de manera reiterada (garc\u00eda-l\u00f3pez, 2000; olivares, 2005; olivares y garc\u00eda-l\u00f3pez, 2001; olivares, garc\u00eda-l\u00f3pez, hidalgo, turner y beidel, 1999; olivares, rosa y piqueras, 2005).  partiendo de este hecho, el presente trabajo ha estimado el peso que pueden tener en los efectos generados por el iafs las variables inespec\u00edficas. con este fin se ha estudiado, en una muestra de adolescentes con fobia social generalizada, las relaciones entre los efectos generados por un grupo de control activo (adolescentes con fs tratados mediante un programa de estrategias de aprendizaje, sin entrenamiento en t\u00e9cnicas de relajaci\u00f3n y respiraci\u00f3n), un grupo de control pasivo (adolescentes con fobia social en \u00ablista de espera\u00bb) y un grupo de adolescente<\/p>\n<p>&nbsp;<\/p>\n<h3>Datos acad\u00e9micos de la tesis doctoral \u00ab<strong>Intervenci\u00f3n en adolescentes con fobia social frente a grupos de control activo y lista de espera<\/strong>\u00ab<\/h3>\n<ul>\n<li><strong>T\u00edtulo de la tesis:<\/strong>\u00a0 Intervenci\u00f3n en adolescentes con fobia social frente a grupos de control activo y lista de espera <\/li>\n<li><strong>Autor:<\/strong>\u00a0 Antonio Vall\u00e9s Ar\u00e1ndiga <\/li>\n<li><strong>Universidad:<\/strong>\u00a0 Murcia<\/li>\n<li><strong>Fecha de lectura de la tesis:<\/strong>\u00a0 02\/12\/2005<\/li>\n<\/ul>\n<p>&nbsp;<\/p>\n<h3>Direcci\u00f3n y tribunal<\/h3>\n<ul>\n<li><strong>Director de la tesis<\/strong>\n<ul>\n<li>Jose Olivares Rodriguez<\/li>\n<\/ul>\n<\/li>\n<li><strong>Tribunal<\/strong>\n<ul>\n<li>Presidente del tribunal: julio S\u00e1nchez meca <\/li>\n<li>Mar\u00eda  dolores Hidalgo montesinos (vocal)<\/li>\n<li>marina julia Mu\u00f1oz rivas (vocal)<\/li>\n<li>Jos\u00e9 Garc\u00eda hurtado (vocal)<\/li>\n<\/ul>\n<\/li>\n<\/ul>\n<p>&nbsp;<\/p>\n","protected":false},"excerpt":{"rendered":"<p>Tesis doctoral de Antonio Vall\u00e9s Ar\u00e1ndiga La fobia social (fs) es un temor acusado y persistente por una o m\u00e1s [&hellip;]<\/p>\n","protected":false},"author":1,"featured_media":0,"comment_status":"open","ping_status":"open","sticky":false,"template":"","format":"standard","meta":{"site-sidebar-layout":"default","site-content-layout":"","ast-site-content-layout":"","site-content-style":"default","site-sidebar-style":"default","ast-global-header-display":"","ast-banner-title-visibility":"","ast-main-header-display":"","ast-hfb-above-header-display":"","ast-hfb-below-header-display":"","ast-hfb-mobile-header-display":"","site-post-title":"","ast-breadcrumbs-content":"","ast-featured-img":"","footer-sml-layout":"","theme-transparent-header-meta":"","adv-header-id-meta":"","stick-header-meta":"","header-above-stick-meta":"","header-main-stick-meta":"","header-below-stick-meta":"","astra-migrate-meta-layouts":"default","ast-page-background-enabled":"default","ast-page-background-meta":{"desktop":{"background-color":"var(--ast-global-color-4)","background-image":"","background-repeat":"repeat","background-position":"center center","background-size":"auto","background-attachment":"scroll","background-type":"","background-media":"","overlay-type":"","overlay-color":"","overlay-gradient":""},"tablet":{"background-color":"","background-image":"","background-repeat":"repeat","background-position":"center center","background-size":"auto","background-attachment":"scroll","background-type":"","background-media":"","overlay-type":"","overlay-color":"","overlay-gradient":""},"mobile":{"background-color":"","background-image":"","background-repeat":"repeat","background-position":"center center","background-size":"auto","background-attachment":"scroll","background-type":"","background-media":"","overlay-type":"","overlay-color":"","overlay-gradient":""}},"ast-content-background-meta":{"desktop":{"background-color":"var(--ast-global-color-5)","background-image":"","background-repeat":"repeat","background-position":"center center","background-size":"auto","background-attachment":"scroll","background-type":"","background-media":"","overlay-type":"","overlay-color":"","overlay-gradient":""},"tablet":{"background-color":"var(--ast-global-color-5)","background-image":"","background-repeat":"repeat","background-position":"center center","background-size":"auto","background-attachment":"scroll","background-type":"","background-media":"","overlay-type":"","overlay-color":"","overlay-gradient":""},"mobile":{"background-color":"var(--ast-global-color-5)","background-image":"","background-repeat":"repeat","background-position":"center center","background-size":"auto","background-attachment":"scroll","background-type":"","background-media":"","overlay-type":"","overlay-color":"","overlay-gradient":""}},"footnotes":""},"categories":[1175,8235,324],"tags":[118451,85078,45293,46689,104306,102296],"class_list":["post-77570","post","type-post","status-publish","format-standard","hentry","category-evaluacion-y-diagnostico-en-psicologia","category-murcia","category-psicologia","tag-antonio-valles-arandiga","tag-jose-garcia-hurtado","tag-jose-olivares-rodriguez","tag-julio-sanchez-meca","tag-maria-dolores-hidalgo-montesinos","tag-marina-julia-munoz-rivas"],"_links":{"self":[{"href":"https:\/\/www.deberes.net\/tesis\/wp-json\/wp\/v2\/posts\/77570","targetHints":{"allow":["GET"]}}],"collection":[{"href":"https:\/\/www.deberes.net\/tesis\/wp-json\/wp\/v2\/posts"}],"about":[{"href":"https:\/\/www.deberes.net\/tesis\/wp-json\/wp\/v2\/types\/post"}],"author":[{"embeddable":true,"href":"https:\/\/www.deberes.net\/tesis\/wp-json\/wp\/v2\/users\/1"}],"replies":[{"embeddable":true,"href":"https:\/\/www.deberes.net\/tesis\/wp-json\/wp\/v2\/comments?post=77570"}],"version-history":[{"count":0,"href":"https:\/\/www.deberes.net\/tesis\/wp-json\/wp\/v2\/posts\/77570\/revisions"}],"wp:attachment":[{"href":"https:\/\/www.deberes.net\/tesis\/wp-json\/wp\/v2\/media?parent=77570"}],"wp:term":[{"taxonomy":"category","embeddable":true,"href":"https:\/\/www.deberes.net\/tesis\/wp-json\/wp\/v2\/categories?post=77570"},{"taxonomy":"post_tag","embeddable":true,"href":"https:\/\/www.deberes.net\/tesis\/wp-json\/wp\/v2\/tags?post=77570"}],"curies":[{"name":"wp","href":"https:\/\/api.w.org\/{rel}","templated":true}]}}