{"id":77584,"date":"2005-02-12T00:00:00","date_gmt":"2005-02-12T00:00:00","guid":{"rendered":"https:\/\/www.deberes.net\/tesis\/sin-categoria\/bilbao-1940-1975-del-auge-al-inicio-del-declive-un-estudio-historico-demografico\/"},"modified":"2005-02-12T00:00:00","modified_gmt":"2005-02-12T00:00:00","slug":"bilbao-1940-1975-del-auge-al-inicio-del-declive-un-estudio-historico-demografico","status":"publish","type":"post","link":"https:\/\/www.deberes.net\/tesis\/pais-vasco-euskal-herriko-unibertsitatea\/bilbao-1940-1975-del-auge-al-inicio-del-declive-un-estudio-historico-demografico\/","title":{"rendered":"Bilbao, 1940-1975: del auge al inicio del declive. un estudio hist\u00f3rico demogr\u00e1fico"},"content":{"rendered":"<h2>Tesis doctoral de <strong>  Bustillo Merino Victoria Eugenia <\/strong><\/h2>\n<p>Este es un trabajo de investigaci\u00f3n sobre demograf\u00eda hist\u00f3rica, que analiza la evoluci\u00f3n de la poblaci\u00f3n bilba\u00edna durante el franquismo. La tesis desarrolla las siguientes hip\u00f3tesis:  hip\u00f3tesis a     afirmar que los cambios estructurales y socioecon\u00f3micos experimentados por la poblaci\u00f3n bilba\u00edna durante el franquismo, cerraron el proceso de modernizaci\u00f3n demogr\u00e1fica iniciados con la primera transici\u00f3n demogr\u00e1fica y prepararon a la poblaci\u00f3n bilba\u00edna para su entrada en la segunda transici\u00f3n demogr\u00e1fica, que en el pa\u00eds vasco ha tenido un desarrollo particular durante los \u00faltimos 20 a\u00f1os.  hip\u00f3tesis b     seg\u00fan esta hip\u00f3tesis, entre la primera y la segunda industrializaci\u00f3n vasca, existieron paralelismos en el comportamiento de determinados indicadores demogr\u00e1ficos y socioecon\u00f3micos, que presentan al segundo proceso de crecimiento industrial como un fen\u00f3meno de continuidad y consolidaci\u00f3n de lo ya establecido en el primero.     por otro lado, los principales objetivos que el trabajo persigue son as\u00ed mismo los siguientes:     demostrar que los cambios y factores que provocaron la evoluci\u00f3n mostrada en las variables demogr\u00e1ficas y de car\u00e1cter socioecon\u00f3mico analizadas en el trabajo, confirman lo hasta ahora investigado en relaci\u00f3n a la primera industrializaci\u00f3n en bilbao y su \u00e1rea metropolitana de influencia.     observar y analizar cuales fueron las caracter\u00edsticas del cambio hist\u00f3rico producido en la poblaci\u00f3n de bilbao durante el franquismo, respecto a algunos de los principales indicadores que definieron su naturaleza             y estructura sociohist\u00f3rica y demogr\u00e1fica.     observar y definir de los antecedentes inmediatos de un intento de transici\u00f3n urbana, entre el auge del crecimiento acelerado bajo un modelo de producci\u00f3n fuertemente especializado, y el declive y fin de ese modelo, realidad demogr\u00e1fica y realidad urbana inseparable para construir y reconstruir la historia.<\/p>\n<p>&nbsp;<\/p>\n<h3>Datos acad\u00e9micos de la tesis doctoral \u00ab<strong>Bilbao, 1940-1975: del auge al inicio del declive. un estudio hist\u00f3rico demogr\u00e1fico<\/strong>\u00ab<\/h3>\n<ul>\n<li><strong>T\u00edtulo de la tesis:<\/strong>\u00a0 Bilbao, 1940-1975: del auge al inicio del declive. un estudio hist\u00f3rico demogr\u00e1fico <\/li>\n<li><strong>Autor:<\/strong>\u00a0  Bustillo Merino Victoria Eugenia <\/li>\n<li><strong>Universidad:<\/strong>\u00a0 Pa\u00eds vasco\/euskal herriko unibertsitatea<\/li>\n<li><strong>Fecha de lectura de la tesis:<\/strong>\u00a0 02\/12\/2005<\/li>\n<\/ul>\n<p>&nbsp;<\/p>\n<h3>Direcci\u00f3n y tribunal<\/h3>\n<ul>\n<li><strong>Director de la tesis<\/strong>\n<ul>\n<li>Manuel Gonzalez Portilla<\/li>\n<\/ul>\n<\/li>\n<li><strong>Tribunal<\/strong>\n<ul>\n<li>Presidente del tribunal: Juan  pablo Fusi aizpurua <\/li>\n<li>felix Luengo teixidor (vocal)<\/li>\n<li>isabel Moll blanes (vocal)<\/li>\n<li>lloren\u00ed\u00a7 Ferrer alos (vocal)<\/li>\n<\/ul>\n<\/li>\n<\/ul>\n<p>&nbsp;<\/p>\n","protected":false},"excerpt":{"rendered":"<p>Tesis doctoral de Bustillo Merino Victoria Eugenia Este es un trabajo de investigaci\u00f3n sobre demograf\u00eda hist\u00f3rica, que analiza la evoluci\u00f3n [&hellip;]<\/p>\n","protected":false},"author":1,"featured_media":0,"comment_status":"open","ping_status":"open","sticky":false,"template":"","format":"standard","meta":{"site-sidebar-layout":"default","site-content-layout":"","ast-site-content-layout":"","site-content-style":"default","site-sidebar-style":"default","ast-global-header-display":"","ast-banner-title-visibility":"","ast-main-header-display":"","ast-hfb-above-header-display":"","ast-hfb-below-header-display":"","ast-hfb-mobile-header-display":"","site-post-title":"","ast-breadcrumbs-content":"","ast-featured-img":"","footer-sml-layout":"","theme-transparent-header-meta":"","adv-header-id-meta":"","stick-header-meta":"","header-above-stick-meta":"","header-main-stick-meta":"","header-below-stick-meta":"","astra-migrate-meta-layouts":"default","ast-page-background-enabled":"default","ast-page-background-meta":{"desktop":{"background-color":"var(--ast-global-color-4)","background-image":"","background-repeat":"repeat","background-position":"center center","background-size":"auto","background-attachment":"scroll","background-type":"","background-media":"","overlay-type":"","overlay-color":"","overlay-gradient":""},"tablet":{"background-color":"","background-image":"","background-repeat":"repeat","background-position":"center center","background-size":"auto","background-attachment":"scroll","background-type":"","background-media":"","overlay-type":"","overlay-color":"","overlay-gradient":""},"mobile":{"background-color":"","background-image":"","background-repeat":"repeat","background-position":"center center","background-size":"auto","background-attachment":"scroll","background-type":"","background-media":"","overlay-type":"","overlay-color":"","overlay-gradient":""}},"ast-content-background-meta":{"desktop":{"background-color":"var(--ast-global-color-5)","background-image":"","background-repeat":"repeat","background-position":"center center","background-size":"auto","background-attachment":"scroll","background-type":"","background-media":"","overlay-type":"","overlay-color":"","overlay-gradient":""},"tablet":{"background-color":"var(--ast-global-color-5)","background-image":"","background-repeat":"repeat","background-position":"center center","background-size":"auto","background-attachment":"scroll","background-type":"","background-media":"","overlay-type":"","overlay-color":"","overlay-gradient":""},"mobile":{"background-color":"var(--ast-global-color-5)","background-image":"","background-repeat":"repeat","background-position":"center center","background-size":"auto","background-attachment":"scroll","background-type":"","background-media":"","overlay-type":"","overlay-color":"","overlay-gradient":""}},"footnotes":""},"categories":[50782,21413,23723,12909],"tags":[167038,28184,19036,6662,19037,3996],"class_list":["post-77584","post","type-post","status-publish","format-standard","hentry","category-analisis-demografico","category-caracteristicas-socioeconomicas-de-la-poblacion","category-migraciones","category-pais-vasco-euskal-herriko-unibertsitatea","tag-bustillo-merino-victoria-eugenia","tag-felix-luengo-teixidor","tag-isabel-moll-blanes","tag-juan-pablo-fusi-aizpurua","tag-lloreni-ferrer-alos","tag-manuel-gonzalez-portilla"],"_links":{"self":[{"href":"https:\/\/www.deberes.net\/tesis\/wp-json\/wp\/v2\/posts\/77584","targetHints":{"allow":["GET"]}}],"collection":[{"href":"https:\/\/www.deberes.net\/tesis\/wp-json\/wp\/v2\/posts"}],"about":[{"href":"https:\/\/www.deberes.net\/tesis\/wp-json\/wp\/v2\/types\/post"}],"author":[{"embeddable":true,"href":"https:\/\/www.deberes.net\/tesis\/wp-json\/wp\/v2\/users\/1"}],"replies":[{"embeddable":true,"href":"https:\/\/www.deberes.net\/tesis\/wp-json\/wp\/v2\/comments?post=77584"}],"version-history":[{"count":0,"href":"https:\/\/www.deberes.net\/tesis\/wp-json\/wp\/v2\/posts\/77584\/revisions"}],"wp:attachment":[{"href":"https:\/\/www.deberes.net\/tesis\/wp-json\/wp\/v2\/media?parent=77584"}],"wp:term":[{"taxonomy":"category","embeddable":true,"href":"https:\/\/www.deberes.net\/tesis\/wp-json\/wp\/v2\/categories?post=77584"},{"taxonomy":"post_tag","embeddable":true,"href":"https:\/\/www.deberes.net\/tesis\/wp-json\/wp\/v2\/tags?post=77584"}],"curies":[{"name":"wp","href":"https:\/\/api.w.org\/{rel}","templated":true}]}}